{"id":170864,"date":"2018-04-11T19:14:44","date_gmt":"2018-04-11T19:14:44","guid":{"rendered":"http:\/\/diariodominicano.ddns.net\/?p=170864"},"modified":"2018-04-11T19:14:44","modified_gmt":"2018-04-11T19:14:44","slug":"castanos-guzman-insta-a-hacer-compromiso-firme-para-organizar-unas-elecciones-transparentes-y-diafanas-en-2020","status":"publish","type":"post","link":"https:\/\/diariodominicano.com\/?p=170864","title":{"rendered":"Casta\u00f1os Guzm\u00e1n insta a hacer compromiso firme para organizar unas elecciones transparentes y di\u00e1fanas en 2020"},"content":{"rendered":"<p><body><\/p>\n<p><img decoding=\"async\" src=\"img3\/1.jpg\" \/><br \/><img decoding=\"async\" src=\"img3\/2.jpg\" \/><br \/><img decoding=\"async\" src=\"img3\/3.jpg\" \/>  <\/p>\n<p><strong><span class=\"text1noticias\">SANTO DOMINGO, RD, 11 de abril de 2018.<\/span><\/strong><span class=\"text1noticias\">&#8211; El presidente de la Junta Central Electoral (JCE), Julio C\u00e9sar Casta\u00f1os Guzm\u00e1n,  inst\u00f3 a los miembros titulares del Pleno de esa Instituci\u00f3n, as\u00ed como a sus suplentes, funcionarios y empleados, a hacer un compromiso firme para organizar y celebrar unas elecciones transparentes y di\u00e1fanas en el a\u00f1o 2020 y, de esa manera, ser recordados con honor.<\/span><\/p>\n<\/p>\n<p><span class=\"text1noticias\">\u00abDebemos dejar una huella constituida por el surco de nuestros afanes y que, a su vez, sea regado con el sudor de nuestro trabajo honesto e incansable; que marque esta \u00e9poca con un avance institucional y sostenido del Registro Civil y la C\u00e9dula de Identidad y Electoral\u00bb.<\/span><\/p>\n<\/p>\n<p><span class=\"text1noticias\">Sus palabras fueron pronunciadas como parte del discurso de agradecimiento en la Eucarist\u00eda con motivo de la conmemoraci\u00f3n del 95 aniversario de la JCE, celebrada este mi\u00e9rcoles en la Catedral Metropolitana Nuestra Se\u00f1ora de la Encarnaci\u00f3n Primada de Am\u00e9rica, por su Excelencia Reverend\u00edsima Monse\u00f1or Francisco Ozoria Acosta, Arzobispo Metropolitano de Santo domingo y Primado de Am\u00e9rica.<\/span><\/p>\n<\/p>\n<p><span class=\"text1noticias\">El presidente de la JCE reconoci\u00f3 en sus palabras las luces y sombras en la larga vida institucional de la JCE, pero destac\u00f3 que siempre han estado presentes los valores democr\u00e1ticos que han regido el orden institucional dominicano durante estos 95 a\u00f1os.<\/span><\/p>\n<\/p>\n<p><span class=\"text1noticias\">\u00abPreservar la nacionalidad dominicana de todas las asechanzas que se ciernen sobre ella; dejar una huella de imparcialidad y objetividad que despeje todas las dudas en la celebraci\u00f3n de las pr\u00f3ximas elecciones generales del a\u00f1o 2020\u00bb, precis\u00f3 Casta\u00f1os Guzm\u00e1n, como parte de los objetivos que deben marcar el actuar insitucional.<\/span><\/p>\n<\/p>\n<p><span class=\"text1noticias\">Para el presidente de la JCE, est\u00e1 en primer orden garantizar los derechos fundamentales a los ciudadanos como elegir y ser elegido, que es el gran reto de la Junta Central Electoral,  y la realizaci\u00f3n de todos los actos l\u00edcitos para solventar estos derechos, tarea que indic\u00f3 que no solo pertenece a la JCE, sino adem\u00e1s a las Juntas Electorales establecidas en todos los Municipios del pa\u00eds.<\/span><\/p>\n<\/p>\n<p><span class=\"text1noticias\">Explic\u00f3 que la Potestad Reglamentaria Originaria conferida por la Constituci\u00f3n de la Rep\u00fablica a la JCE establecida en el P\u00e1rrafo IV del art\u00edculo 212, compromete institucionalmente al \u00f3rgano electoral a reglamentar los tiempos y l\u00edmites en los gastos de campa\u00f1a, as\u00ed como el acceso equitativo a los medios de comunicaci\u00f3n y, de esta forma, velar por que los procesos electorales se realicen con sujeci\u00f3n a los principios de libertad y equidad en el desarrollo de las campa\u00f1as y transparencia en la utilizaci\u00f3n del financiamiento. <\/span><\/p>\n<\/p>\n<p><span class=\"text1noticias\">\u00abPara todos estos prop\u00f3sitos contamos adem\u00e1s, de manera principal, con la juventud dominicana. A todos sus integrantes hacemos un llamado, un llamado para que, continuando con el ideal Duartiano, se comprometan tambi\u00e9n con el destino de su pa\u00eds, trabajando en los Colegios Electorales, y desde ya los estamos llamando a que se integren de forma militante a defender su democracia\u00bb, afirm\u00f3 Casta\u00f1os Guzm\u00e1n.<\/span><\/p>\n<p><span class=\"text1noticias\">     <\/span><\/p>\n<p><span class=\"text1noticias\">En la celebraci\u00f3n del 95 aniversario de la JCE  estuvieron, adem\u00e1s del Presidente de la JCE, los miembros titulares del Pleno, magistrados Roberto Salad\u00edn Selin, Carmen Imbert Brugal, Rosario Graciano de los Santos y el suplente del magistrado Henry Mej\u00eda Oviedo, Juan Bautista Cuevas Medrano.<\/span><\/p>\n<\/p>\n<p><span class=\"text1noticias\">Tambi\u00e9n participaron dirigentes y delegados de partidos pol\u00edticos, representantes del Cuerpo Diplom\u00e1tico y Consular acreditados en el pa\u00eds, funcionarios de las Altas Cortes: Tribunal Constitucional, la Suprema Corte de Justicia , el Tribunal Superior Electoral y la C\u00e1mara de Cuentas de la Rep\u00fablica Dominicana, legisladores, funcionarios, as\u00ed como un nutrido n\u00famero de colaboradores de la Junta Central Electoral.  <\/span><\/p>\n<\/p>\n<\/p>\n<h6> 2018-04-11 19:14:44 <\/h6>\n<p><!--\n<link rel=\"stylesheet\" href=\"css\/bootstrap.min.css\">\n\n\n<ul class=\"pagination\">\n\t    \n\t\n\n<li >\n\t<a href='?page_no=6226'>Previous<\/a>\n\t<\/li>\n\n\n       \n    \n\n<li><a href='?page_no=1'>1<\/a><\/li>\n\n\n\n<li><a href='?page_no=2'>2<\/a><\/li>\n\n\n\n<li><a>...<\/a><\/li>\n\n\n\n<li><a href='?page_no=6225'>6225<\/a><\/li>\n\n\n\n<li><a href='?page_no=6226'>6226<\/a><\/li>\n\n\n\n<li class='active'><a>6227<\/a><\/li>\n\n\n\n<li><a href='?page_no=6228'>6228<\/a><\/li>\n\n\n\n<li><a href='?page_no=6229'>6229<\/a><\/li>\n\n\n\n<li><a>...<\/a><\/li>\n\n\n\n<li><a href='?page_no=36999'>36999<\/a><\/li>\n\n\n\n<li><a href='?page_no=37000'>37000<\/a><\/li>\n\n    \n\t\n\n<li >\n\t<a href='?page_no=6228'>Next<\/a>\n\t<\/li>\n\n\n    \n\n<li><a href='?page_no=37000'>Last &rsaquo;&rsaquo;<\/a><\/li>\n\n<\/ul>\n\n\n--><br \/>\n<\/body><\/p>\n","protected":false},"excerpt":{"rendered":"<p>SANTO DOMINGO, RD, 11 de abril de 2018.&#8211; El presidente de la Junta Central Electoral (JCE), Julio C\u00e9sar Casta\u00f1os Guzm\u00e1n, inst\u00f3 a los miembros titulares del Pleno de esa Instituci\u00f3n, as\u00ed como a sus suplentes, funcionarios y empleados, a hacer un compromiso firme para organizar y celebrar unas elecciones transparentes y di\u00e1fanas en el a\u00f1o [&hellip;]<\/p>\n","protected":false},"author":3,"featured_media":0,"comment_status":"open","ping_status":"open","sticky":false,"template":"","format":"standard","meta":{"footnotes":""},"categories":[22],"tags":[],"class_list":["post-170864","post","type-post","status-publish","format-standard","hentry","category-politica"],"_links":{"self":[{"href":"https:\/\/diariodominicano.com\/index.php?rest_route=\/wp\/v2\/posts\/170864","targetHints":{"allow":["GET"]}}],"collection":[{"href":"https:\/\/diariodominicano.com\/index.php?rest_route=\/wp\/v2\/posts"}],"about":[{"href":"https:\/\/diariodominicano.com\/index.php?rest_route=\/wp\/v2\/types\/post"}],"author":[{"embeddable":true,"href":"https:\/\/diariodominicano.com\/index.php?rest_route=\/wp\/v2\/users\/3"}],"replies":[{"embeddable":true,"href":"https:\/\/diariodominicano.com\/index.php?rest_route=%2Fwp%2Fv2%2Fcomments&post=170864"}],"version-history":[{"count":0,"href":"https:\/\/diariodominicano.com\/index.php?rest_route=\/wp\/v2\/posts\/170864\/revisions"}],"wp:attachment":[{"href":"https:\/\/diariodominicano.com\/index.php?rest_route=%2Fwp%2Fv2%2Fmedia&parent=170864"}],"wp:term":[{"taxonomy":"category","embeddable":true,"href":"https:\/\/diariodominicano.com\/index.php?rest_route=%2Fwp%2Fv2%2Fcategories&post=170864"},{"taxonomy":"post_tag","embeddable":true,"href":"https:\/\/diariodominicano.com\/index.php?rest_route=%2Fwp%2Fv2%2Ftags&post=170864"}],"curies":[{"name":"wp","href":"https:\/\/api.w.org\/{rel}","templated":true}]}}