{"id":170863,"date":"2018-04-11T19:45:05","date_gmt":"2018-04-11T19:45:05","guid":{"rendered":"http:\/\/diariodominicano.ddns.net\/?p=170863"},"modified":"2018-04-11T19:45:05","modified_gmt":"2018-04-11T19:45:05","slug":"califican-de-burdo-montaje-informe-sobre-muerte-de-dirigente-del-falpo-en-sfm-mario-vladimir-lantigua-baldera","status":"publish","type":"post","link":"https:\/\/diariodominicano.com\/?p=170863","title":{"rendered":"Califican de \u00abburdo montaje\u00bb informe sobre muerte de dirigente del Falpo en SFM Mario Vladimir Lantigua Baldera"},"content":{"rendered":"<p><body><\/p>\n<p><img decoding=\"async\" src=\"img3\/Rueda de Prensa del FALPO SFM 3.jpg\" \/><br \/><img decoding=\"async\" src=\"img3\/Rueda de Prensa del FALPO SFM 2.jpg\" \/><br \/><img decoding=\"async\" src=\"http:\/\/localhost:8080\/img3\/Vladimir%20Lantigua%20Baldera,%20dirigewnte%20del%20FALPO%20asesinado%20por%20laPolic%C3%83%C2%ADa..jpg\" \/>  <\/p>\n<p><strong><span class=\"text1noticias\">San Francisco de Macor\u00eds, RD, 11 de abril de 2018.-<\/span><\/strong><span class=\"text1noticias\">   El Frente Amplio de Lucha Popular (FALPO) rechaz\u00f3 este  mi\u00e9rcoles el informe sobre la muerte de Mario Vladimir Lantigua Baldera, dado a conocer ayer en la Procuradur\u00eda General de la Rep\u00fablica por la comisi\u00f3n investigadora, al considerar que se trata de \u00abun burdo montaje\u00bb y que el mismo carece de validez y de credibilidad.<\/span><\/p>\n<\/p>\n<p><span class=\"text1noticias\"> La comisi\u00f3n encargada de las indagatorias del crimen, integrada por el Ministerio P\u00fablico y la Polic\u00eda Nacional, afirm\u00f3 que el dirigente popular result\u00f3 muerto con un arma de fabricaci\u00f3n casera, aunque no present\u00f3 el arma ni acus\u00f3 a nadie del homicidio, refiere el FALPO.<\/span><\/p>\n<\/p>\n<p><span class=\"text1noticias\"> \u00abEl informe presentado por la comisi\u00f3n que encabeza el Fiscal Regis Victorio no contiene nada nuevo; se trata de la repetici\u00f3n de la misma versi\u00f3n, que a horas del asesinato de Vladimir, expresara el vocero de la Polic\u00eda Nacional, General Nelson Rosario, sin que entonces ni ahora hayan presentado pruebas que la hagan cre\u00edble\u00bb, expres\u00f3 el vocero nacional del FALPO, Ra\u00fal Monegro, en un encuentro con la prensa, en el que estuvo acompa\u00f1ado de una veintena de dirigentes de distintas organizaciones del movimiento social y popular francomacorisano.<\/span><\/p>\n<\/p>\n<p><span class=\"text1noticias\">Lantigua Baldera, estudiante de ciencias Sociales en la UASD y empleado de esa casa de estudios, result\u00f3 muerto de un disparo en San Francisco de Macor\u00eds, el 1 de agosto de 2017, primer d\u00eda de un paro municipal de actividades en demanda de diversas reivindicaciones, sin que hasta el momento el caso haya sido esclarecido ni los responsables del hecho hayan sido sometidos a la justicia.<\/span><\/p>\n<\/p>\n<p><span class=\"text1noticias\">El portavoz del FALPO indic\u00f3, que para el movimiento social y popular de San Francisco de Macor\u00eds, el informe de la comisi\u00f3n que hizo la investigaci\u00f3n de la Procuradur\u00eda y la Polic\u00eda Nacional, carece de validez y de credibilidad. <\/span><\/p>\n<p><span class=\"text1noticias\"> <\/span><\/p>\n<p><span class=\"text1noticias\">\u00ab\u00bfC\u00f3mo es posible, que la Polic\u00eda realizara las indagatorias del asesinato de Vladimir Lantigua, y encabezara la rueda de prensa, siendo una patrulla policial la se\u00f1alada por los familiares del dirigente popular como responsables de su muerte?\u00bb, se pregunt\u00f3 el portavoz del FALPO.<\/span><\/p>\n<\/p>\n<p><span class=\"text1noticias\"> Consider\u00f3 que la Polic\u00eda no puede ser juez y parte, tras se\u00f1alar, como establece la ley, las investigaciones est\u00e1n a cargo del Ministerio P\u00fablico.  <\/span><\/p>\n<\/p>\n<p><span class=\"text1noticias\">\u00abUna vez m\u00e1s, queda evidenciado el grado de complicidad que ha existido entre el Fiscal Regis Victorio con la Polic\u00eda Nacional, se trata de un burdo montaje para encubrir el asesinato y la marcada intenci\u00f3n de fabricar un culpable\u00bb, sostuvo.<\/span><\/p>\n<\/p>\n<p><span class=\"text1noticias\">Record\u00f3 que el m\u00e9dico forense, Winston Benitez, oficial de la Polic\u00eda Nacional y presente en la rueda de prensa en la que el Ministerio P\u00fablico dio a conocer el informe, tras realizar la autopsia pericial al cad\u00e1ver de Vladimir Lantigua, le comunic\u00f3 a la licenciada Andrea Escol\u00e1stico Fabi\u00e1n, viuda de Lantigua, que el tipo de arma usada fue de fabricaci\u00f3n casera, cuando a\u00fan el Instituto Nacional de Ciencia Forense (INACIF), a quien corresponde hacerlo, no hab\u00eda practicado la experticia ni mucho menos enviado el resultado al Ministerio P\u00fablico, algo que para el dirigente popular, por s\u00ed s\u00f3lo, desacredita el resultado de la autopsia y el informe de la comisi\u00f3n investigadora.<\/span><\/p>\n<p><span class=\"text1noticias\">La  licenciada Andrea Escol\u00e1stico Fabi\u00e1n, viuda de Lantigua Baldera, se quej\u00f3 de que no fue notificada por el Ministerio P\u00fablico, de que se dar\u00eda a conocer un informe sobre la investigaci\u00f3n ni sobre el contenido del mismo.<\/span><\/p>\n<\/p>\n<p><span class=\"text1noticias\">\u00abNo fui notificada para nada por el Fiscal Regis Victorio, ni siquiera se avis\u00f3, yo me enter\u00e9 por las redes sociales imag\u00ednese lo que yo sent\u00ed al ver eso por las redes, ese informe es como una burla, es para enga\u00f1ar, tapar; estamos seguro de que fue un polic\u00eda el que dispar\u00f3.  Lo que exigimos ahora es que se dejen de relajo y que realmente presenten al culpable de asesinar a mi esposo, Mario Vladimir Lantigua Baldera\u00bb, manifest\u00f3.<\/span><\/p>\n<\/p>\n<p><span class=\"text1noticias\"> Ra\u00fal Monegro anunci\u00f3 la continuaci\u00f3n de las protestas, las movilizaciones y acciones legales junto a los familiares, en procura de que los verdaderos responsables del asesinato de Vladimir Lantigua sean llevados a los tribunales y, en ese sentido, anunci\u00f3 un piquete frente a la Gobernaci\u00f3n Provincial, que tendr\u00e1 lugar a las 10;00 de la ma\u00f1ana de este jueves, 12 de abril, en tanto que el pr\u00f3ximo 25 de abril, montar\u00e1n una vigilia frente a la Procuradur\u00eda General de la Rep\u00fablica, exigiendo una real investigaci\u00f3n del caso Vladimir Lantigua y por la destituci\u00f3n del Fiscal Regis Victorio.<\/span><\/p>\n<\/p>\n<h6> 2018-04-11 19:45:05 <\/h6>\n<p><!--\n<link rel=\"stylesheet\" href=\"css\/bootstrap.min.css\">\n\n\n<ul class=\"pagination\">\n\t    \n\t\n\n<li >\n\t<a href='?page_no=6225'>Previous<\/a>\n\t<\/li>\n\n\n       \n    \n\n<li><a href='?page_no=1'>1<\/a><\/li>\n\n\n\n<li><a href='?page_no=2'>2<\/a><\/li>\n\n\n\n<li><a>...<\/a><\/li>\n\n\n\n<li><a href='?page_no=6224'>6224<\/a><\/li>\n\n\n\n<li><a href='?page_no=6225'>6225<\/a><\/li>\n\n\n\n<li class='active'><a>6226<\/a><\/li>\n\n\n\n<li><a href='?page_no=6227'>6227<\/a><\/li>\n\n\n\n<li><a href='?page_no=6228'>6228<\/a><\/li>\n\n\n\n<li><a>...<\/a><\/li>\n\n\n\n<li><a href='?page_no=36999'>36999<\/a><\/li>\n\n\n\n<li><a href='?page_no=37000'>37000<\/a><\/li>\n\n    \n\t\n\n<li >\n\t<a href='?page_no=6227'>Next<\/a>\n\t<\/li>\n\n\n    \n\n<li><a href='?page_no=37000'>Last &rsaquo;&rsaquo;<\/a><\/li>\n\n<\/ul>\n\n\n--><br \/>\n<\/body><\/p>\n","protected":false},"excerpt":{"rendered":"<p>San Francisco de Macor\u00eds, RD, 11 de abril de 2018.- El Frente Amplio de Lucha Popular (FALPO) rechaz\u00f3 este mi\u00e9rcoles el informe sobre la muerte de Mario Vladimir Lantigua Baldera, dado a conocer ayer en la Procuradur\u00eda General de la Rep\u00fablica por la comisi\u00f3n investigadora, al considerar que se trata de \u00abun burdo montaje\u00bb y [&hellip;]<\/p>\n","protected":false},"author":3,"featured_media":0,"comment_status":"open","ping_status":"open","sticky":false,"template":"","format":"standard","meta":{"footnotes":""},"categories":[22],"tags":[],"class_list":["post-170863","post","type-post","status-publish","format-standard","hentry","category-politica"],"_links":{"self":[{"href":"https:\/\/diariodominicano.com\/index.php?rest_route=\/wp\/v2\/posts\/170863","targetHints":{"allow":["GET"]}}],"collection":[{"href":"https:\/\/diariodominicano.com\/index.php?rest_route=\/wp\/v2\/posts"}],"about":[{"href":"https:\/\/diariodominicano.com\/index.php?rest_route=\/wp\/v2\/types\/post"}],"author":[{"embeddable":true,"href":"https:\/\/diariodominicano.com\/index.php?rest_route=\/wp\/v2\/users\/3"}],"replies":[{"embeddable":true,"href":"https:\/\/diariodominicano.com\/index.php?rest_route=%2Fwp%2Fv2%2Fcomments&post=170863"}],"version-history":[{"count":0,"href":"https:\/\/diariodominicano.com\/index.php?rest_route=\/wp\/v2\/posts\/170863\/revisions"}],"wp:attachment":[{"href":"https:\/\/diariodominicano.com\/index.php?rest_route=%2Fwp%2Fv2%2Fmedia&parent=170863"}],"wp:term":[{"taxonomy":"category","embeddable":true,"href":"https:\/\/diariodominicano.com\/index.php?rest_route=%2Fwp%2Fv2%2Fcategories&post=170863"},{"taxonomy":"post_tag","embeddable":true,"href":"https:\/\/diariodominicano.com\/index.php?rest_route=%2Fwp%2Fv2%2Ftags&post=170863"}],"curies":[{"name":"wp","href":"https:\/\/api.w.org\/{rel}","templated":true}]}}