{"id":170862,"date":"2018-04-11T20:10:40","date_gmt":"2018-04-11T20:10:40","guid":{"rendered":"http:\/\/diariodominicano.ddns.net\/?p=170862"},"modified":"2018-04-11T20:10:40","modified_gmt":"2018-04-11T20:10:40","slug":"discurso-del-magistrado-julio-cesar-castanos-guzman","status":"publish","type":"post","link":"https:\/\/diariodominicano.com\/?p=170862","title":{"rendered":"Discurso del  Magistrado Julio C\u00e9sar Casta\u00f1os Guzm\u00e1n"},"content":{"rendered":"<p><body><\/p>\n<p><img decoding=\"async\" src=\"img3\/3.jpg\" \/>  <\/p>\n<p><strong>Discurso Magistrado Julio C\u00e9sar Casta\u00f1os Guzm\u00e1n, <\/strong><\/p>\n<p><strong>Presidente de la Junta Central Electoral (JCE), en la Eucarist\u00eda en Conmemoraci\u00f3n del 95 Aniversario de la JCE, el <\/strong><\/p>\n<p><strong>Mi\u00e9rcoles, 11 de abril de 2018.<\/strong><\/p>\n<\/p>\n<p><strong>Se\u00f1oras y se\u00f1ores:<\/strong><\/p>\n<\/p>\n<p>     Antes que todo, debemos agradecer a Monse\u00f1or Francisco Ozoria Acosta, Arzobispo Metropolitano de Santo Domingo, Primado de Am\u00e9rica, por la condescendencia y generosidad que ha tenido con nuestra instituci\u00f3n de celebrar esta Eucarist\u00eda en Acci\u00f3n de Gracias por el 95 Aniversario de esta Junta Central Electoral. <\/p>\n<\/p>\n<p>     Celebramos adem\u00e1s, la presencia de las distinguidas personalidades que nos acompa\u00f1an hoy, invitados especiales, miembros del cuerpo diplom\u00e1tico y consular acreditado, funcionarios, dirigentes y delegados de los partidos pol\u00edticos,  funcionarios y empleados de la JCE,  sociedad civil y medios de comunicaci\u00f3n. <\/p>\n<p><strong>    \u00a1Bienvenidos todos!<\/strong><\/p>\n<\/p>\n<p>     La intenci\u00f3n de este  acto lit\u00fargico carecer\u00eda de parte nuestra en sus prop\u00f3sitos  de sinceridad y objeto,  si el mismo no tuviese en cuenta que entre el 1923 y este 2018, el Sistema Electoral Dominicano ha pasado por distintas etapas y en efecto hemos tenido Sombra&#8230;  hemos tenido Luz. <\/p>\n<\/p>\n<p>    Sombra, porque tuvimos una tiran\u00eda durante 31 a\u00f1os que celebraba elecciones fingidas a trav\u00e9s de un partido \u00fanico y candidatos electos a trav\u00e9s de la coacci\u00f3n; <\/p>\n<\/p>\n<p>    Sombra, porque  el golpe de estado de septiembre del 1963, se llev\u00f3 de encuentro el anhelo de una naci\u00f3n que 7 meses antes hab\u00eda elegido libremente su primer gobierno democr\u00e1tico; <\/p>\n<p>     Sombra, por la Guerra de Abril de 1965, con una intervenci\u00f3n militar extrajera; <\/p>\n<\/p>\n<p>     Sombra, por la dudosa legalidad en el pasado de algunos cert\u00e1menes electorales con resultados que determinaron crisis postelectorales. <\/p>\n<\/p>\n<p>    Pero hemos tenido m\u00e1s luces que sombras porque el Sufragio Universal y el Voto Directo, que son elementos fundamentales de una rep\u00fablica libre e independiente, se han mantenido durante todos estos a\u00f1os con  la celebraci\u00f3n peri\u00f3dica de elecciones;   <\/p>\n<\/p>\n<p>     Luz, porque los valores democr\u00e1ticos  han estado presentes, cuando menos literalmente, en todas las Constituciones que han regido el orden institucional dominicano durante estos 95 a\u00f1os; <\/p>\n<\/p>\n<p>     Luz, porque a pesar de todos los momentos dif\u00edciles que han marcado  el devenir de este pa\u00eds, siempre ha estado presente el anhelo de libertad e igualdad;  <\/p>\n<\/p>\n<p>    Luz, porque en los instantes m\u00e1s oscuros, las elecciones muchas veces  han venido como una soluci\u00f3n que ha rescatado el pa\u00eds de los abismos;<\/p>\n<\/p>\n<p>    Luz, porque la esperanza y el deseo de seguir adelante viviendo en libertad no ha sido aplastada por per\u00edodos de verdadero despotismo, violencia e incomprensi\u00f3n; <\/p>\n<\/p>\n<p>    Luz, porque el gran protagonista de esta historia es el Pueblo Dominicano. Es la Naci\u00f3n Dominicana imbuida de fervor patrio, de anhelos de convivencia civilizada y amor que ha mantenido inc\u00f3lume  una voluntad probada de que la democracia, la plena democracia, sea una realidad en la Rep\u00fablica Dominicana. <\/p>\n<\/p>\n<p>    Esta Eucarist\u00eda tampoco cumplir\u00eda con su objetivo si de parte nuestra no se consolida el compromiso de servirle a este pa\u00eds desde la verdad, la honestidad, la transparencia y el trabajo incesante. <\/p>\n<\/p>\n<p>     Por tal raz\u00f3n deseamos proponer hoy, solemnemente, a todos los Miembros, Miembros Suplentes y a los funcionarios y empleados de la Junta Central Electoral,  que hagamos un compromiso formal para dejar una huella: el hito para ser recordados en el honor.   <\/p>\n<\/p>\n<p>     Una huella constituida por el surco de nuestros afanes y que a su vez  sea regado con el sudor de nuestro trabajo honesto e incansable; <\/p>\n<\/p>\n<p>    Una huella que marque esta \u00e9poca con un avance institucional y sostenido del Registro Civil y la C\u00e9dula de Identidad y Electoral; <\/p>\n<\/p>\n<p>    Una huella que preserve la Nacionalidad Dominicana de todas las asechanzas que se ciernen sobre ella; <\/p>\n<\/p>\n<p>   Una huella de imparcialidad y objetividad  que despeje todas las dudas en la celebraci\u00f3n de las pr\u00f3ximas elecciones generales del a\u00f1o 2020; <\/p>\n<\/p>\n<p>    Una huella por garantizar el ejercicio de los Derechos Fundamentales de elegir y ser elegido, que es el gran reto de la Junta Central Electoral,  y la realizaci\u00f3n  de todos los actos l\u00edcitos para solventar estos derechos, que es una ardua tarea, no solo de la JCE, sino adem\u00e1s de las Juntas Electorales establecidas en todos los Municipios del pa\u00eds, as\u00ed como de los Colegios Electorales. <\/p>\n<\/p>\n<p>     Las pr\u00f3ximas elecciones ser\u00e1n organizadas, dirigidas y supervisadas por la JCE y la Juntas Electorales bajo su dependencia, las cuales tienen la responsabilidad de garantizar la libertad, transparencia, equidad y objetividad de las elecciones. <\/p>\n<\/p>\n<p>     La Potestad Reglamentaria Originaria conferida por la Constituci\u00f3n de la Rep\u00fablica a la JCE establecida en el P\u00e1rrafo IV del art\u00edculo 212, nos compromete institucionalmente a reglamentar los tiempos y l\u00edmites en los gastos de campa\u00f1a, as\u00ed como el acceso equitativo a los medios de comunicaci\u00f3n y, de esta forma, velar por que los procesos electorales se realicen con sujeci\u00f3n a los principios de libertad y equidad en el desarrollo de las campa\u00f1as y transparencia en la utilizaci\u00f3n del financiamiento. <\/p>\n<\/p>\n<p>     Para todos estos prop\u00f3sitos contamos adem\u00e1s, de manera principal, con la juventud dominicana. A todos sus integrantes hacemos un llamado, un llamado para que, continuando con el ideal Duartiano, se comprometan tambi\u00e9n con el destino de su pa\u00eds, trabajando en los Colegios Electorales, y desde ya los estamos llamando a que se integren de forma militante a defender su democracia.<\/p>\n<\/p>\n<p>    Por tales motivos, la plena reivindicaci\u00f3n del ideal democr\u00e1tico resulta inimaginable sin que la Justicia, que es la primera de las virtudes p\u00fablicas, no se constituya en una voluntad decidida y tenaz para instaurarla en las pr\u00f3ximas elecciones.<\/p>\n<\/p>\n<p>    La Democracia  no es simplemente una forma de gobierno basada en una Constituci\u00f3n razonable.  Es una forma de vida unida a una gran tradici\u00f3n y la tradici\u00f3n es la fuerza moral.  El destino de la raza humana depende de la fuerza moral de los seres humanos.  <\/p>\n<\/p>\n<p>    Ya para concluir, nunca olvidemos que la Rep\u00fablica Dominicana, tal y como hemos dicho precedentemente, ama su democracia, ha luchado por ella y la desea. La espera como el fuego cotidiano del hogar campesino que atempera el rigor de las madrugadas con el resplandor del amanecer. <\/p>\n<\/p>\n<p>    Es que una alborada brotar\u00e1 esplendente en las pr\u00f3ximas elecciones, en cada una de las urnas que, diseminadas en el territorio patrio, ser\u00e1n custodiadas, como un tesoro, por esta Junta Central Electoral,  por cada una de las Juntas Electorales en los 158 Municipios y en cada Colegio Electoral de los m\u00e1s de 16,000 que articulan las Asambleas Electorales.<\/p>\n<\/p>\n<p>    Celebremos pues y alegr\u00e9monos con este 95 Aniversario. Sigamos adelante, con la esperanza puesta en las grandes virtudes de este pueblo. Y sobre todo, con la fe inquebrantable en que Dios nunca, nunca,  desampara a aquellos que cumplen con su deber. <\/p>\n<p><strong>    <\/strong><\/p>\n<p><strong>    Muchas Gracias.<\/strong><\/p>\n<\/p>\n<p><strong>Discurso Magistrado Julio C\u00e9sar Casta\u00f1os Guzm\u00e1n, Presidente de la Junta Central Electoral (JCE), en la Eucarist\u00eda en Conmemoraci\u00f3n del 95 Aniversario de la JCE, el Mi\u00e9rcoles, 11 de abril de 2018.<\/strong><\/p>\n<h6> 2018-04-11 20:10:40 <\/h6>\n<p><!--\n<link rel=\"stylesheet\" href=\"css\/bootstrap.min.css\">\n\n\n<ul class=\"pagination\">\n\t    \n\t\n\n<li >\n\t<a href='?page_no=6224'>Previous<\/a>\n\t<\/li>\n\n\n       \n    \n\n<li><a href='?page_no=1'>1<\/a><\/li>\n\n\n\n<li><a href='?page_no=2'>2<\/a><\/li>\n\n\n\n<li><a>...<\/a><\/li>\n\n\n\n<li><a href='?page_no=6223'>6223<\/a><\/li>\n\n\n\n<li><a href='?page_no=6224'>6224<\/a><\/li>\n\n\n\n<li class='active'><a>6225<\/a><\/li>\n\n\n\n<li><a href='?page_no=6226'>6226<\/a><\/li>\n\n\n\n<li><a href='?page_no=6227'>6227<\/a><\/li>\n\n\n\n<li><a>...<\/a><\/li>\n\n\n\n<li><a href='?page_no=36999'>36999<\/a><\/li>\n\n\n\n<li><a href='?page_no=37000'>37000<\/a><\/li>\n\n    \n\t\n\n<li >\n\t<a href='?page_no=6226'>Next<\/a>\n\t<\/li>\n\n\n    \n\n<li><a href='?page_no=37000'>Last &rsaquo;&rsaquo;<\/a><\/li>\n\n<\/ul>\n\n\n--><br \/>\n<\/body><\/p>\n","protected":false},"excerpt":{"rendered":"<p>Discurso Magistrado Julio C\u00e9sar Casta\u00f1os Guzm\u00e1n, Presidente de la Junta Central Electoral (JCE), en la Eucarist\u00eda en Conmemoraci\u00f3n del 95 Aniversario de la JCE, el Mi\u00e9rcoles, 11 de abril de 2018. Se\u00f1oras y se\u00f1ores: Antes que todo, debemos agradecer a Monse\u00f1or Francisco Ozoria Acosta, Arzobispo Metropolitano de Santo Domingo, Primado de Am\u00e9rica, por la condescendencia [&hellip;]<\/p>\n","protected":false},"author":3,"featured_media":0,"comment_status":"open","ping_status":"open","sticky":false,"template":"","format":"standard","meta":{"footnotes":""},"categories":[22],"tags":[],"class_list":["post-170862","post","type-post","status-publish","format-standard","hentry","category-politica"],"_links":{"self":[{"href":"https:\/\/diariodominicano.com\/index.php?rest_route=\/wp\/v2\/posts\/170862","targetHints":{"allow":["GET"]}}],"collection":[{"href":"https:\/\/diariodominicano.com\/index.php?rest_route=\/wp\/v2\/posts"}],"about":[{"href":"https:\/\/diariodominicano.com\/index.php?rest_route=\/wp\/v2\/types\/post"}],"author":[{"embeddable":true,"href":"https:\/\/diariodominicano.com\/index.php?rest_route=\/wp\/v2\/users\/3"}],"replies":[{"embeddable":true,"href":"https:\/\/diariodominicano.com\/index.php?rest_route=%2Fwp%2Fv2%2Fcomments&post=170862"}],"version-history":[{"count":0,"href":"https:\/\/diariodominicano.com\/index.php?rest_route=\/wp\/v2\/posts\/170862\/revisions"}],"wp:attachment":[{"href":"https:\/\/diariodominicano.com\/index.php?rest_route=%2Fwp%2Fv2%2Fmedia&parent=170862"}],"wp:term":[{"taxonomy":"category","embeddable":true,"href":"https:\/\/diariodominicano.com\/index.php?rest_route=%2Fwp%2Fv2%2Fcategories&post=170862"},{"taxonomy":"post_tag","embeddable":true,"href":"https:\/\/diariodominicano.com\/index.php?rest_route=%2Fwp%2Fv2%2Ftags&post=170862"}],"curies":[{"name":"wp","href":"https:\/\/api.w.org\/{rel}","templated":true}]}}