{"id":170859,"date":"2018-04-12T13:02:28","date_gmt":"2018-04-12T13:02:28","guid":{"rendered":"http:\/\/diariodominicano.ddns.net\/?p=170859"},"modified":"2018-04-12T13:02:28","modified_gmt":"2018-04-12T13:02:28","slug":"la-juventud-que-protesta-por-sus-derechos-%c2%a8es-perseguido-por-el-regimen-de-maduro-y-obligado-a-huir%c2%a8","status":"publish","type":"post","link":"https:\/\/diariodominicano.com\/?p=170859","title":{"rendered":"La juventud que protesta por sus derechos : \u00a8es perseguido por el r\u00e9gimen de maduro y obligado a huir\u00a8"},"content":{"rendered":"<p><body><\/p>\n<p><img decoding=\"async\" src=\"img3\/vene111.jpg\" \/>  <\/p>\n<p>Con una cara joven y que ya demarca la experiencia de enfrentarse al r\u00e9gimen imperante en Venezuela, nos comunica todo lo que ha tenido que hacer para enfrentar al gobierno nacional,  quien ha iniciado una cacer\u00eda brutal contra muchas personas que directamente e indirectamente apoyaban la resistencia propuesta por el difunto Oscar Perez y que participaron en las protestas realizadas entre el mes de marzo y julio de 2017, ordenando la detenci\u00f3n y tortura f\u00edsica y mental de estas personas. As\u00ed nos empieza relatando V\u00edctor Fonseca. <\/p>\n<\/p>\n<p>Adem\u00e1s nos refiere Fonseca que junto a otros compatriotas sin distinci\u00f3n de sexo o edad incluyendo adolescentes y ancianos, particip\u00f3 activamente como miembro de la resistencia juvenil en las protestas efectuadas entre Marzo y Julio del 2017, donde hubo un saldo de mas de 120 j\u00f3venes muertos, esto trajo como consecuencia  ser objeto de una persecuci\u00f3n pol\u00edtica y policial por parte de las autoridades de represi\u00f3n del gobierno y de sus grupo paramilitares mal llamados Colectivos, desde el mes de Enero de 2018, que ha puesto en peligro su vida y la de su entorno familiar. <\/p>\n<\/p>\n<p>V\u00edctor Felix Fonseca , solicita  ayuda de los diferentes organismos internacionales o nacionales de protecci\u00f3n sobre los Derechos Humanos incluyendo la Comisi\u00f3n sobre Derechos Humanos de la Organizaci\u00f3n de Estados Americano (CIDH, OEA), y a todos organismos de DDHH de la Uni\u00f3n Europea,  ( CEAR) , al Parlamento Europeo y a todos los que puedan contribuir  a  resguardar su vida y la de muchos otros j\u00f3venes que est\u00e1n en igual condici\u00f3n.  <\/p>\n<\/p>\n<p>Fuente: CDHHVZLA<\/p>\n<h6> 2018-04-12 13:02:28 <\/h6>\n<p><!--\n<link rel=\"stylesheet\" href=\"css\/bootstrap.min.css\">\n\n\n<ul class=\"pagination\">\n\t    \n\t\n\n<li >\n\t<a href='?page_no=6221'>Previous<\/a>\n\t<\/li>\n\n\n       \n    \n\n<li><a href='?page_no=1'>1<\/a><\/li>\n\n\n\n<li><a href='?page_no=2'>2<\/a><\/li>\n\n\n\n<li><a>...<\/a><\/li>\n\n\n\n<li><a href='?page_no=6220'>6220<\/a><\/li>\n\n\n\n<li><a href='?page_no=6221'>6221<\/a><\/li>\n\n\n\n<li class='active'><a>6222<\/a><\/li>\n\n\n\n<li><a href='?page_no=6223'>6223<\/a><\/li>\n\n\n\n<li><a href='?page_no=6224'>6224<\/a><\/li>\n\n\n\n<li><a>...<\/a><\/li>\n\n\n\n<li><a href='?page_no=36999'>36999<\/a><\/li>\n\n\n\n<li><a href='?page_no=37000'>37000<\/a><\/li>\n\n    \n\t\n\n<li >\n\t<a href='?page_no=6223'>Next<\/a>\n\t<\/li>\n\n\n    \n\n<li><a href='?page_no=37000'>Last &rsaquo;&rsaquo;<\/a><\/li>\n\n<\/ul>\n\n\n--><br \/>\n<\/body><\/p>\n","protected":false},"excerpt":{"rendered":"<p>Con una cara joven y que ya demarca la experiencia de enfrentarse al r\u00e9gimen imperante en Venezuela, nos comunica todo lo que ha tenido que hacer para enfrentar al gobierno nacional, quien ha iniciado una cacer\u00eda brutal contra muchas personas que directamente e indirectamente apoyaban la resistencia propuesta por el difunto Oscar Perez y que [&hellip;]<\/p>\n","protected":false},"author":3,"featured_media":0,"comment_status":"open","ping_status":"open","sticky":false,"template":"","format":"standard","meta":{"footnotes":""},"categories":[22],"tags":[],"class_list":["post-170859","post","type-post","status-publish","format-standard","hentry","category-politica"],"_links":{"self":[{"href":"https:\/\/diariodominicano.com\/index.php?rest_route=\/wp\/v2\/posts\/170859","targetHints":{"allow":["GET"]}}],"collection":[{"href":"https:\/\/diariodominicano.com\/index.php?rest_route=\/wp\/v2\/posts"}],"about":[{"href":"https:\/\/diariodominicano.com\/index.php?rest_route=\/wp\/v2\/types\/post"}],"author":[{"embeddable":true,"href":"https:\/\/diariodominicano.com\/index.php?rest_route=\/wp\/v2\/users\/3"}],"replies":[{"embeddable":true,"href":"https:\/\/diariodominicano.com\/index.php?rest_route=%2Fwp%2Fv2%2Fcomments&post=170859"}],"version-history":[{"count":0,"href":"https:\/\/diariodominicano.com\/index.php?rest_route=\/wp\/v2\/posts\/170859\/revisions"}],"wp:attachment":[{"href":"https:\/\/diariodominicano.com\/index.php?rest_route=%2Fwp%2Fv2%2Fmedia&parent=170859"}],"wp:term":[{"taxonomy":"category","embeddable":true,"href":"https:\/\/diariodominicano.com\/index.php?rest_route=%2Fwp%2Fv2%2Fcategories&post=170859"},{"taxonomy":"post_tag","embeddable":true,"href":"https:\/\/diariodominicano.com\/index.php?rest_route=%2Fwp%2Fv2%2Ftags&post=170859"}],"curies":[{"name":"wp","href":"https:\/\/api.w.org\/{rel}","templated":true}]}}