{"id":170858,"date":"2018-04-13T01:04:34","date_gmt":"2018-04-13T01:04:34","guid":{"rendered":"http:\/\/diariodominicano.ddns.net\/?p=170858"},"modified":"2018-04-13T01:04:34","modified_gmt":"2018-04-13T01:04:34","slug":"informa-el-secretario-de-estado-john-j-sullivan-y-el-administrador-de-usaid-verde-se-reunen-con-miembros-de-la-sociedad-civil-independientes-cubanos","status":"publish","type":"post","link":"https:\/\/diariodominicano.com\/?p=170858","title":{"rendered":"Informa el Secretario de Estado John J. Sullivan y el administrador de USAID Verde se reunen con miembros de la sociedad civil independientes cubanos"},"content":{"rendered":"<p><body><\/p>\n<p><img decoding=\"async\" src=\"img3\/portavozusa0.jpg\" \/>  <\/p>\n<p>El siguiente es atribuible al portavoz Heather Nauert:<\/p>\n<\/p>\n<\/p>\n<p><strong>WASHINGTON, DC, 12 de abril de 2018.-El <\/strong>Secretario de Estado John J. Sullivan y el administrador de USAID Verde se reunieron hoy con los miembros de la sociedad civil independientes cubanos al margen de la Cumbre de las Am\u00e9ricas en Lima, Per\u00fa para demostrar el apoyo para el pueblo cubano en vista de la continua represi\u00f3n por parte de su gobierno, declar\u00f3 la portavoz del Departamento de Estado, Heather Nauert.<\/p>\n<\/p>\n<p>En un comunicado de prensa indic\u00f3 que el Secretario interino aplaudi\u00f3  \u00abel trabajo de estos activistas y pensadores independientes hacen para promover un futuro m\u00e1s abierto, libre y pr\u00f3spero para su pa\u00eds\u00bb.<\/p>\n<\/p>\n<p>La Portavoz  dijo que los  participantes de la sociedad civil se\u00f1alaron sus amigos y colegas que no pudieron asistir a la Cumbre por el gobierno cubano. <\/p>\n<p><strong>Diariodominicano.com reproduce el texto \u00edntegro del Comunicado del Departamento de Estado:<\/strong><\/p>\n<p><strong> <\/strong>Secretario de Estado John J. Sullivan y el administrador de USAID Verde se reunieron hoy con los miembros de la sociedad civil independientes cubanos al margen de la Cumbre de las Am\u00e9ricas en Lima, Per\u00fa para demostrar el apoyo para el pueblo cubano en vista de la continua represi\u00f3n por parte de su gobierno.<\/p>\n<\/p>\n<p>El Secretario interino aplaudi\u00f3 el trabajo de estos activistas y pensadores independientes hacen para promover un futuro m\u00e1s abierto, libre y pr\u00f3spero para su pa\u00eds. Los participantes de la sociedad civil se\u00f1alaron sus amigos y colegas que no pudieron asistir a la Cumbre por el gobierno cubano. El Secretario interino conden\u00f3 el acoso y la intimidaci\u00f3n por parte de los servicios de seguridad del Estado se enfrentan estas personas de forma rutinaria.<\/p>\n<\/p>\n<p>A la luz de la transici\u00f3n de liderazgo democr\u00e1tico que tendr\u00e1 lugar el 19 de abril en Cuba, Secretario Sullivan reiter\u00f3 el apoyo para el pueblo cubano y el llamado a reformas democr\u00e1ticas a proceso electoral viciado de Cuba y el fin de la detenci\u00f3n arbitraria y la intimidaci\u00f3n de la sociedad civil independiente.<\/p>\n<\/p>\n<p>La Oficina de Gesti\u00f3n de Sitio Web de la Oficina de Asuntos P\u00fablicos<\/p>\n<h6> 2018-04-13 01:04:34 <\/h6>\n<p><!--\n<link rel=\"stylesheet\" href=\"css\/bootstrap.min.css\">\n\n\n<ul class=\"pagination\">\n\t    \n\t\n\n<li >\n\t<a href='?page_no=6220'>Previous<\/a>\n\t<\/li>\n\n\n       \n    \n\n<li><a href='?page_no=1'>1<\/a><\/li>\n\n\n\n<li><a href='?page_no=2'>2<\/a><\/li>\n\n\n\n<li><a>...<\/a><\/li>\n\n\n\n<li><a href='?page_no=6219'>6219<\/a><\/li>\n\n\n\n<li><a href='?page_no=6220'>6220<\/a><\/li>\n\n\n\n<li class='active'><a>6221<\/a><\/li>\n\n\n\n<li><a href='?page_no=6222'>6222<\/a><\/li>\n\n\n\n<li><a href='?page_no=6223'>6223<\/a><\/li>\n\n\n\n<li><a>...<\/a><\/li>\n\n\n\n<li><a href='?page_no=36999'>36999<\/a><\/li>\n\n\n\n<li><a href='?page_no=37000'>37000<\/a><\/li>\n\n    \n\t\n\n<li >\n\t<a href='?page_no=6222'>Next<\/a>\n\t<\/li>\n\n\n    \n\n<li><a href='?page_no=37000'>Last &rsaquo;&rsaquo;<\/a><\/li>\n\n<\/ul>\n\n\n--><br \/>\n<\/body><\/p>\n","protected":false},"excerpt":{"rendered":"<p>El siguiente es atribuible al portavoz Heather Nauert: WASHINGTON, DC, 12 de abril de 2018.-El Secretario de Estado John J. Sullivan y el administrador de USAID Verde se reunieron hoy con los miembros de la sociedad civil independientes cubanos al margen de la Cumbre de las Am\u00e9ricas en Lima, Per\u00fa para demostrar el apoyo para [&hellip;]<\/p>\n","protected":false},"author":3,"featured_media":0,"comment_status":"open","ping_status":"open","sticky":false,"template":"","format":"standard","meta":{"footnotes":""},"categories":[22],"tags":[],"class_list":["post-170858","post","type-post","status-publish","format-standard","hentry","category-politica"],"_links":{"self":[{"href":"https:\/\/diariodominicano.com\/index.php?rest_route=\/wp\/v2\/posts\/170858","targetHints":{"allow":["GET"]}}],"collection":[{"href":"https:\/\/diariodominicano.com\/index.php?rest_route=\/wp\/v2\/posts"}],"about":[{"href":"https:\/\/diariodominicano.com\/index.php?rest_route=\/wp\/v2\/types\/post"}],"author":[{"embeddable":true,"href":"https:\/\/diariodominicano.com\/index.php?rest_route=\/wp\/v2\/users\/3"}],"replies":[{"embeddable":true,"href":"https:\/\/diariodominicano.com\/index.php?rest_route=%2Fwp%2Fv2%2Fcomments&post=170858"}],"version-history":[{"count":0,"href":"https:\/\/diariodominicano.com\/index.php?rest_route=\/wp\/v2\/posts\/170858\/revisions"}],"wp:attachment":[{"href":"https:\/\/diariodominicano.com\/index.php?rest_route=%2Fwp%2Fv2%2Fmedia&parent=170858"}],"wp:term":[{"taxonomy":"category","embeddable":true,"href":"https:\/\/diariodominicano.com\/index.php?rest_route=%2Fwp%2Fv2%2Fcategories&post=170858"},{"taxonomy":"post_tag","embeddable":true,"href":"https:\/\/diariodominicano.com\/index.php?rest_route=%2Fwp%2Fv2%2Ftags&post=170858"}],"curies":[{"name":"wp","href":"https:\/\/api.w.org\/{rel}","templated":true}]}}