{"id":170854,"date":"2018-04-13T20:11:35","date_gmt":"2018-04-13T20:11:35","guid":{"rendered":"http:\/\/diariodominicano.ddns.net\/?p=170854"},"modified":"2018-04-13T20:11:35","modified_gmt":"2018-04-13T20:11:35","slug":"leonel-fernandez-da-a-conocer-principales-proyectos-incluidos-en-rd2044-para-la-provincia-duarte","status":"publish","type":"post","link":"https:\/\/diariodominicano.com\/?p=170854","title":{"rendered":"Leonel Fern\u00e1ndez da a conocer principales proyectos incluidos en RD2044 para la provincia Duarte"},"content":{"rendered":"<p><body><\/p>\n<p><img decoding=\"async\" src=\"img3\/leonel03.jpg\" \/><br \/><img decoding=\"async\" src=\"img3\/leonel01.jpg\" \/><br \/><img decoding=\"async\" src=\"img3\/leonel02.jpg\" \/>  <\/p>\n<p><strong>Fern\u00e1ndez, quien adem\u00e1s es presidente de la Fundaci\u00f3n Global Democracia y Desarrollo (Funglode), hizo la exposici\u00f3n en un acto en el que participaron representantes de los diferentes sectores de la provincia Duarte y de la regi\u00f3n Nordeste.<\/strong><\/p>\n<p><strong>SAN FRANCISCO DE MACOR\u00cdS (Provincia Duarte).<\/strong>&#8211; El expresidente de la Rep\u00fablica, doctor Leonel Fern\u00e1ndez, expuso este jueves aqu\u00ed los principales proyectos de desarrollo que contempla el plan Rep\u00fablica Dominicana 2044 para esta provincia del Nordeste del pa\u00eds.<\/p>\n<\/p>\n<p>Fern\u00e1ndez, quien adem\u00e1s es presidente de la Fundaci\u00f3n Global Democracia y Desarrollo (Funglode), hizo la exposici\u00f3n en un acto en el que participaron representantes de los diferentes sectores de la provincia Duarte y de la regi\u00f3n Nordeste.<\/p>\n<\/p>\n<p>En su disertaci\u00f3n, el exmandatario explic\u00f3 que los ejes estrat\u00e9gicos de RD 2044 se basan en la Estrategia Nacional de Desarrollo 2030 y los Objetivos de Desarrollo del Milenio, de la Organizaci\u00f3n de las Naciones Unidas (ONU), y aspiran a poner al pa\u00eds en capacidad de dar el salto definitivo hacia el desarrollo en los diferentes aspectos.<\/p>\n<\/p>\n<p>Para la provincia Duarte, la plataforma de desarrollo contempla un sistema integral de abastecimiento de agua potable, un sistema cloacal con su planta de tratamiento de aguas residuales, el proyecto de desarrollo agroindustrial Aglipo 3, una estaci\u00f3n de intercambio urbano, una gran estaci\u00f3n de bomberos y un Centro del Cacao en Castillo.<\/p>\n<\/p>\n<p>Tambi\u00e9n, un Centro de Investigaci\u00f3n Bot\u00e1nica en las lomas Quita Espuela y Guaconejo, un centro de convenciones, un centro cultural, un Instituto de Formaci\u00f3n T\u00e9cnico-Vocacional, el Centro de Capacitaci\u00f3n Inform\u00e1tica de Villa Rivas, el Centro Deportivo Comunitario de Cenov\u00ed,  un proyecto de parques urbanos municipales y un Centro de Comercializaci\u00f3n Agropecuaria.<\/p>\n<p>De igual manera, contempla un matadero industrial de animales, una presa hidroel\u00e9ctrica el el r\u00edo Boba, un Centro Regional de Especialidades M\u00e9dicas, un Centro Regional Materno Infantil, la Arena del Jaya, un nuevo estadio de b\u00e9isbol y un aeropuerto local.<\/p>\n<\/p>\n<p>Asimismo, Fern\u00e1ndez cit\u00f3 entre las obras contempladas para la provincia Duarte una gran carretera de 30 kil\u00f3metros a 4 carriles para conectar esta demarcaci\u00f3n con el proyectado tren de pasajeros que ir\u00e1 desde Haina, en la provincia San Crist\u00f3bal,  hasta la L\u00ednea Noroeste, pasando por Monse\u00f1or Nouel, La Vega, Puerto Plata y Monte Cristi.<\/p>\n<\/p>\n<p>Adem\u00e1s,  el programa incluye las carreteras Los Cachones-Sabana Grande de Hostos, Rinc\u00f3n Hondo- La Jagua, San Francisco de Macor\u00eds-Nagua, San Francisco de Macor\u00eds-Villa Rivas y Majagual-Loma Color\u00e1.<\/p>\n<\/p>\n<p>Otros proyectos importantes citados por el expresidente Fern\u00e1ndez son La circunvalaci\u00f3n de San Francisco de Macor\u00eds, un proyecto de viviendas sociales y un acueducto en  el municipio de Arenoso.<\/p>\n<\/p>\n<p>\u00abDe cara al bicentenario de nuestra independencia, todos los macorisanos, todos los cibae\u00f1os y todos los dominicanos debemos montarnos en el tren del desarrollo\u00bb, proclam\u00f3 Fern\u00e1ndez, en medio de prolongados aplausos de parte de los presentes.<\/p>\n<\/p>\n<p>En su ponencia, Fern\u00e1ndez destac\u00f3 los significativos aportes que a lo largo de la historia ha hecho la provincia Duarte al desarrollo institucional, pol\u00edtico, social, econ\u00f3mico y cultural de la Rep\u00fablica Dominicana, as\u00ed como los grandes hombres y mujeres que ha parido esta tierra.<\/p>\n<\/p>\n<p>\u00abLo que nos proponemos con RD 2044, es que empecemos desde ya a construir nuestro futuro como naci\u00f3n, puntualiz\u00f3 el ex Jefe de Estado.<\/p>\n<\/p>\n<h6> 2018-04-13 20:11:35 <\/h6>\n<p><!--\n<link rel=\"stylesheet\" href=\"css\/bootstrap.min.css\">\n\n\n<ul class=\"pagination\">\n\t    \n\t\n\n<li >\n\t<a href='?page_no=6217'>Previous<\/a>\n\t<\/li>\n\n\n       \n    \n\n<li><a href='?page_no=1'>1<\/a><\/li>\n\n\n\n<li><a href='?page_no=2'>2<\/a><\/li>\n\n\n\n<li><a>...<\/a><\/li>\n\n\n\n<li><a href='?page_no=6216'>6216<\/a><\/li>\n\n\n\n<li><a href='?page_no=6217'>6217<\/a><\/li>\n\n\n\n<li class='active'><a>6218<\/a><\/li>\n\n\n\n<li><a href='?page_no=6219'>6219<\/a><\/li>\n\n\n\n<li><a href='?page_no=6220'>6220<\/a><\/li>\n\n\n\n<li><a>...<\/a><\/li>\n\n\n\n<li><a href='?page_no=36999'>36999<\/a><\/li>\n\n\n\n<li><a href='?page_no=37000'>37000<\/a><\/li>\n\n    \n\t\n\n<li >\n\t<a href='?page_no=6219'>Next<\/a>\n\t<\/li>\n\n\n    \n\n<li><a href='?page_no=37000'>Last &rsaquo;&rsaquo;<\/a><\/li>\n\n<\/ul>\n\n\n--><br \/>\n<\/body><\/p>\n","protected":false},"excerpt":{"rendered":"<p>Fern\u00e1ndez, quien adem\u00e1s es presidente de la Fundaci\u00f3n Global Democracia y Desarrollo (Funglode), hizo la exposici\u00f3n en un acto en el que participaron representantes de los diferentes sectores de la provincia Duarte y de la regi\u00f3n Nordeste. SAN FRANCISCO DE MACOR\u00cdS (Provincia Duarte).&#8211; El expresidente de la Rep\u00fablica, doctor Leonel Fern\u00e1ndez, expuso este jueves aqu\u00ed [&hellip;]<\/p>\n","protected":false},"author":3,"featured_media":0,"comment_status":"open","ping_status":"open","sticky":false,"template":"","format":"standard","meta":{"footnotes":""},"categories":[22],"tags":[],"class_list":["post-170854","post","type-post","status-publish","format-standard","hentry","category-politica"],"_links":{"self":[{"href":"https:\/\/diariodominicano.com\/index.php?rest_route=\/wp\/v2\/posts\/170854","targetHints":{"allow":["GET"]}}],"collection":[{"href":"https:\/\/diariodominicano.com\/index.php?rest_route=\/wp\/v2\/posts"}],"about":[{"href":"https:\/\/diariodominicano.com\/index.php?rest_route=\/wp\/v2\/types\/post"}],"author":[{"embeddable":true,"href":"https:\/\/diariodominicano.com\/index.php?rest_route=\/wp\/v2\/users\/3"}],"replies":[{"embeddable":true,"href":"https:\/\/diariodominicano.com\/index.php?rest_route=%2Fwp%2Fv2%2Fcomments&post=170854"}],"version-history":[{"count":0,"href":"https:\/\/diariodominicano.com\/index.php?rest_route=\/wp\/v2\/posts\/170854\/revisions"}],"wp:attachment":[{"href":"https:\/\/diariodominicano.com\/index.php?rest_route=%2Fwp%2Fv2%2Fmedia&parent=170854"}],"wp:term":[{"taxonomy":"category","embeddable":true,"href":"https:\/\/diariodominicano.com\/index.php?rest_route=%2Fwp%2Fv2%2Fcategories&post=170854"},{"taxonomy":"post_tag","embeddable":true,"href":"https:\/\/diariodominicano.com\/index.php?rest_route=%2Fwp%2Fv2%2Ftags&post=170854"}],"curies":[{"name":"wp","href":"https:\/\/api.w.org\/{rel}","templated":true}]}}