{"id":170852,"date":"2018-04-14T13:32:46","date_gmt":"2018-04-14T13:32:46","guid":{"rendered":"http:\/\/diariodominicano.ddns.net\/?p=170852"},"modified":"2018-04-14T13:32:46","modified_gmt":"2018-04-14T13:32:46","slug":"alejandrina-german-espera-actuacion-prudente-y-mesurada-de-los-congresistas-en-el-conocimiento-del-proyecto-ley-de-partidos","status":"publish","type":"post","link":"https:\/\/diariodominicano.com\/?p=170852","title":{"rendered":"Alejandrina Germ\u00e1n espera actuaci\u00f3n prudente y  mesurada de los congresistas en el conocimiento del proyecto  Ley de Partidos"},"content":{"rendered":"<p><body><\/p>\n<p><img decoding=\"async\" src=\"img3\/ag en diplomado.JPG\" \/>  <\/p>\n<\/p>\n<\/p>\n<p><strong>SANTO DOMINGO, RD, 14 de abril de 2018.-<\/strong> Alejandrina Germ\u00e1n, integrante del Comit\u00e9 Pol\u00edtico del Partido de la Liberaci\u00f3n Dominicana (PLD) se manifest\u00f3 esperanzada que los congresistas del pa\u00eds actuar\u00e1n con la suficiente  mesura para adoptar la decisi\u00f3n que mas convenga al pa\u00eds en lo relativo al Proyecto de Ley de Partidos Pol\u00edticos, aprobada ya en primera lectura en el Senado de la Republica.<\/p>\n<\/p>\n<p>\u00abEspero que los legisladores act\u00faen con la suficiente  mesura, tranquilidad y desarrollo pol\u00edtico y adopten la decisi\u00f3n que mas convenga al pa\u00eds y al fortalecimiento del sistema de partidos en Republica Dominicana, que es la preocupaci\u00f3n fundamental\u00bb respondi\u00f3 Germ\u00e1n en un aparte con la prensa dentro del desarrollo del diplomado sobre Geopol\u00edtica y Relaciones Internacionales, que organiza el Instituto de Formaci\u00f3n Pol\u00edtica, Profesor Juan Bosch con   Universidad Federico Henr\u00edquez y Carvajal.<\/p>\n<\/p>\n<p>Se manifest\u00f3 confiada que las divergencias surgidas en las filas de esa organizaci\u00f3n por los criterios diferentes en torno a la Ley de Partidos no generar\u00e1n una divisi\u00f3n a lo interno del Partido de la Liberaci\u00f3n Dominicana, porque la dirigencia partidaria sabe que en la unidad es que est\u00e1 la fortaleza del Partido.<\/p>\n<\/p>\n<p>\u00abNo creo que dirigente alguno de nuestra organizaci\u00f3n est\u00e9n dispuestos a jugar con el futuro de nuestro Partido, provocando una divisi\u00f3n. La unidad seguir\u00e1. Podemos tener posiciones diferentes, pero el Partido se mantendr\u00e1 unido\u00bb proclam\u00f3 la tambi\u00e9n titular de la Secretar\u00eda de Formaci\u00f3n Pol\u00edtica del PLD<\/p>\n<\/p>\n<p>Sobre el conflicto Ministerio de Educaci\u00f3n con la Asociaci\u00f3n Dominicana de Profesores, la educadora, quien fuera Secretaria de Educaci\u00f3n y actual Ministra de Educaci\u00f3n Superior Ciencia y Tecnolog\u00eda,  opin\u00f3 que estos dos sectores tienen que,  necesariamente,   ponerse de acuerdo mediante un dialogo franco y sincero.<\/p>\n<\/p>\n<p>\u00abNo podemos seguir en este tipo de lucha y confrontaci\u00f3n en pleno siglo XXI, sobretodo desenvolvi\u00e9ndonos en un mundo en donde el dialogo y la conversaci\u00f3n abierta y transparente es la mejor salida a  situaciones  conflictivas\u00bb  dijo, declaraciones que el PLD divulg\u00f3 en una parte de prensa de su  Secretar\u00eda de Comunicaciones.<\/p>\n<\/p>\n<p>Considera que los paros, huelgas, concentraciones, movilizaciones ya no se corresponden, manifest\u00e1ndose animada  a que  se abra el dialogo: \u00abEspero que ambas partes, tanto el Ministerio como la ADP  entiendan que la mejor manera de solucionar los conflictos en dialogando de manera abierta y  transparente\u00bb concluy\u00f3.<\/p>\n<\/p>\n<p> Este s\u00e1bado el Instituto de Formaci\u00f3n Pol\u00edtica Profesor Juan Bosch, de  la Secretar\u00eda de Formaci\u00f3n Pol\u00edtica del Partido de la Liberaci\u00f3n Dominicana (PLD) dio  inicio al  Diplomado en Geopol\u00edtica y Relaciones Internacionales., que se extender\u00e1  hasta  el  siete de julio<\/p>\n<\/p>\n<p>Expertos en Geopol\u00edtica y en Relaciones Internacionales tendr\u00e1n a su cargo impartir las materias que se desarrollar\u00e1n en cuatro m\u00f3dulos con tem\u00e1ticas diferentes relativo a la geopol\u00edtica, un tema que toma cada d\u00eda mayor trascendencia por la condici\u00f3n de mundo globalizado. (Comunicaciones PLD)<\/p>\n<\/p>\n<h6> 2018-04-14 13:32:46 <\/h6>\n<p><!--\n<link rel=\"stylesheet\" href=\"css\/bootstrap.min.css\">\n\n\n<ul class=\"pagination\">\n\t    \n\t\n\n<li >\n\t<a href='?page_no=6215'>Previous<\/a>\n\t<\/li>\n\n\n       \n    \n\n<li><a href='?page_no=1'>1<\/a><\/li>\n\n\n\n<li><a href='?page_no=2'>2<\/a><\/li>\n\n\n\n<li><a>...<\/a><\/li>\n\n\n\n<li><a href='?page_no=6214'>6214<\/a><\/li>\n\n\n\n<li><a href='?page_no=6215'>6215<\/a><\/li>\n\n\n\n<li class='active'><a>6216<\/a><\/li>\n\n\n\n<li><a href='?page_no=6217'>6217<\/a><\/li>\n\n\n\n<li><a href='?page_no=6218'>6218<\/a><\/li>\n\n\n\n<li><a>...<\/a><\/li>\n\n\n\n<li><a href='?page_no=36999'>36999<\/a><\/li>\n\n\n\n<li><a href='?page_no=37000'>37000<\/a><\/li>\n\n    \n\t\n\n<li >\n\t<a href='?page_no=6217'>Next<\/a>\n\t<\/li>\n\n\n    \n\n<li><a href='?page_no=37000'>Last &rsaquo;&rsaquo;<\/a><\/li>\n\n<\/ul>\n\n\n--><br \/>\n<\/body><\/p>\n","protected":false},"excerpt":{"rendered":"<p>SANTO DOMINGO, RD, 14 de abril de 2018.- Alejandrina Germ\u00e1n, integrante del Comit\u00e9 Pol\u00edtico del Partido de la Liberaci\u00f3n Dominicana (PLD) se manifest\u00f3 esperanzada que los congresistas del pa\u00eds actuar\u00e1n con la suficiente mesura para adoptar la decisi\u00f3n que mas convenga al pa\u00eds en lo relativo al Proyecto de Ley de Partidos Pol\u00edticos, aprobada ya [&hellip;]<\/p>\n","protected":false},"author":3,"featured_media":0,"comment_status":"open","ping_status":"open","sticky":false,"template":"","format":"standard","meta":{"footnotes":""},"categories":[22],"tags":[],"class_list":["post-170852","post","type-post","status-publish","format-standard","hentry","category-politica"],"_links":{"self":[{"href":"https:\/\/diariodominicano.com\/index.php?rest_route=\/wp\/v2\/posts\/170852","targetHints":{"allow":["GET"]}}],"collection":[{"href":"https:\/\/diariodominicano.com\/index.php?rest_route=\/wp\/v2\/posts"}],"about":[{"href":"https:\/\/diariodominicano.com\/index.php?rest_route=\/wp\/v2\/types\/post"}],"author":[{"embeddable":true,"href":"https:\/\/diariodominicano.com\/index.php?rest_route=\/wp\/v2\/users\/3"}],"replies":[{"embeddable":true,"href":"https:\/\/diariodominicano.com\/index.php?rest_route=%2Fwp%2Fv2%2Fcomments&post=170852"}],"version-history":[{"count":0,"href":"https:\/\/diariodominicano.com\/index.php?rest_route=\/wp\/v2\/posts\/170852\/revisions"}],"wp:attachment":[{"href":"https:\/\/diariodominicano.com\/index.php?rest_route=%2Fwp%2Fv2%2Fmedia&parent=170852"}],"wp:term":[{"taxonomy":"category","embeddable":true,"href":"https:\/\/diariodominicano.com\/index.php?rest_route=%2Fwp%2Fv2%2Fcategories&post=170852"},{"taxonomy":"post_tag","embeddable":true,"href":"https:\/\/diariodominicano.com\/index.php?rest_route=%2Fwp%2Fv2%2Ftags&post=170852"}],"curies":[{"name":"wp","href":"https:\/\/api.w.org\/{rel}","templated":true}]}}