{"id":170851,"date":"2018-04-15T01:54:31","date_gmt":"2018-04-15T01:54:31","guid":{"rendered":"http:\/\/diariodominicano.ddns.net\/?p=170851"},"modified":"2018-04-15T01:54:31","modified_gmt":"2018-04-15T01:54:31","slug":"pese-a-guardar-prision-lula-sigue-al-frente-en-intencion-de-voto","status":"publish","type":"post","link":"https:\/\/diariodominicano.com\/?p=170851","title":{"rendered":"Pese a guardar prisi\u00f3n, Lula sigue al frente en intenci\u00f3n de voto"},"content":{"rendered":"<p><body><\/p>\n<p><img decoding=\"async\" src=\"img3\/lula.jpg\" \/>  <\/p>\n<p><strong> Brasilia, 15 abr (PL) <\/strong>Pese a cumplir injusto encarcelamiento desde hace una semana, el ex presidente de Brasil Luiz In\u00e1cio Lula da Silva contin\u00faa hoy dominando con holgura las intenciones de voto para las elecciones de octubre pr\u00f3ximo.<\/p>\n<\/p>\n<p>En los tres escenarios en que el Instituto Datafolha incluy\u00f3 al fundador del Partido de los Trabajadores (PT) como candidato de esa fuerza, su ventaja sobre el segundo colocado, el aspirante de la extrema derecha Jair Bolsonaro (Partido Social Liberal) es de por lo menos 15 puntos porcentuales, seg\u00fan una encuesta revelada este domingo.<\/p>\n<\/p>\n<p>El sondeo, primero realizado despu\u00e9s que el juez federal Sergio Moro ordenara la prisi\u00f3n de Lula sin agotarse siquiera los recursos de apelaci\u00f3n en segunda instancia, coloca al ex mandatario brasile\u00f1o con 31 por ciento de intenci\u00f3n de voto para la primera vuelta en dos de los probables escenarios y con 30 en el tercero.<\/p>\n<\/p>\n<p>Mientras, en los dos primeros Bolsonaro consigue el respaldo de un 15 por ciento del electorado y del 16 por ciento en el otro.<\/p>\n<\/p>\n<p>El tercer puesto en todos los casos se lo disputan los posibles aspirantes de Red, Marina Silva, y del Partido Socialista Brasile\u00f1o, Joaquim Barbosa, con entre ocho y 10 por ciento de votantes a su favor.<\/p>\n<\/p>\n<p>De ser necesaria una segunda vuelta y Lula competir en la misma, la situaci\u00f3n es id\u00e9ntica a la del primer turno y su favoritismo es tambi\u00e9n notorio.<\/p>\n<\/p>\n<p>Siempre incluido en solo tres posibles escenarios, el ex dignatario conseguir\u00eda un 48 por ciento de los votos frente a 31 por ciento Bolsonaro o 27 por ciento Alckmin, y un 46 por ciento de respaldo frente al 32 por ciento de Silva.<\/p>\n<\/p>\n<p>La encuesta del Instituto Datafolha se realiz\u00f3 entre el 11 y el 13 de abril y abarc\u00f3 una muestra de cuatro mil 194 ciudadanos de 227 municipios.<\/p>\n<\/p>\n<p>Por su parte, el Instituto Vox Populi tambi\u00e9n realiz\u00f3 un sondeo de intenci\u00f3n de voto, contratado por el PT y cuyos resultados fueron registrados ya ante el Tribunal Superior Electoral, seg\u00fan los cuales Lula podr\u00eda salir airoso incluso en el primer turno.<\/p>\n<\/p>\n<p>De acuerdo con breves datos preliminares difundidos anoche por el diario digital Brasil 247, el mayor l\u00edder popular en la historia de Brasil creci\u00f3 de 40 a 43 por ciento en la intenci\u00f3n de voto espont\u00e1neo y de 45 a 51 en el voto estimulado.<\/p>\n<\/p>\n<p>En una resoluci\u00f3n aprobada por su direcci\u00f3n nacional el 9 de abril pasado, el PT reafirm\u00f3 que Lula da Silva contin\u00faa siendo su aspirante a la Presidencia de la Rep\u00fablica y que registrar\u00e1 su candidatura el pr\u00f3ximo 15 de agosto.<\/p>\n<\/p>\n<p>La prisi\u00f3n inconstitucional de Lula, su condena sin pruebas por jueces parciales, y la negativa de la quinta sala del Superior Tribunal de Justicia (STJ) y de la mayor\u00eda del Supremo Tribunal Federal (STF) del derecho de recurrir en libertad constituyen la mayor violencia contra un l\u00edder nacional desde la redemocratizaci\u00f3n, sostuvo el PT.<\/p>\n<\/p>\n<p>Remarc\u00f3 adem\u00e1s que su ilegal encierro es un desdoblamiento del gran golpe contra la democracia que comenz\u00f3 con el impeachment sin crimen de la presidenta Dilma Rousseff y que llev\u00f3 a retirar derechos a los trabajadores, al desmantelamiento de empresas p\u00fablicas y la entrega de la soberan\u00eda y del patrimonio nacional.<\/p>\n<\/p>\n<p>Lula es un preso pol\u00edtico y es inocente, proclam\u00f3 el documento y puntualiz\u00f3 que la principal tarea del PT &#8216;es luchar por la libertad de Lula, en acciones coordinadas con otros partidos pol\u00edticos, movimientos sociales, frentes, organizaciones y personalidades de todo Brasil y de otros pa\u00edses&#8217;.<\/p>\n<\/p>\n<p>ga\/mpm<\/p>\n<h6> 2018-04-15 01:54:31 <\/h6>\n<p><!--\n<link rel=\"stylesheet\" href=\"css\/bootstrap.min.css\">\n\n\n<ul class=\"pagination\">\n\t    \n\t\n\n<li >\n\t<a href='?page_no=6214'>Previous<\/a>\n\t<\/li>\n\n\n       \n    \n\n<li><a href='?page_no=1'>1<\/a><\/li>\n\n\n\n<li><a href='?page_no=2'>2<\/a><\/li>\n\n\n\n<li><a>...<\/a><\/li>\n\n\n\n<li><a href='?page_no=6213'>6213<\/a><\/li>\n\n\n\n<li><a href='?page_no=6214'>6214<\/a><\/li>\n\n\n\n<li class='active'><a>6215<\/a><\/li>\n\n\n\n<li><a href='?page_no=6216'>6216<\/a><\/li>\n\n\n\n<li><a href='?page_no=6217'>6217<\/a><\/li>\n\n\n\n<li><a>...<\/a><\/li>\n\n\n\n<li><a href='?page_no=36999'>36999<\/a><\/li>\n\n\n\n<li><a href='?page_no=37000'>37000<\/a><\/li>\n\n    \n\t\n\n<li >\n\t<a href='?page_no=6216'>Next<\/a>\n\t<\/li>\n\n\n    \n\n<li><a href='?page_no=37000'>Last &rsaquo;&rsaquo;<\/a><\/li>\n\n<\/ul>\n\n\n--><br \/>\n<\/body><\/p>\n","protected":false},"excerpt":{"rendered":"<p>Brasilia, 15 abr (PL) Pese a cumplir injusto encarcelamiento desde hace una semana, el ex presidente de Brasil Luiz In\u00e1cio Lula da Silva contin\u00faa hoy dominando con holgura las intenciones de voto para las elecciones de octubre pr\u00f3ximo. En los tres escenarios en que el Instituto Datafolha incluy\u00f3 al fundador del Partido de los Trabajadores [&hellip;]<\/p>\n","protected":false},"author":3,"featured_media":0,"comment_status":"open","ping_status":"open","sticky":false,"template":"","format":"standard","meta":{"footnotes":""},"categories":[22],"tags":[],"class_list":["post-170851","post","type-post","status-publish","format-standard","hentry","category-politica"],"_links":{"self":[{"href":"https:\/\/diariodominicano.com\/index.php?rest_route=\/wp\/v2\/posts\/170851","targetHints":{"allow":["GET"]}}],"collection":[{"href":"https:\/\/diariodominicano.com\/index.php?rest_route=\/wp\/v2\/posts"}],"about":[{"href":"https:\/\/diariodominicano.com\/index.php?rest_route=\/wp\/v2\/types\/post"}],"author":[{"embeddable":true,"href":"https:\/\/diariodominicano.com\/index.php?rest_route=\/wp\/v2\/users\/3"}],"replies":[{"embeddable":true,"href":"https:\/\/diariodominicano.com\/index.php?rest_route=%2Fwp%2Fv2%2Fcomments&post=170851"}],"version-history":[{"count":0,"href":"https:\/\/diariodominicano.com\/index.php?rest_route=\/wp\/v2\/posts\/170851\/revisions"}],"wp:attachment":[{"href":"https:\/\/diariodominicano.com\/index.php?rest_route=%2Fwp%2Fv2%2Fmedia&parent=170851"}],"wp:term":[{"taxonomy":"category","embeddable":true,"href":"https:\/\/diariodominicano.com\/index.php?rest_route=%2Fwp%2Fv2%2Fcategories&post=170851"},{"taxonomy":"post_tag","embeddable":true,"href":"https:\/\/diariodominicano.com\/index.php?rest_route=%2Fwp%2Fv2%2Ftags&post=170851"}],"curies":[{"name":"wp","href":"https:\/\/api.w.org\/{rel}","templated":true}]}}