{"id":170844,"date":"2018-04-16T11:29:11","date_gmt":"2018-04-16T11:29:11","guid":{"rendered":"http:\/\/diariodominicano.ddns.net\/?p=170844"},"modified":"2018-04-16T11:29:11","modified_gmt":"2018-04-16T11:29:11","slug":"partido-dominicanos-por-el-cambio-favorece-amnistia-fiscal","status":"publish","type":"post","link":"https:\/\/diariodominicano.com\/?p=170844","title":{"rendered":"Partido Dominicanos por el Cambio favorece amnist\u00eda fiscal"},"content":{"rendered":"<p><body><\/p>\n<p><img decoding=\"async\" src=\"img3\/dxcc.jpg\" \/>  <\/p>\n<p>Demandan del gobierno frenar voracidad fiscal <\/p>\n<\/p>\n<p>Distrito Nacional.- El Consejo Pol\u00edtico Nacional del Partido Dominicanos por el Cambio (DXC), demand\u00f3 del gobierno conceder una Amnist\u00eda Fiscal aquellos empleados que tiene dos o m\u00e1s empleos y que han sido notificados por la Direcci\u00f3n General de Impuestos Internos (DGII), para el pago de altas sumas de dinero por concepto del Impuesto Sobre la Renta, alegando atrasos en la tributaci\u00f3n.<\/p>\n<\/p>\n<p>La decisi\u00f3n del m\u00e1ximo organismo de direcci\u00f3n de esa organizaci\u00f3n pol\u00edtica favoreci\u00f3 adem\u00e1s que el cobro de dicho impuesto sea a partir  de que los ingresos por los diferentes empleos hagan la sumatoria de RD$50,000.00, mensuales, ya que esas personas incurren en gastos adicionales de transporte y alimentaci\u00f3n.<\/p>\n<\/p>\n<p>\u00abA los contribuyentes que tengan m\u00e1s de un empleo, debe establec\u00e9rseles una exenci\u00f3n contributiva especial de $50,000.00 pesos mensuales, equivalente a $600,000.00 pesos anuales, para aliviar su carga tributaria de quienes tienen que apelar al pluriempleo, debido a los p\u00edrricos y disminuidos salarios de nuestro pa\u00eds\u00bb, indicaron. <\/p>\n<\/p>\n<p>La reuni\u00f3n ordinaria del Consejo Pol\u00edtico Nacional de DxC, estuvo encabezada por el Presidente del partido Manuel Oviedo Estrada, Juan Carlos Garc\u00eda, Secretario General, H\u00e9ctor Javier Guzm\u00e1n, Secretario Nacional de Organizaci\u00f3n y Eduardo Estrella, l\u00edder del partido pol\u00edtico opositor. <\/p>\n<\/p>\n<p>Expresaron que una m\u00e1xima universal de la tributaci\u00f3n es la equidad y la justicia y debemos ser m\u00e1s flexibles  y justo con ese segmento social de profesionales y trabajadores especializados, por lo que pedimos reformar la ley 11-92 y sus modificaciones para proteger esta parte de la sociedad productiva de nuestro pa\u00eds.<\/p>\n<\/p>\n<p>\u00abEs una realidad palpable que estas personas para poder solventar la carga familiar han tenido que recurrir al pluriempleo, por lo exigimos del gobierno pensar m\u00e1s en la parte humana de estos hombres y mujeres, que han visto con asombros esta decisi\u00f3n de Impuestos Internos, de exigirle de esta manera el pago del Impuesto Sobre la Renta??, asegur\u00f3 Manuel Oviedo Estrada Presidente del partido.<\/p>\n<\/p>\n<p>Dijeron adem\u00e1s que de las autoridades no acoger la Amnist\u00eda Fiscal a favor de esos trabajadores les estar\u00eda ocasionando serias dificultades familiares y econ\u00f3micas, ya que la mayor\u00eda a pesar de tener m\u00e1s de un empleo no cubren sus necesidades.<\/p>\n<\/p>\n<p>Manuel Oviedo precis\u00f3 que lo peor de todo, es que una gran parte de los ciudadanos que han sido intimados a pagar  el supuesto atraso de dicho impuesto, desconocen el procedimiento por la falta de orientaci\u00f3n e informaci\u00f3n de las mismas autoridades.<\/p>\n<h6> 2018-04-16 11:29:11 <\/h6>\n<p><!--\n<link rel=\"stylesheet\" href=\"css\/bootstrap.min.css\">\n\n\n<ul class=\"pagination\">\n\t    \n\t\n\n<li >\n\t<a href='?page_no=6208'>Previous<\/a>\n\t<\/li>\n\n\n       \n    \n\n<li><a href='?page_no=1'>1<\/a><\/li>\n\n\n\n<li><a href='?page_no=2'>2<\/a><\/li>\n\n\n\n<li><a>...<\/a><\/li>\n\n\n\n<li><a href='?page_no=6207'>6207<\/a><\/li>\n\n\n\n<li><a href='?page_no=6208'>6208<\/a><\/li>\n\n\n\n<li class='active'><a>6209<\/a><\/li>\n\n\n\n<li><a href='?page_no=6210'>6210<\/a><\/li>\n\n\n\n<li><a href='?page_no=6211'>6211<\/a><\/li>\n\n\n\n<li><a>...<\/a><\/li>\n\n\n\n<li><a href='?page_no=36999'>36999<\/a><\/li>\n\n\n\n<li><a href='?page_no=37000'>37000<\/a><\/li>\n\n    \n\t\n\n<li >\n\t<a href='?page_no=6210'>Next<\/a>\n\t<\/li>\n\n\n    \n\n<li><a href='?page_no=37000'>Last &rsaquo;&rsaquo;<\/a><\/li>\n\n<\/ul>\n\n\n--><br \/>\n<\/body><\/p>\n","protected":false},"excerpt":{"rendered":"<p>Demandan del gobierno frenar voracidad fiscal Distrito Nacional.- El Consejo Pol\u00edtico Nacional del Partido Dominicanos por el Cambio (DXC), demand\u00f3 del gobierno conceder una Amnist\u00eda Fiscal aquellos empleados que tiene dos o m\u00e1s empleos y que han sido notificados por la Direcci\u00f3n General de Impuestos Internos (DGII), para el pago de altas sumas de dinero [&hellip;]<\/p>\n","protected":false},"author":3,"featured_media":0,"comment_status":"open","ping_status":"open","sticky":false,"template":"","format":"standard","meta":{"footnotes":""},"categories":[22],"tags":[],"class_list":["post-170844","post","type-post","status-publish","format-standard","hentry","category-politica"],"_links":{"self":[{"href":"https:\/\/diariodominicano.com\/index.php?rest_route=\/wp\/v2\/posts\/170844","targetHints":{"allow":["GET"]}}],"collection":[{"href":"https:\/\/diariodominicano.com\/index.php?rest_route=\/wp\/v2\/posts"}],"about":[{"href":"https:\/\/diariodominicano.com\/index.php?rest_route=\/wp\/v2\/types\/post"}],"author":[{"embeddable":true,"href":"https:\/\/diariodominicano.com\/index.php?rest_route=\/wp\/v2\/users\/3"}],"replies":[{"embeddable":true,"href":"https:\/\/diariodominicano.com\/index.php?rest_route=%2Fwp%2Fv2%2Fcomments&post=170844"}],"version-history":[{"count":0,"href":"https:\/\/diariodominicano.com\/index.php?rest_route=\/wp\/v2\/posts\/170844\/revisions"}],"wp:attachment":[{"href":"https:\/\/diariodominicano.com\/index.php?rest_route=%2Fwp%2Fv2%2Fmedia&parent=170844"}],"wp:term":[{"taxonomy":"category","embeddable":true,"href":"https:\/\/diariodominicano.com\/index.php?rest_route=%2Fwp%2Fv2%2Fcategories&post=170844"},{"taxonomy":"post_tag","embeddable":true,"href":"https:\/\/diariodominicano.com\/index.php?rest_route=%2Fwp%2Fv2%2Ftags&post=170844"}],"curies":[{"name":"wp","href":"https:\/\/api.w.org\/{rel}","templated":true}]}}