{"id":170534,"date":"2018-06-02T12:39:58","date_gmt":"2018-06-02T12:39:58","guid":{"rendered":"http:\/\/diariodominicano.ddns.net\/?p=170534"},"modified":"2025-03-31T22:15:29","modified_gmt":"2025-04-01T02:15:29","slug":"diputado-rafael-mendez-anuncia-obras-y-acciones-sociales-de-su-iniciativa","status":"publish","type":"post","link":"https:\/\/diariodominicano.com\/?p=170534","title":{"rendered":"Diputado Rafael M\u00e9ndez anuncia obras y acciones sociales de su Iniciativa"},"content":{"rendered":"<p><body><\/p>\n<p><img decoding=\"async\" src=\"img3\/diputad.jpg\" \/>  <\/p>\n<p>Neyba.- El diputado Rafael Mendez anunci\u00f3 que por su gesti\u00f3n, en el cuatrimestre junio-septiembre, se materializar\u00e1n obras y acciones<\/p>\n<p>sociales y comunitarias que tendr\u00e1n gran impacto, trascendencia, sostenibilidad.<\/p>\n<\/p>\n<p>Entre las que se citan el inicio de los trabajos de construcci\u00f3n de la extensi\u00f3n de la Escuela Vocacional y la apertura de la oficina de la<\/p>\n<p>Direcci\u00f3n de Informaci\u00f3n y Defensa de los Afiliados a los Servicios de la Seguridad Social (DIDA).<\/p>\n<\/p>\n<p>En el citado per\u00edodo se proyecta la instalaci\u00f3n y conversi\u00f3n del Parque Apolinar Perdomo de Neiba, en un Parque Infantil Provincial,<\/p>\n<p>como una donaci\u00f3n de la Fundaci\u00f3n de la Refiner\u00eda de Petr\u00f3leo y la contraparte del Ayuntamiento Municipal y la Fundaci\u00f3n Padrino de las<\/p>\n<p>Escuelas de Bahoruco, que preside, asi como la terminaci\u00f3n y entrega del proyecto Habitacional Villa Progreso Los R\u00edos.<\/p>\n<\/p>\n<p>Tambi\u00e9n est\u00e1n pautadas las construcciones del Centro de Envejecientes en Villa Jaragua, aportado por la embajada del Jap\u00f3n y el Centro<\/p>\n<p>Progresando para la Capacitaci\u00f3n y Producci\u00f3n, en coordinaci\u00f3n con el Despacho de la vice-presidencia de la Republica, en Batey 5, el<\/p>\n<p>Comedor Econ\u00f3mico de Batey 6, as\u00ed como inauguraci\u00f3n del Play de Monserrate.<\/p>\n<\/p>\n<p>Del Play de Monserrate, seg\u00fan el licenciado Frank del Valle su materializaci\u00f3n se debe a la insistencia del Diputado Rafael Mendez<\/p>\n<p>para que se cumpla ese compromiso con los deportistas de esa comunidad, en tanto el comedor de Batey 6, se debe a que el legislador<\/p>\n<p>ha llevado hasta all\u00ed los dos \u00faltimos administradores de los Comedores Econ\u00f3micos del Estado.<\/p>\n<\/p>\n<p><strong>Acciones Sociales de Gran Impacto<\/strong><\/p>\n<\/p>\n<p>Para el 8 de junio, el Diputado Mendez, viajar\u00e1 a Martinica junto a una amplia comitiva de la Zona Ca\u00f1era, integrada por los directores de<\/p>\n<p>los Distritos Municipales de El Palmar y Batey, as\u00ed como de otros comunitarios, donde tendr\u00e1n reuniones de trabajo con altos<\/p>\n<p>funcionarios de esa isla, a quienes presentar\u00e1n proyectos de desarrollo de la Zona Ca\u00f1era.<\/p>\n<\/p>\n<p>El 14 de junio la Comisi\u00f3n de Industria y Comercio de la C\u00e1mara de Diputados, har\u00e1 un descenso en la zona norte del Municipio de Tamayo a<\/p>\n<p>verificar la explotaci\u00f3n de las minas de yeso, ya que esta apoderada de un proyecto de resoluci\u00f3n que solicita que esa riqueza minera sea<\/p>\n<p>explotada por los comunitarios, y no por empresas concesionarias que \u00absolo dejan miseria y sudor de obrero\u00bb.<\/p>\n<\/p>\n<p>El 29 de junio se realizar\u00e1 la tradicional Gira Recreativa y Cultural para Educadores, quienes visitaran el Centro Cultural de las<\/p>\n<p>Telecomunicaciones, la Zona Colonial, un paseo en el novedoso sistema de transporte urbano, el Telef\u00e9rico, y tendr\u00e1n una presentaci\u00f3n<\/p>\n<p>art\u00edstica en el Palacio Consistorial, donde ser\u00e1n recibidos por funcionarios del Ayuntamiento del Distrito Nacional.<\/p>\n<\/p>\n<p>Del primero al ocho de agosto, el Diputado Rafael Mendez acompa\u00f1ar\u00e1 a Lawrens, Massachusetts, Estados Unidos, la representaci\u00f3n de los<\/p>\n<p>muchachos y muchachas que hacen cine en Neiba, quienes participaran en el festival de Cortometraje y presentaran una pel\u00edcula de su<\/p>\n<p>producci\u00f3n en esa ciudad y en Nueva York para los comprovincianos residentes en la u<\/p>\n<\/p>\n<p>En mi condici\u00f3n de vice-presidente del Cap\u00edtulo Dominicano de la Asociaci\u00f3n Universal de Parlamentarios por la Paz, formar\u00e9 de la<\/p>\n<p>comitiva que asistir\u00e1 al Encuentro Regional de Parlamentarios por la Paz, a celebrarse en Sao Paulo, Brasil, del 2 al 5 de agosto.<\/p>\n<\/p>\n<p>Para los d\u00edas 3,4, 5 de septiembre se realizar\u00e1 un operativo dirigido a detectar y prevenir el c\u00e1ncer de mama, en coordinador con el<\/p>\n<p>Despacho dela Primera Dama, el cual abarcara todos los municipios de la Provincia Bahoruco, previo a unas tertulias que se har\u00e1n con<\/p>\n<p>prop\u00f3sito de las mujeres eleven su nivel de consciencia sobre esta dolencia.<\/p>\n<\/p>\n<p>Para los d\u00edas 26 6 27 de julio, como medio para orientar a las mujeres que se atender\u00e1n en el operativo de detecci\u00f3n y prevenci\u00f3n de c\u00e1ncer<\/p>\n<p>de mama, se har\u00e1n una serie de charlas de orientaci\u00f3n, con el objeto de que nuestras mujeres eleven sus niveles de consciencia sobre los<\/p>\n<p>indicios de posibles dolencias del mal.<\/p>\n<h6> 2018-06-02 12:39:58 <\/h6>\n<p><!--\n<link rel=\"stylesheet\" href=\"css\/bootstrap.min.css\">\n\n\n<ul class=\"pagination\">\n\t    \n\t\n\n<li >\n\t<a href='?page_no=5929'>Previous<\/a>\n\t<\/li>\n\n\n       \n    \n\n<li><a href='?page_no=1'>1<\/a><\/li>\n\n\n\n<li><a href='?page_no=2'>2<\/a><\/li>\n\n\n\n<li><a>...<\/a><\/li>\n\n\n\n<li><a href='?page_no=5928'>5928<\/a><\/li>\n\n\n\n<li><a href='?page_no=5929'>5929<\/a><\/li>\n\n\n\n<li class='active'><a>5930<\/a><\/li>\n\n\n\n<li><a href='?page_no=5931'>5931<\/a><\/li>\n\n\n\n<li><a href='?page_no=5932'>5932<\/a><\/li>\n\n\n\n<li><a>...<\/a><\/li>\n\n\n\n<li><a href='?page_no=36999'>36999<\/a><\/li>\n\n\n\n<li><a href='?page_no=37000'>37000<\/a><\/li>\n\n    \n\t\n\n<li >\n\t<a href='?page_no=5931'>Next<\/a>\n\t<\/li>\n\n\n    \n\n<li><a href='?page_no=37000'>Last &rsaquo;&rsaquo;<\/a><\/li>\n\n<\/ul>\n\n\n--><br \/>\n<\/body><\/p>\n","protected":false},"excerpt":{"rendered":"<p>Neyba.- El diputado Rafael Mendez anunci\u00f3 que por su gesti\u00f3n, en el cuatrimestre junio-septiembre, se materializar\u00e1n obras y acciones sociales y comunitarias que tendr\u00e1n gran impacto, trascendencia, sostenibilidad. Entre las que se citan el inicio de los trabajos de construcci\u00f3n de la extensi\u00f3n de la Escuela Vocacional y la apertura de la oficina de la [&hellip;]<\/p>\n","protected":false},"author":3,"featured_media":585841,"comment_status":"open","ping_status":"open","sticky":false,"template":"","format":"standard","meta":{"footnotes":""},"categories":[22],"tags":[178],"class_list":["post-170534","post","type-post","status-publish","format-standard","has-post-thumbnail","hentry","category-politica","tag-rafael-mendez"],"_links":{"self":[{"href":"https:\/\/diariodominicano.com\/index.php?rest_route=\/wp\/v2\/posts\/170534","targetHints":{"allow":["GET"]}}],"collection":[{"href":"https:\/\/diariodominicano.com\/index.php?rest_route=\/wp\/v2\/posts"}],"about":[{"href":"https:\/\/diariodominicano.com\/index.php?rest_route=\/wp\/v2\/types\/post"}],"author":[{"embeddable":true,"href":"https:\/\/diariodominicano.com\/index.php?rest_route=\/wp\/v2\/users\/3"}],"replies":[{"embeddable":true,"href":"https:\/\/diariodominicano.com\/index.php?rest_route=%2Fwp%2Fv2%2Fcomments&post=170534"}],"version-history":[{"count":1,"href":"https:\/\/diariodominicano.com\/index.php?rest_route=\/wp\/v2\/posts\/170534\/revisions"}],"predecessor-version":[{"id":606944,"href":"https:\/\/diariodominicano.com\/index.php?rest_route=\/wp\/v2\/posts\/170534\/revisions\/606944"}],"wp:featuredmedia":[{"embeddable":true,"href":"https:\/\/diariodominicano.com\/index.php?rest_route=\/wp\/v2\/media\/585841"}],"wp:attachment":[{"href":"https:\/\/diariodominicano.com\/index.php?rest_route=%2Fwp%2Fv2%2Fmedia&parent=170534"}],"wp:term":[{"taxonomy":"category","embeddable":true,"href":"https:\/\/diariodominicano.com\/index.php?rest_route=%2Fwp%2Fv2%2Fcategories&post=170534"},{"taxonomy":"post_tag","embeddable":true,"href":"https:\/\/diariodominicano.com\/index.php?rest_route=%2Fwp%2Fv2%2Ftags&post=170534"}],"curies":[{"name":"wp","href":"https:\/\/api.w.org\/{rel}","templated":true}]}}