{"id":170381,"date":"2018-06-21T13:18:25","date_gmt":"2018-06-21T13:18:25","guid":{"rendered":"http:\/\/diariodominicano.ddns.net\/?p=170381"},"modified":"2025-03-31T22:20:13","modified_gmt":"2025-04-01T02:20:13","slug":"diputado-rafael-mendez-buscara-senaduria-de-bahoruco","status":"publish","type":"post","link":"https:\/\/diariodominicano.com\/?p=170381","title":{"rendered":"Diputado Rafael M\u00e9ndez buscar\u00e1 senadur\u00eda de Bahoruco"},"content":{"rendered":"<p><body><\/p>\n<p><img decoding=\"async\" src=\"img3\/dipu11.jpg\" \/>  <\/p>\n<p>NEIBA.-El Equipo Rafael M\u00e9ndez-Senador inform\u00f3 que se mantiene el acto del pr\u00f3ximo s\u00e1bado 23 de junio, a las 4:00 de la tarde, en el que el<\/p>\n<p>legislador oficializar\u00e1 sus aspiraciones a la Senadur\u00eda de la Rep\u00fablica por la Provincia Bahoruco, a pesar de la disposici\u00f3n de la Junta Central Electoral que suspende las actividades proselitistas.<\/p>\n<\/p>\n<p>Aclararon esa actividad no transgrede la decisi\u00f3n del pleno de la Junta Central Electoral quien  dio  un plazo de cinco d\u00edas a los aspirantes para que suspendan sus acto proselitistas por considerar que transgreden las normas vigentes destinadas a pautar los tiempos de las campa\u00f1as electorales, as\u00ed como las disposiciones reglamentarias y estatutarias de los partidos.<\/p>\n<\/p>\n<p>El Equipo Rafael M\u00e9ndez-Senador record\u00f3  que el anuncio de que el legislador buscar\u00e1 la senadur\u00eda se produce luego de un amplio proceso<\/p>\n<p>de consultas en diferentes niveles de la sociedad, a personalidades partidarias y  de estudiar resultados de encuestas en las que el aspirante a la Senadur\u00eda aparece con una c\u00f3moda posici\u00f3n frente a quienes pudieran disputar la posici\u00f3n.<\/p>\n<\/p>\n<p>\u00abEsa valoraci\u00f3n positiva es generada por la alta productividad de la gesti\u00f3n a favor de la Provincia Bahoruco, lo que les llev\u00f3  a reflexionar y a abrir un proceso de consultas que ha dado como resultado una alta favorabilidad para convertirse en el pr\u00f3ximo senador por la Provincia Bahoruco\u00bb, apuntaron.<\/p>\n<\/p>\n<p>Expresaron que esa alta favorabilidad se confirma en las m\u00e1s diversas manifestaciones, como en los recorridos por las comunidades  de la<\/p>\n<p>provincia, en las que son constantes las voces que le piden que busque la candidatura a la senadur\u00eda por el PLD, con la confianza de que<\/p>\n<p>ser\u00eda triunfador en las internas del partido y en las congresuales del 2020.<\/p>\n<h6> 2018-06-21 13:18:25 <\/h6>\n<p><!--\n<link rel=\"stylesheet\" href=\"css\/bootstrap.min.css\">\n\n\n<ul class=\"pagination\">\n\t    \n\t\n\n<li >\n\t<a href='?page_no=5792'>Previous<\/a>\n\t<\/li>\n\n\n       \n    \n\n<li><a href='?page_no=1'>1<\/a><\/li>\n\n\n\n<li><a href='?page_no=2'>2<\/a><\/li>\n\n\n\n<li><a>...<\/a><\/li>\n\n\n\n<li><a href='?page_no=5791'>5791<\/a><\/li>\n\n\n\n<li><a href='?page_no=5792'>5792<\/a><\/li>\n\n\n\n<li class='active'><a>5793<\/a><\/li>\n\n\n\n<li><a href='?page_no=5794'>5794<\/a><\/li>\n\n\n\n<li><a href='?page_no=5795'>5795<\/a><\/li>\n\n\n\n<li><a>...<\/a><\/li>\n\n\n\n<li><a href='?page_no=36999'>36999<\/a><\/li>\n\n\n\n<li><a href='?page_no=37000'>37000<\/a><\/li>\n\n    \n\t\n\n<li >\n\t<a href='?page_no=5794'>Next<\/a>\n\t<\/li>\n\n\n    \n\n<li><a href='?page_no=37000'>Last &rsaquo;&rsaquo;<\/a><\/li>\n\n<\/ul>\n\n\n--><br \/>\n<\/body><\/p>\n","protected":false},"excerpt":{"rendered":"<p>NEIBA.-El Equipo Rafael M\u00e9ndez-Senador inform\u00f3 que se mantiene el acto del pr\u00f3ximo s\u00e1bado 23 de junio, a las 4:00 de la tarde, en el que el legislador oficializar\u00e1 sus aspiraciones a la Senadur\u00eda de la Rep\u00fablica por la Provincia Bahoruco, a pesar de la disposici\u00f3n de la Junta Central Electoral que suspende las actividades proselitistas. [&hellip;]<\/p>\n","protected":false},"author":3,"featured_media":585841,"comment_status":"open","ping_status":"open","sticky":false,"template":"","format":"standard","meta":{"footnotes":""},"categories":[22],"tags":[178],"class_list":["post-170381","post","type-post","status-publish","format-standard","has-post-thumbnail","hentry","category-politica","tag-rafael-mendez"],"_links":{"self":[{"href":"https:\/\/diariodominicano.com\/index.php?rest_route=\/wp\/v2\/posts\/170381","targetHints":{"allow":["GET"]}}],"collection":[{"href":"https:\/\/diariodominicano.com\/index.php?rest_route=\/wp\/v2\/posts"}],"about":[{"href":"https:\/\/diariodominicano.com\/index.php?rest_route=\/wp\/v2\/types\/post"}],"author":[{"embeddable":true,"href":"https:\/\/diariodominicano.com\/index.php?rest_route=\/wp\/v2\/users\/3"}],"replies":[{"embeddable":true,"href":"https:\/\/diariodominicano.com\/index.php?rest_route=%2Fwp%2Fv2%2Fcomments&post=170381"}],"version-history":[{"count":1,"href":"https:\/\/diariodominicano.com\/index.php?rest_route=\/wp\/v2\/posts\/170381\/revisions"}],"predecessor-version":[{"id":606958,"href":"https:\/\/diariodominicano.com\/index.php?rest_route=\/wp\/v2\/posts\/170381\/revisions\/606958"}],"wp:featuredmedia":[{"embeddable":true,"href":"https:\/\/diariodominicano.com\/index.php?rest_route=\/wp\/v2\/media\/585841"}],"wp:attachment":[{"href":"https:\/\/diariodominicano.com\/index.php?rest_route=%2Fwp%2Fv2%2Fmedia&parent=170381"}],"wp:term":[{"taxonomy":"category","embeddable":true,"href":"https:\/\/diariodominicano.com\/index.php?rest_route=%2Fwp%2Fv2%2Fcategories&post=170381"},{"taxonomy":"post_tag","embeddable":true,"href":"https:\/\/diariodominicano.com\/index.php?rest_route=%2Fwp%2Fv2%2Ftags&post=170381"}],"curies":[{"name":"wp","href":"https:\/\/api.w.org\/{rel}","templated":true}]}}