{"id":169506,"date":"2018-10-15T14:29:57","date_gmt":"2018-10-15T14:29:57","guid":{"rendered":"http:\/\/diariodominicano.ddns.net\/?p=169506"},"modified":"2025-03-31T22:19:01","modified_gmt":"2025-04-01T02:19:01","slug":"diputado-rafael-mendez-se-compromete-a-continuar-programas-orientados-a-superar-males-afectan-a-mujeres","status":"publish","type":"post","link":"https:\/\/diariodominicano.com\/?p=169506","title":{"rendered":"Diputado Rafael M\u00e9ndez se compromete a continuar programas orientados a superar males afectan a mujeres"},"content":{"rendered":"<p><body><\/p>\n<p><img decoding=\"async\" src=\"img3\/melen1.jpg\" \/>  <\/p>\n<p>VILLA JARAGUA.-El diputado y aspirante a Senador Rafael M\u00e9ndez se comprometi\u00f3 a continuar emprendiendo acciones, programas y tratamiento integrales orientados \u00aba detectar, prevenir, reducir, erradicar y educar sobre males sociales que afectan a la mujer en t\u00e9rminos<\/p>\n<p>personales, y como sector social en nuestro medio, sin importar edad ni condici\u00f3n social\u00bb.<\/p>\n<\/p>\n<p>El aspirante a Senador se expres\u00f3 en esos t\u00e9rminos al hablar con mujeres que ser\u00e1n recibidas en el Departamento Mujeres Saludables, del<\/p>\n<p>Despacho de la Primera Dama, para someterse a estudios de sonomagraf\u00eda, luego que en el operativo de mamograf\u00eda que se realiz\u00f3<\/p>\n<p>por su iniciativa, en Tamayo, Neiba, Villa Jaragua y Los R\u00edos,  se detectaran algunos indicios que requieren tratamientos m\u00e1s profundos.<\/p>\n<\/p>\n<p>\u00abMe comprometo asumir como un desaf\u00edo agenciar acciones, programas muy puntuales dirigidos a reducir la mortalidad materna, la mortalidad<\/p>\n<p>infantil, campa\u00f1as para detectar, prevenir el c\u00e1ncer de mama, el virus del papiloma humano y el c\u00e1ncer cervicouteino, as\u00ed como agenciar<\/p>\n<p>medios de acceso a los servicios de diagn\u00f3stico, tratamiento, rehabilitaci\u00f3n y cuidados de esos males\u00bb, puntualiz\u00f3.<\/p>\n<\/p>\n<p>Y luego a\u00f1adi\u00f3: \u00abEstas y acciones y programas deben comprender campa\u00f1as sobre la violencia familiar, prevenir y detectar la violencia<\/p>\n<p>infantil en la familia y en la escuela, elevar el nivel de consciencia y participaci\u00f3n de la mujer en sociedad, prevenci\u00f3n de sida y<\/p>\n<p>embarazo, tal como varias ocasiones hemos desarrollado esas acciones con organismo p\u00fablicos y privados\u00bb.<\/p>\n<h6> 2018-10-15 14:29:57 <\/h6>\n<p><!--\n<link rel=\"stylesheet\" href=\"css\/bootstrap.min.css\">\n\n\n<ul class=\"pagination\">\n\t    \n\t\n\n<li >\n\t<a href='?page_no=5003'>Previous<\/a>\n\t<\/li>\n\n\n       \n    \n\n<li><a href='?page_no=1'>1<\/a><\/li>\n\n\n\n<li><a href='?page_no=2'>2<\/a><\/li>\n\n\n\n<li><a>...<\/a><\/li>\n\n\n\n<li><a href='?page_no=5002'>5002<\/a><\/li>\n\n\n\n<li><a href='?page_no=5003'>5003<\/a><\/li>\n\n\n\n<li class='active'><a>5004<\/a><\/li>\n\n\n\n<li><a href='?page_no=5005'>5005<\/a><\/li>\n\n\n\n<li><a href='?page_no=5006'>5006<\/a><\/li>\n\n\n\n<li><a>...<\/a><\/li>\n\n\n\n<li><a href='?page_no=36999'>36999<\/a><\/li>\n\n\n\n<li><a href='?page_no=37000'>37000<\/a><\/li>\n\n    \n\t\n\n<li >\n\t<a href='?page_no=5005'>Next<\/a>\n\t<\/li>\n\n\n    \n\n<li><a href='?page_no=37000'>Last &rsaquo;&rsaquo;<\/a><\/li>\n\n<\/ul>\n\n\n--><br \/>\n<\/body><\/p>\n","protected":false},"excerpt":{"rendered":"<p>VILLA JARAGUA.-El diputado y aspirante a Senador Rafael M\u00e9ndez se comprometi\u00f3 a continuar emprendiendo acciones, programas y tratamiento integrales orientados \u00aba detectar, prevenir, reducir, erradicar y educar sobre males sociales que afectan a la mujer en t\u00e9rminos personales, y como sector social en nuestro medio, sin importar edad ni condici\u00f3n social\u00bb. El aspirante a Senador [&hellip;]<\/p>\n","protected":false},"author":3,"featured_media":490253,"comment_status":"open","ping_status":"open","sticky":false,"template":"","format":"standard","meta":{"footnotes":""},"categories":[22],"tags":[178],"class_list":["post-169506","post","type-post","status-publish","format-standard","has-post-thumbnail","hentry","category-politica","tag-rafael-mendez"],"_links":{"self":[{"href":"https:\/\/diariodominicano.com\/index.php?rest_route=\/wp\/v2\/posts\/169506","targetHints":{"allow":["GET"]}}],"collection":[{"href":"https:\/\/diariodominicano.com\/index.php?rest_route=\/wp\/v2\/posts"}],"about":[{"href":"https:\/\/diariodominicano.com\/index.php?rest_route=\/wp\/v2\/types\/post"}],"author":[{"embeddable":true,"href":"https:\/\/diariodominicano.com\/index.php?rest_route=\/wp\/v2\/users\/3"}],"replies":[{"embeddable":true,"href":"https:\/\/diariodominicano.com\/index.php?rest_route=%2Fwp%2Fv2%2Fcomments&post=169506"}],"version-history":[{"count":1,"href":"https:\/\/diariodominicano.com\/index.php?rest_route=\/wp\/v2\/posts\/169506\/revisions"}],"predecessor-version":[{"id":606954,"href":"https:\/\/diariodominicano.com\/index.php?rest_route=\/wp\/v2\/posts\/169506\/revisions\/606954"}],"wp:featuredmedia":[{"embeddable":true,"href":"https:\/\/diariodominicano.com\/index.php?rest_route=\/wp\/v2\/media\/490253"}],"wp:attachment":[{"href":"https:\/\/diariodominicano.com\/index.php?rest_route=%2Fwp%2Fv2%2Fmedia&parent=169506"}],"wp:term":[{"taxonomy":"category","embeddable":true,"href":"https:\/\/diariodominicano.com\/index.php?rest_route=%2Fwp%2Fv2%2Fcategories&post=169506"},{"taxonomy":"post_tag","embeddable":true,"href":"https:\/\/diariodominicano.com\/index.php?rest_route=%2Fwp%2Fv2%2Ftags&post=169506"}],"curies":[{"name":"wp","href":"https:\/\/api.w.org\/{rel}","templated":true}]}}