{"id":169499,"date":"2020-11-29T15:52:15","date_gmt":"2020-11-29T15:52:15","guid":{"rendered":"http:\/\/diariodominicano.ddns.net\/?p=169499"},"modified":"2020-11-29T15:52:15","modified_gmt":"2020-11-29T15:52:15","slug":"leonel-fernandez-el-pld-se-emborracho-de-poder-y-por-eso-esta-pasando-situaciones-dificiles","status":"publish","type":"post","link":"https:\/\/diariodominicano.com\/?p=169499","title":{"rendered":"Leonel Fern\u00e1ndez: el PLD se emborrach\u00f3 de poder y por eso est\u00e1 pasando situaciones dif\u00edciles"},"content":{"rendered":"<p><body><\/p>\n<p><img decoding=\"async\" src=\"img3\/4ad169d3-f0ec-48bf-b6c4-5febaa477ff8.jpg\" \/><br \/><img decoding=\"async\" src=\"img3\/5cef8680-0fd7-4abb-af5c-c02024d03651.jpg\" \/><br \/><img decoding=\"async\" src=\"img3\/60fa9e3c-2ac8-422f-ba1a-fe580b085415.jpg\" \/>  <\/p>\n<p><strong>Diariodominicano.com<\/strong><\/p>\n<p><strong>Leonel Fern\u00e1ndez: el PLD se emborrach\u00f3 de poder y por eso est\u00e1 pasando situaciones dif\u00edciles<\/strong><\/p>\n<p><strong>Juramenta en la FP alcalde, regidores y personalidades de varios sectores de Tenares<\/strong><\/p>\n<p><strong> <\/strong><\/p>\n<p> Personalidades del entorno pol\u00edtico, profesional y social se unieron a trabajar por la democracia y los valores que defiende la Fuerza del Pueblo, entre ellos el alcalde del municipio de Tenares, Enmanuel Esca\u00f1o; los regidores Jhadiel Rosado y Flora Restituyo; los coordinadores provinciales y del municipio cabecera de la juventud en el PLD, Samuel Miguel Gloss y Leonel G\u00f3mez.<\/p>\n<\/p>\n<\/p>\n<p><strong>Provincia Hermanas Mirabal, RD.<\/strong>&#8211; Al pasar balance al panorama pol\u00edtico actual durante un acto de juramentaci\u00f3n en la provincia Hermanas Mirabal, el presidente de la Fuerza del Pueblo, Leonel Fern\u00e1ndez, manifest\u00f3 que el Partido de la Liberaci\u00f3n Dominicana est\u00e1 atravesando momentos dif\u00edciles por haberse emborrachado de poder.<\/p>\n<\/p>\n<\/p>\n<p>\u00abEl PLD muri\u00f3 de \u00e9xito, se emborrach\u00f3 del \u00e9xito, perdieron las perspectivas y hoy est\u00e1n pasando por un momento lamentable, mientras la Fuerza del Pueblo crece y se fortalece\u00bb, resalt\u00f3 y, agreg\u00f3 que el panorama pol\u00edtico ameritaba una renovaci\u00f3n y es lo que est\u00e1 sucediendo.<\/p>\n<\/p>\n<\/p>\n<p>Aprovech\u00f3 el escenario para resaltar que los partidos pol\u00edticos deben jugar un papel hist\u00f3rico en las sociedades, para su desarrollo y bienestar.<\/p>\n<\/p>\n<\/p>\n<p>\u00abLos partidos nacen, evolucionan y crecen, y si no defienden valores y principios, se debilitan, se extinguen y mueren\u00bb, afirm\u00f3 el presidente de la Fuerza del Pueblo, quien jurament\u00f3 este domingo a personas del \u00e1mbito pol\u00edtico, profesional y social de la provincia Hermanas Mirabal<\/p>\n<\/p>\n<\/p>\n<p>Dijo que en las organizaciones pol\u00edticas siempre hay que observar el engreimiento producido por el \u00e9xito, porque esto inevitablemente conduce a la derrota.<\/p>\n<\/p>\n<\/p>\n<p>Fern\u00e1ndez rememor\u00f3 la hist\u00f3rica del \u00e9xito del partido morado mientras \u00e9l lo dirig\u00eda, al afirmar que ahora, en el contexto actual, \u00abexiste confianza, fe y determinaci\u00f3n de que como una vez hicimos avanzar la Rep\u00fablica Dominicana, lo haremos otra vez con la Fuerza del Pueblo\u00bb.<\/p>\n<\/p>\n<\/p>\n<p>En el contexto de la semana conmemorativa del asesinato de las hermanas Patria, Minerva y Mar\u00eda Teresa Mirabal, m\u00e1rtires de la democracia nacional, el expresidente de la Rep\u00fablica reconoci\u00f3 que sus nombres trascienden las fronteras de este pa\u00eds.<\/p>\n<\/p>\n<\/p>\n<p><strong> <\/strong><\/p>\n<p><strong> <\/strong><\/p>\n<p><strong>Alcalde de Tenares y otros dirigentes pasan a la FP<\/strong><\/p>\n<\/p>\n<\/p>\n<p>Personalidades del entorno pol\u00edtico, profesional y social se unieron a trabajar por la democracia y los valores que defiende la Fuerza del Pueblo, entre ellos el alcalde del municipio de Tenares, Enmanuel Esca\u00f1o; los regidores Jhadiel Rosado y Flora Restituyo; los coordinadores provinciales y del municipio cabecera de la juventud en el PLD, Samuel Miguel Gloss y Leonel G\u00f3mez.<\/p>\n<\/p>\n<\/p>\n<p>Tambi\u00e9n pasaron a las filas de la FP la activista social Marisol Garc\u00eda y el presidente del Colegio de Abogados en la filial de Hermanas Mirabal, Ar\u00edstides Grull\u00f3n.<\/p>\n<\/p>\n<\/p>\n<p>Adem\u00e1s, pasaron al partido que lidera Leonel Fern\u00e1ndez 5 presidentes de comit\u00e9s intermedio, decenas de presidentes de comit\u00e9s de base, representantes de los gremios de enfermer\u00eda, profesores, m\u00e9dicos, empresarios y agr\u00edcolas.<\/p>\n<\/p>\n<\/p>\n<p>&#8212;<\/p>\n<p>Adelaida Mart\u00ednez<\/p>\n<p>Period\u00edsta<\/p>\n<p>&#8230;<\/p>\n<h6> 2020-11-29 15:52:15 <\/h6>\n<p><!--\n<link rel=\"stylesheet\" href=\"css\/bootstrap.min.css\">\n\n\n<ul class=\"pagination\">\n\t    \n\t\n\n<li >\n\t<a href='?page_no=4'>Previous<\/a>\n\t<\/li>\n\n\n       \n    \n\n<li><a href='?page_no=1'>1<\/a><\/li>\n\n\n\n<li><a href='?page_no=2'>2<\/a><\/li>\n\n\n\n<li><a>...<\/a><\/li>\n\n\n\n<li><a href='?page_no=3'>3<\/a><\/li>\n\n\n\n<li><a href='?page_no=4'>4<\/a><\/li>\n\n\n\n<li class='active'><a>5<\/a><\/li>\n\n\n\n<li><a href='?page_no=6'>6<\/a><\/li>\n\n\n\n<li><a href='?page_no=7'>7<\/a><\/li>\n\n\n\n<li><a>...<\/a><\/li>\n\n\n\n<li><a href='?page_no=36999'>36999<\/a><\/li>\n\n\n\n<li><a href='?page_no=37000'>37000<\/a><\/li>\n\n    \n\t\n\n<li >\n\t<a href='?page_no=6'>Next<\/a>\n\t<\/li>\n\n\n    \n\n<li><a href='?page_no=37000'>Last &rsaquo;&rsaquo;<\/a><\/li>\n\n<\/ul>\n\n\n--><br \/>\n<\/body><\/p>\n","protected":false},"excerpt":{"rendered":"<p>Diariodominicano.com Leonel Fern\u00e1ndez: el PLD se emborrach\u00f3 de poder y por eso est\u00e1 pasando situaciones dif\u00edciles Juramenta en la FP alcalde, regidores y personalidades de varios sectores de Tenares Personalidades del entorno pol\u00edtico, profesional y social se unieron a trabajar por la democracia y los valores que defiende la Fuerza del Pueblo, entre ellos el [&hellip;]<\/p>\n","protected":false},"author":3,"featured_media":0,"comment_status":"open","ping_status":"open","sticky":false,"template":"","format":"standard","meta":{"footnotes":""},"categories":[22],"tags":[],"class_list":["post-169499","post","type-post","status-publish","format-standard","hentry","category-politica"],"_links":{"self":[{"href":"https:\/\/diariodominicano.com\/index.php?rest_route=\/wp\/v2\/posts\/169499","targetHints":{"allow":["GET"]}}],"collection":[{"href":"https:\/\/diariodominicano.com\/index.php?rest_route=\/wp\/v2\/posts"}],"about":[{"href":"https:\/\/diariodominicano.com\/index.php?rest_route=\/wp\/v2\/types\/post"}],"author":[{"embeddable":true,"href":"https:\/\/diariodominicano.com\/index.php?rest_route=\/wp\/v2\/users\/3"}],"replies":[{"embeddable":true,"href":"https:\/\/diariodominicano.com\/index.php?rest_route=%2Fwp%2Fv2%2Fcomments&post=169499"}],"version-history":[{"count":0,"href":"https:\/\/diariodominicano.com\/index.php?rest_route=\/wp\/v2\/posts\/169499\/revisions"}],"wp:attachment":[{"href":"https:\/\/diariodominicano.com\/index.php?rest_route=%2Fwp%2Fv2%2Fmedia&parent=169499"}],"wp:term":[{"taxonomy":"category","embeddable":true,"href":"https:\/\/diariodominicano.com\/index.php?rest_route=%2Fwp%2Fv2%2Fcategories&post=169499"},{"taxonomy":"post_tag","embeddable":true,"href":"https:\/\/diariodominicano.com\/index.php?rest_route=%2Fwp%2Fv2%2Ftags&post=169499"}],"curies":[{"name":"wp","href":"https:\/\/api.w.org\/{rel}","templated":true}]}}