{"id":169318,"date":"2018-11-10T13:58:26","date_gmt":"2018-11-10T13:58:26","guid":{"rendered":"http:\/\/diariodominicano.ddns.net\/?p=169318"},"modified":"2025-12-29T01:03:44","modified_gmt":"2025-12-29T05:03:44","slug":"prensa-latina-destaca-la-reciente-visita-del-presidente-danilo-medina-a-china","status":"publish","type":"post","link":"https:\/\/diariodominicano.com\/?p=169318","title":{"rendered":"Prensa Latina destaca la reciente visita del presidente Danilo Medina a China"},"content":{"rendered":"<p><body><\/p>\n<p><img decoding=\"async\" src=\"img3\/dm3.jpg\" \/>  <\/p>\n<p>Santo Domingo, 10 nov (PL) Amplia repercusi\u00f3n tuvo en la semana que concluye hoy la visita efectuada por el presidente dominicano, Danilo Medina, a China, la primera de Estado a ese pa\u00eds tras el establecimiento de las relaciones diplom\u00e1ticas.<\/p>\n<\/p>\n<p>El mandatario regres\u00f3 de la naci\u00f3n asi\u00e1tica el pasado jueves y seg\u00fan la Presidencia de la Rep\u00fablica, agot\u00f3 una amplia agenda de trabajo tanto con el sector privado como con el p\u00fablico, en la cual identificaron oportunidades de crecimiento y cooperaci\u00f3n.<\/p>\n<\/p>\n<p>Por otra parte, el pa\u00eds celebr\u00f3 el 174 aniversario de la primera Carta Magna del pa\u00eds adoptada en 1844 en medio del debate acerca de una posible reforma, la cual de llevarse a cabo, ser\u00e1 la n\u00famero 40 en su historia.<\/p>\n<\/p>\n<p>En otro orden de cosas, la Coalici\u00f3n por la Vida y los Derechos de las Mujeres llam\u00f3 a los dominicanos a participar en una marcha por la vida, salud y dignidad de las f\u00e9minas que se efectuar\u00e1 el 25 de noviembre.<\/p>\n<\/p>\n<p>En rueda de prensa, la Coalici\u00f3n, integrada por organizaciones sociales, sindicatos, gremios y ciudadan\u00eda independiente, explic\u00f3 que la convocatoria es para esa fecha por conmemorarse el D\u00eda Internacional de la Eliminaci\u00f3n de la Violencia contra la Mujer.<\/p>\n<\/p>\n<p>Tambi\u00e9n la estancia en el pa\u00eds del buque hospital chino Arca de la Paz, fue noticia en estos \u00faltimos siete d\u00edas, la nave atendi\u00f3 a miles de pacientes dominicanos de forma gratuita, algunos referidos desde hospitales de la capital y otras fueron por su cuenta.<\/p>\n<\/p>\n<p>Desde el punto de vista cultural, se conoci\u00f3 que el historiador dominicano Rafael Dar\u00edo Herrera, gan\u00f3 el Premio Anual de Historia Jos\u00e9 Gabriel Garc\u00eda correspondiente a la convocatoria 2018, con la obra El gobierno del Triunvirato, 1963-1965.<\/p>\n<\/p>\n<p>El veredicto del jurado fue dado a conocer por la directora general de la Feria del Libro, Ruth Herrera, en la Sala de la Tertulia de la Biblioteca Nacional en esta capital, en presencia de los viceministros del Cultura, Carlos Santos, Juan Morales y Oscar Holgu\u00edn.<\/p>\n<\/p>\n<p>Asimismo, hubo dos importantes recitales los cuales acapararon la atenci\u00f3n de los dominicanos, uno fue el ofrecido por los cantantes puertorrique\u00f1os Daddy Yankee y Bad Bunny, considerados entre los principales representantes del g\u00e9nero urbano y el otro, por el d\u00fao cubano Buena Fe junto a la cantante anfitriona Sabrina Estepan.<\/p>\n<\/p>\n<p>mv\/ema\/gdc<\/p>\n<h6> 2018-11-10 13:58:26 <\/h6>\n<p><!--\n<link rel=\"stylesheet\" href=\"css\/bootstrap.min.css\">\n\n\n<ul class=\"pagination\">\n\t    \n\t\n\n<li >\n\t<a href='?page_no=4835'>Previous<\/a>\n\t<\/li>\n\n\n       \n    \n\n<li><a href='?page_no=1'>1<\/a><\/li>\n\n\n\n<li><a href='?page_no=2'>2<\/a><\/li>\n\n\n\n<li><a>...<\/a><\/li>\n\n\n\n<li><a href='?page_no=4834'>4834<\/a><\/li>\n\n\n\n<li><a href='?page_no=4835'>4835<\/a><\/li>\n\n\n\n<li class='active'><a>4836<\/a><\/li>\n\n\n\n<li><a href='?page_no=4837'>4837<\/a><\/li>\n\n\n\n<li><a href='?page_no=4838'>4838<\/a><\/li>\n\n\n\n<li><a>...<\/a><\/li>\n\n\n\n<li><a href='?page_no=36999'>36999<\/a><\/li>\n\n\n\n<li><a href='?page_no=37000'>37000<\/a><\/li>\n\n    \n\t\n\n<li >\n\t<a href='?page_no=4837'>Next<\/a>\n\t<\/li>\n\n\n    \n\n<li><a href='?page_no=37000'>Last &rsaquo;&rsaquo;<\/a><\/li>\n\n<\/ul>\n\n\n--><br \/>\n<\/body><\/p>\n","protected":false},"excerpt":{"rendered":"<p>Santo Domingo, 10 nov (PL) Amplia repercusi\u00f3n tuvo en la semana que concluye hoy la visita efectuada por el presidente dominicano, Danilo Medina, a China, la primera de Estado a ese pa\u00eds tras el establecimiento de las relaciones diplom\u00e1ticas. El mandatario regres\u00f3 de la naci\u00f3n asi\u00e1tica el pasado jueves y seg\u00fan la Presidencia de la [&hellip;]<\/p>\n","protected":false},"author":3,"featured_media":0,"comment_status":"open","ping_status":"open","sticky":false,"template":"","format":"standard","meta":{"footnotes":""},"categories":[22],"tags":[3556],"class_list":["post-169318","post","type-post","status-publish","format-standard","hentry","category-politica","tag-prensa-latina"],"_links":{"self":[{"href":"https:\/\/diariodominicano.com\/index.php?rest_route=\/wp\/v2\/posts\/169318","targetHints":{"allow":["GET"]}}],"collection":[{"href":"https:\/\/diariodominicano.com\/index.php?rest_route=\/wp\/v2\/posts"}],"about":[{"href":"https:\/\/diariodominicano.com\/index.php?rest_route=\/wp\/v2\/types\/post"}],"author":[{"embeddable":true,"href":"https:\/\/diariodominicano.com\/index.php?rest_route=\/wp\/v2\/users\/3"}],"replies":[{"embeddable":true,"href":"https:\/\/diariodominicano.com\/index.php?rest_route=%2Fwp%2Fv2%2Fcomments&post=169318"}],"version-history":[{"count":1,"href":"https:\/\/diariodominicano.com\/index.php?rest_route=\/wp\/v2\/posts\/169318\/revisions"}],"predecessor-version":[{"id":657357,"href":"https:\/\/diariodominicano.com\/index.php?rest_route=\/wp\/v2\/posts\/169318\/revisions\/657357"}],"wp:attachment":[{"href":"https:\/\/diariodominicano.com\/index.php?rest_route=%2Fwp%2Fv2%2Fmedia&parent=169318"}],"wp:term":[{"taxonomy":"category","embeddable":true,"href":"https:\/\/diariodominicano.com\/index.php?rest_route=%2Fwp%2Fv2%2Fcategories&post=169318"},{"taxonomy":"post_tag","embeddable":true,"href":"https:\/\/diariodominicano.com\/index.php?rest_route=%2Fwp%2Fv2%2Ftags&post=169318"}],"curies":[{"name":"wp","href":"https:\/\/api.w.org\/{rel}","templated":true}]}}