{"id":169169,"date":"2018-11-29T11:42:47","date_gmt":"2018-11-29T11:42:47","guid":{"rendered":"http:\/\/diariodominicano.ddns.net\/?p=169169"},"modified":"2025-03-31T22:18:45","modified_gmt":"2025-04-01T02:18:45","slug":"diputado-rafael-mendez-llama-a-respetar-soberania-plena-del-cuerpo-de-la-mujer","status":"publish","type":"post","link":"https:\/\/diariodominicano.com\/?p=169169","title":{"rendered":"Diputado Rafael M\u00e9ndez llama a respetar soberan\u00eda plena del cuerpo de la mujer"},"content":{"rendered":"<p><body><\/p>\n<p><img decoding=\"async\" src=\"img3\/diput01.jpg\" \/>  <\/p>\n<p>NEYBA: El Diputado Rafael M\u00e9ndez llam\u00f3 a los diferentes sectores de la sociedad a impulsar una cultura donde la mujer tenga soberan\u00eda plena<\/p>\n<p>sobre su cuerpo, \u00aben la que no se obligue a procrear una criatura producto de una violaci\u00f3n,  de un embarazo por un incesto, o cuando el<\/p>\n<p>embarazo sea determinado cl\u00ednicamente que no es viable\u00bb.<\/p>\n<\/p>\n<p>Al mismo tiempo, el legislador dijo que \u00abla violencia contra la mujer asume las m\u00e1s variadas y diversas manifestaciones, una de las cuales<\/p>\n<p>se materializan en la  brutalidad del feminicidio, como acto cruel, detestable, abominable, y tambi\u00e9n en las manifestaciones m\u00e1s sutiles<\/p>\n<p>que se inducen a trav\u00e9s de un lenguaje sexista, que impone y sugiere la superioridad del macho, del hombre, del ser fuerte, del que se<\/p>\n<p>impone\u00bb.<\/p>\n<\/p>\n<p>El diputado por la Provincia Bahoruco se expres\u00f3 en esos t\u00e9rminos al hablar con motivo del D\u00eda Internacional de la No Violencia Contra la<\/p>\n<p>Mujer, en el que llam\u00f3 a deponer el lenguaje sexista que es el mal end\u00e9mico que ha venido imponiendo una cultura machista, unos valores,<\/p>\n<p>o m\u00e1s bien como inversi\u00f3n de valores, en los que el  hombre ha cre\u00eddo que la mujer es de su propiedad. \u00abDe ah\u00ed que, o es m\u00eda, o no es de nadie&#8230;y la mata\u00bb.<\/p>\n<\/p>\n<p>\u00abDebemos impulsar un lenguaje integral de g\u00e9nero, de forma tal que se desmonte del subconsciente la cultura y el valor del masculino, una<\/p>\n<p>cultura donde la mujer tenga soberan\u00eda plena sobre su cuerpo&#8230;Oigamos bien&#8230;soberan\u00eda plena sobre su cuerpo\u00bb, subray\u00f3.<\/p>\n<\/p>\n<p>Al caracterizar la coyuntura en la que se conmemora el  D\u00eda Internacional de la No Violencia Contra la Mujer, el diputado Mendez dijo hay que establecer como violencia, las m\u00e1s lacerantes situaciones y condiciones que perviven, y que cada d\u00eda deben llamarnos a la atenci\u00f3n y a la m\u00e1s alta preocupaci\u00f3n.<\/p>\n<\/p>\n<p>\u00abNo podemos negar el hecho de que la mujer ha ido llenando importantes espacio en la sociedad, pero tampoco podemos negar que los par\u00e1metros y exigencias de los organismos internacionales nos colocan como un pa\u00eds donde se registran altas tasas de mortalidad materna (92 por cada mil, y un alto porciento evitable, de mortalidad infantil (25 por cada mil nacidos vivos.<\/p>\n<\/p>\n<p>\u00abAltos niveles de ces\u00e1reas, y sus funestas consecuencias (45 por ciento en el  sector p\u00fablico y 85 en el sector privado. Los requerimientos internacionales son 15 por ciento, altas tasas de embarazos en la adolescencia, uniones maritales a temprana edad y bajos niveles de lactancia materna, y poca atenci\u00f3n para educar en torno a la importancia de la lactancia materna para el crecimiento sano del ni\u00f1o o la ni\u00f1a\u00bb, deplor\u00f3.<\/p>\n<\/p>\n<p>M\u00e9ndez dijo que la caracterizaci\u00f3n de esa lacerante realidad, \u00abnos obliga a comprometernos con agresivas pol\u00edticas de salud, que coadyuven a superar estas debilidades del sistema en el corto y mediano plazo.<\/p>\n<h6> 2018-11-29 11:42:47 <\/h6>\n<p><!--\n<link rel=\"stylesheet\" href=\"css\/bootstrap.min.css\">\n\n\n<ul class=\"pagination\">\n\t    \n\t\n\n<li >\n\t<a href='?page_no=4700'>Previous<\/a>\n\t<\/li>\n\n\n       \n    \n\n<li><a href='?page_no=1'>1<\/a><\/li>\n\n\n\n<li><a href='?page_no=2'>2<\/a><\/li>\n\n\n\n<li><a>...<\/a><\/li>\n\n\n\n<li><a href='?page_no=4699'>4699<\/a><\/li>\n\n\n\n<li><a href='?page_no=4700'>4700<\/a><\/li>\n\n\n\n<li class='active'><a>4701<\/a><\/li>\n\n\n\n<li><a href='?page_no=4702'>4702<\/a><\/li>\n\n\n\n<li><a href='?page_no=4703'>4703<\/a><\/li>\n\n\n\n<li><a>...<\/a><\/li>\n\n\n\n<li><a href='?page_no=36999'>36999<\/a><\/li>\n\n\n\n<li><a href='?page_no=37000'>37000<\/a><\/li>\n\n    \n\t\n\n<li >\n\t<a href='?page_no=4702'>Next<\/a>\n\t<\/li>\n\n\n    \n\n<li><a href='?page_no=37000'>Last &rsaquo;&rsaquo;<\/a><\/li>\n\n<\/ul>\n\n\n--><br \/>\n<\/body><\/p>\n","protected":false},"excerpt":{"rendered":"<p>NEYBA: El Diputado Rafael M\u00e9ndez llam\u00f3 a los diferentes sectores de la sociedad a impulsar una cultura donde la mujer tenga soberan\u00eda plena sobre su cuerpo, \u00aben la que no se obligue a procrear una criatura producto de una violaci\u00f3n, de un embarazo por un incesto, o cuando el embarazo sea determinado cl\u00ednicamente que no [&hellip;]<\/p>\n","protected":false},"author":3,"featured_media":490253,"comment_status":"open","ping_status":"open","sticky":false,"template":"","format":"standard","meta":{"footnotes":""},"categories":[22],"tags":[178],"class_list":["post-169169","post","type-post","status-publish","format-standard","has-post-thumbnail","hentry","category-politica","tag-rafael-mendez"],"_links":{"self":[{"href":"https:\/\/diariodominicano.com\/index.php?rest_route=\/wp\/v2\/posts\/169169","targetHints":{"allow":["GET"]}}],"collection":[{"href":"https:\/\/diariodominicano.com\/index.php?rest_route=\/wp\/v2\/posts"}],"about":[{"href":"https:\/\/diariodominicano.com\/index.php?rest_route=\/wp\/v2\/types\/post"}],"author":[{"embeddable":true,"href":"https:\/\/diariodominicano.com\/index.php?rest_route=\/wp\/v2\/users\/3"}],"replies":[{"embeddable":true,"href":"https:\/\/diariodominicano.com\/index.php?rest_route=%2Fwp%2Fv2%2Fcomments&post=169169"}],"version-history":[{"count":1,"href":"https:\/\/diariodominicano.com\/index.php?rest_route=\/wp\/v2\/posts\/169169\/revisions"}],"predecessor-version":[{"id":606953,"href":"https:\/\/diariodominicano.com\/index.php?rest_route=\/wp\/v2\/posts\/169169\/revisions\/606953"}],"wp:featuredmedia":[{"embeddable":true,"href":"https:\/\/diariodominicano.com\/index.php?rest_route=\/wp\/v2\/media\/490253"}],"wp:attachment":[{"href":"https:\/\/diariodominicano.com\/index.php?rest_route=%2Fwp%2Fv2%2Fmedia&parent=169169"}],"wp:term":[{"taxonomy":"category","embeddable":true,"href":"https:\/\/diariodominicano.com\/index.php?rest_route=%2Fwp%2Fv2%2Fcategories&post=169169"},{"taxonomy":"post_tag","embeddable":true,"href":"https:\/\/diariodominicano.com\/index.php?rest_route=%2Fwp%2Fv2%2Ftags&post=169169"}],"curies":[{"name":"wp","href":"https:\/\/api.w.org\/{rel}","templated":true}]}}