{"id":169081,"date":"2018-12-11T10:24:13","date_gmt":"2018-12-11T10:24:13","guid":{"rendered":"http:\/\/diariodominicano.ddns.net\/?p=169081"},"modified":"2025-03-31T22:22:02","modified_gmt":"2025-04-01T02:22:02","slug":"conacoop-valora-aportes-del-diputado-rafael-mendez-al-sector-cooperativo-nacional","status":"publish","type":"post","link":"https:\/\/diariodominicano.com\/?p=169081","title":{"rendered":"CONACOOP valora aportes del diputado Rafael M\u00e9ndez al sector cooperativo nacional"},"content":{"rendered":"<p><img decoding=\"async\" src=\"img3\/corpor.jpg\" \/><\/p>\n<p>SANTO DOMINGO: El Consejo Nacional de Cooperativas (CONACOOP) reconoci\u00f3 los aportes del diputado Rafael M\u00e9ndez al sector cooperativo<\/p>\n<p>dominicano, y de manera particular, a las iniciativas que desde el Congreso buscan dotar al movimiento de una legislaci\u00f3n que se adapte a<\/p>\n<p>los avances logrados por el sector hasta este momento.<\/p>\n<p>En su discurso central ante la Asamblea Nacional de Delegados del CONACOOP, celebrada este domingo, su presidente Julito Fulcar, quien<\/p>\n<p>tambi\u00e9n es diputado, valor\u00f3 la disposici\u00f3n del legislador por la provincia Bahoruco, quien junto a otros congresistas, han encaminado<\/p>\n<p>iniciativas orientadas a dotar al cooperativismo nacional de un c\u00f3digo cooperativo.<\/p>\n<p>El diputado M\u00e9ndez ha estado vinculado al sector cooperativo desde hace muchos a\u00f1os, en que ha servido como t\u00e9cnico, ha escrito libros y<\/p>\n<p>folletos sobre la materia, y fue Director General del Instituto de Desarrollo y Cr\u00e9dito Cooperativo (IDECOOP), el ente estatal del Estado<\/p>\n<p>para el sector, en el primer gobierno del Partido de la Liberaci\u00f3n Dominicana (PLD).<\/p>\n<h6>2018-12-11 10:24:13<\/h6>\n<p><!--\n \t<link rel=\"stylesheet\" href=\"css\/bootstrap.min.css\">\n\n\n<ul class=\"pagination\">\n \t\n\n<li >\n\t<a href='?page_no=4621'>Previous<\/a><\/li>\n\n\n \t\n\n<li><a href='?page_no=1'>1<\/a><\/li>\n\n\n \t\n\n<li><a href='?page_no=2'>2<\/a><\/li>\n\n\n \t\n\n<li><a>...<\/a><\/li>\n\n\n \t\n\n<li><a href='?page_no=4620'>4620<\/a><\/li>\n\n\n \t\n\n<li><a href='?page_no=4621'>4621<\/a><\/li>\n\n\n \t\n\n<li class='active'><a>4622<\/a><\/li>\n\n\n \t\n\n<li><a href='?page_no=4623'>4623<\/a><\/li>\n\n\n \t\n\n<li><a href='?page_no=4624'>4624<\/a><\/li>\n\n\n \t\n\n<li><a>...<\/a><\/li>\n\n\n \t\n\n<li><a href='?page_no=36999'>36999<\/a><\/li>\n\n\n \t\n\n<li><a href='?page_no=37000'>37000<\/a><\/li>\n\n\n \t\n\n<li >\n\t<a href='?page_no=4623'>Next<\/a><\/li>\n\n\n \t\n\n<li><a href='?page_no=37000'>Last &rsaquo;&rsaquo;<\/a><\/li>\n\n\n<\/ul>\n\n\n--><\/p>\n","protected":false},"excerpt":{"rendered":"<p>SANTO DOMINGO: El Consejo Nacional de Cooperativas (CONACOOP) reconoci\u00f3 los aportes del diputado Rafael M\u00e9ndez al sector cooperativo dominicano, y de manera particular, a las iniciativas que desde el Congreso buscan dotar al movimiento de una legislaci\u00f3n que se adapte a los avances logrados por el sector hasta este momento. En su discurso central ante [&hellip;]<\/p>\n","protected":false},"author":3,"featured_media":585841,"comment_status":"open","ping_status":"open","sticky":false,"template":"","format":"standard","meta":{"footnotes":""},"categories":[22],"tags":[178],"class_list":["post-169081","post","type-post","status-publish","format-standard","has-post-thumbnail","hentry","category-politica","tag-rafael-mendez"],"_links":{"self":[{"href":"https:\/\/diariodominicano.com\/index.php?rest_route=\/wp\/v2\/posts\/169081","targetHints":{"allow":["GET"]}}],"collection":[{"href":"https:\/\/diariodominicano.com\/index.php?rest_route=\/wp\/v2\/posts"}],"about":[{"href":"https:\/\/diariodominicano.com\/index.php?rest_route=\/wp\/v2\/types\/post"}],"author":[{"embeddable":true,"href":"https:\/\/diariodominicano.com\/index.php?rest_route=\/wp\/v2\/users\/3"}],"replies":[{"embeddable":true,"href":"https:\/\/diariodominicano.com\/index.php?rest_route=%2Fwp%2Fv2%2Fcomments&post=169081"}],"version-history":[{"count":2,"href":"https:\/\/diariodominicano.com\/index.php?rest_route=\/wp\/v2\/posts\/169081\/revisions"}],"predecessor-version":[{"id":606963,"href":"https:\/\/diariodominicano.com\/index.php?rest_route=\/wp\/v2\/posts\/169081\/revisions\/606963"}],"wp:featuredmedia":[{"embeddable":true,"href":"https:\/\/diariodominicano.com\/index.php?rest_route=\/wp\/v2\/media\/585841"}],"wp:attachment":[{"href":"https:\/\/diariodominicano.com\/index.php?rest_route=%2Fwp%2Fv2%2Fmedia&parent=169081"}],"wp:term":[{"taxonomy":"category","embeddable":true,"href":"https:\/\/diariodominicano.com\/index.php?rest_route=%2Fwp%2Fv2%2Fcategories&post=169081"},{"taxonomy":"post_tag","embeddable":true,"href":"https:\/\/diariodominicano.com\/index.php?rest_route=%2Fwp%2Fv2%2Ftags&post=169081"}],"curies":[{"name":"wp","href":"https:\/\/api.w.org\/{rel}","templated":true}]}}