{"id":168996,"date":"2018-12-26T10:08:08","date_gmt":"2018-12-26T10:08:08","guid":{"rendered":"http:\/\/diariodominicano.ddns.net\/?p=168996"},"modified":"2025-03-31T22:18:02","modified_gmt":"2025-04-01T02:18:02","slug":"diputado-rafael-mendez-expresa-satisfaccion-con-equipo-de-trabajo-por-respetar-dignidad-de-la-persona-durante-entrega-de-presentes-navidad","status":"publish","type":"post","link":"https:\/\/diariodominicano.com\/?p=168996","title":{"rendered":"Diputado Rafael M\u00e9ndez expresa satisfacci\u00f3n con equipo de trabajo por respetar dignidad de la persona durante entrega de presentes Navidad"},"content":{"rendered":"<p><body><\/p>\n<p><img decoding=\"async\" src=\"img3\/senadd.jpg\" \/>  <\/p>\n<p>NEYBA. El aspirante a senador y actual diputado Rafael M\u00e9ndez valor\u00f3 que en la entrega \u00abde lo mucho o poco\u00bb que pudo hacer llegar a sus<\/p>\n<p>comprovincianos en esta Navidad, \u00abmi mayor satisfacci\u00f3n, y de quienes tuvieron la responsabilidad de la entrega, es haber respetado la<\/p>\n<p>dignidad de la persona, por lo que les expreso mi m\u00e1s sinceras felicitaciones\u00bb.<\/p>\n<\/p>\n<p>Seg\u00fan el legislador, en el balance recogido entre los equipos que trabajaron en cada demarcaci\u00f3n, se destaca que \u00abcomo siempre, les<\/p>\n<p>hemos hecho entrega de los presentes a la gente sin estruj\u00e1rselo en la cara, sin tomarse fotos y subirlas a las redes, sin empujones, sin que<\/p>\n<p>sean o no sean de los m\u00edos, y sin distinci\u00f3n pol\u00edtica\u00bb.<\/p>\n<\/p>\n<p>M\u00e9ndez inform\u00f3 que en cada uno de las comunidades funcionaron, como es de costumbre, varios equipos y personas individuales a quienes se les hizo llegar lo que les correspond\u00eda distribuir, y en algunos casos a los beneficiarios se le estrega un tique para que a una determina hora vaya a un determinado lugar a retirar el presente que le que se le hab\u00eda asignado, y en otros casos se les llev\u00f3 a sus respectivas casas.<\/p>\n<\/p>\n<p>\u00abDe esa manera hemos sido consecuente con nuestra trayectoria de respetar la dignidad de las personas, y consecuente tambi\u00e9n con nuestra pr\u00e9dica de que a la gente no se le debe estrujar en la cara lo que se hace por ellos. Servirles de todo coraz\u00f3n, sin buscar beneficio pol\u00edtico o electorero, como horizonte de nuestra actuaci\u00f3n\u00bb, expres\u00f3 el congresista.<\/p>\n<h6> 2018-12-26 10:08:08 <\/h6>\n<p><!--\n<link rel=\"stylesheet\" href=\"css\/bootstrap.min.css\">\n\n\n<ul class=\"pagination\">\n\t    \n\t\n\n<li >\n\t<a href='?page_no=4545'>Previous<\/a>\n\t<\/li>\n\n\n       \n    \n\n<li><a href='?page_no=1'>1<\/a><\/li>\n\n\n\n<li><a href='?page_no=2'>2<\/a><\/li>\n\n\n\n<li><a>...<\/a><\/li>\n\n\n\n<li><a href='?page_no=4544'>4544<\/a><\/li>\n\n\n\n<li><a href='?page_no=4545'>4545<\/a><\/li>\n\n\n\n<li class='active'><a>4546<\/a><\/li>\n\n\n\n<li><a href='?page_no=4547'>4547<\/a><\/li>\n\n\n\n<li><a href='?page_no=4548'>4548<\/a><\/li>\n\n\n\n<li><a>...<\/a><\/li>\n\n\n\n<li><a href='?page_no=36999'>36999<\/a><\/li>\n\n\n\n<li><a href='?page_no=37000'>37000<\/a><\/li>\n\n    \n\t\n\n<li >\n\t<a href='?page_no=4547'>Next<\/a>\n\t<\/li>\n\n\n    \n\n<li><a href='?page_no=37000'>Last &rsaquo;&rsaquo;<\/a><\/li>\n\n<\/ul>\n\n\n--><br \/>\n<\/body><\/p>\n","protected":false},"excerpt":{"rendered":"<p>NEYBA. El aspirante a senador y actual diputado Rafael M\u00e9ndez valor\u00f3 que en la entrega \u00abde lo mucho o poco\u00bb que pudo hacer llegar a sus comprovincianos en esta Navidad, \u00abmi mayor satisfacci\u00f3n, y de quienes tuvieron la responsabilidad de la entrega, es haber respetado la dignidad de la persona, por lo que les expreso [&hellip;]<\/p>\n","protected":false},"author":3,"featured_media":585841,"comment_status":"open","ping_status":"open","sticky":false,"template":"","format":"standard","meta":{"footnotes":""},"categories":[22],"tags":[178],"class_list":["post-168996","post","type-post","status-publish","format-standard","has-post-thumbnail","hentry","category-politica","tag-rafael-mendez"],"_links":{"self":[{"href":"https:\/\/diariodominicano.com\/index.php?rest_route=\/wp\/v2\/posts\/168996","targetHints":{"allow":["GET"]}}],"collection":[{"href":"https:\/\/diariodominicano.com\/index.php?rest_route=\/wp\/v2\/posts"}],"about":[{"href":"https:\/\/diariodominicano.com\/index.php?rest_route=\/wp\/v2\/types\/post"}],"author":[{"embeddable":true,"href":"https:\/\/diariodominicano.com\/index.php?rest_route=\/wp\/v2\/users\/3"}],"replies":[{"embeddable":true,"href":"https:\/\/diariodominicano.com\/index.php?rest_route=%2Fwp%2Fv2%2Fcomments&post=168996"}],"version-history":[{"count":1,"href":"https:\/\/diariodominicano.com\/index.php?rest_route=\/wp\/v2\/posts\/168996\/revisions"}],"predecessor-version":[{"id":606952,"href":"https:\/\/diariodominicano.com\/index.php?rest_route=\/wp\/v2\/posts\/168996\/revisions\/606952"}],"wp:featuredmedia":[{"embeddable":true,"href":"https:\/\/diariodominicano.com\/index.php?rest_route=\/wp\/v2\/media\/585841"}],"wp:attachment":[{"href":"https:\/\/diariodominicano.com\/index.php?rest_route=%2Fwp%2Fv2%2Fmedia&parent=168996"}],"wp:term":[{"taxonomy":"category","embeddable":true,"href":"https:\/\/diariodominicano.com\/index.php?rest_route=%2Fwp%2Fv2%2Fcategories&post=168996"},{"taxonomy":"post_tag","embeddable":true,"href":"https:\/\/diariodominicano.com\/index.php?rest_route=%2Fwp%2Fv2%2Ftags&post=168996"}],"curies":[{"name":"wp","href":"https:\/\/api.w.org\/{rel}","templated":true}]}}