{"id":168753,"date":"2019-01-26T11:29:09","date_gmt":"2019-01-26T11:29:09","guid":{"rendered":"http:\/\/diariodominicano.ddns.net\/?p=168753"},"modified":"2025-03-31T22:21:17","modified_gmt":"2025-04-01T02:21:17","slug":"diputado-rafael-mendez-asegura-senadores-tienen-terror-al-voto-preferencial","status":"publish","type":"post","link":"https:\/\/diariodominicano.com\/?p=168753","title":{"rendered":"Diputado Rafael M\u00e9ndez asegura senadores tienen terror al voto preferencial"},"content":{"rendered":"<p><body><\/p>\n<p><img decoding=\"async\" src=\"img3\/mend1.jpg\" \/>  <\/p>\n<p>NEYBA: El aspirante a senador y diputado por el Partido de la Liberaci\u00f3n Dominicana (PLD), Rafael M\u00e9ndez dijo que los senadores se<\/p>\n<p>han acostumbrado a una participaci\u00f3n muy c\u00f3moda en los hombros de los diputados.<\/p>\n<\/p>\n<p>Mendez, dijo \u00aby por eso le tienen terror, y le huyen como el diablo a la cruz a participar en unos comicios con el sistema preferencial,<\/p>\n<p>donde los aspirantes congresuales se batan de igual a igual en sus respectivas demarcaciones\u00bb.<\/p>\n<\/p>\n<p>\u00abY para las primarias venideras, no s\u00f3lo aspiraran a continuar cabalgando en el lomo de los diputados, sino que est\u00e1n presionando<\/p>\n<p>para que sus candidaturas para los comicios de mayo del 2020 le sean reservadas, y no participar en las primarias de octubre\u00bb, denuncio.<\/p>\n<\/p>\n<p>El diputado por la provincia Bahoruco se mostr\u00f3 de acuerdo con el planteamiento de la Fundaci\u00f3n Institucionalidad y Justicia, (Finjus),<\/p>\n<p>que consider\u00f3 necesario que sean revisadas las disposiciones que permiten el arrastre de diputados a senadores, a fin de adecuarlas en<\/p>\n<p>la Ley de R\u00e9gimen Electoral a los principios constitucionales que fundamentan nuestro sistema democr\u00e1tico.<\/p>\n<\/p>\n<p>M\u00e9ndez entiende que es el momento de superar lo que llamo \u00abestafa al elector\u00bb, debido a que, como establece Finjus, \u00abcuando el elector vota<\/p>\n<p>por el candidato a diputado de su preferencia de forma inmediata ese voto se le computa al candidato a senador del partido, independientemente de la simpat\u00eda del votante\u00bb.<\/p>\n<h6> 2019-01-26 11:29:09 <\/h6>\n<p><!--\n<link rel=\"stylesheet\" href=\"css\/bootstrap.min.css\">\n\n\n<ul class=\"pagination\">\n\t    \n\t\n\n<li >\n\t<a href='?page_no=4326'>Previous<\/a>\n\t<\/li>\n\n\n       \n    \n\n<li><a href='?page_no=1'>1<\/a><\/li>\n\n\n\n<li><a href='?page_no=2'>2<\/a><\/li>\n\n\n\n<li><a>...<\/a><\/li>\n\n\n\n<li><a href='?page_no=4325'>4325<\/a><\/li>\n\n\n\n<li><a href='?page_no=4326'>4326<\/a><\/li>\n\n\n\n<li class='active'><a>4327<\/a><\/li>\n\n\n\n<li><a href='?page_no=4328'>4328<\/a><\/li>\n\n\n\n<li><a href='?page_no=4329'>4329<\/a><\/li>\n\n\n\n<li><a>...<\/a><\/li>\n\n\n\n<li><a href='?page_no=36999'>36999<\/a><\/li>\n\n\n\n<li><a href='?page_no=37000'>37000<\/a><\/li>\n\n    \n\t\n\n<li >\n\t<a href='?page_no=4328'>Next<\/a>\n\t<\/li>\n\n\n    \n\n<li><a href='?page_no=37000'>Last &rsaquo;&rsaquo;<\/a><\/li>\n\n<\/ul>\n\n\n--><br \/>\n<\/body><\/p>\n","protected":false},"excerpt":{"rendered":"<p>NEYBA: El aspirante a senador y diputado por el Partido de la Liberaci\u00f3n Dominicana (PLD), Rafael M\u00e9ndez dijo que los senadores se han acostumbrado a una participaci\u00f3n muy c\u00f3moda en los hombros de los diputados. Mendez, dijo \u00aby por eso le tienen terror, y le huyen como el diablo a la cruz a participar en [&hellip;]<\/p>\n","protected":false},"author":3,"featured_media":585841,"comment_status":"open","ping_status":"open","sticky":false,"template":"","format":"standard","meta":{"footnotes":""},"categories":[22],"tags":[178],"class_list":["post-168753","post","type-post","status-publish","format-standard","has-post-thumbnail","hentry","category-politica","tag-rafael-mendez"],"_links":{"self":[{"href":"https:\/\/diariodominicano.com\/index.php?rest_route=\/wp\/v2\/posts\/168753","targetHints":{"allow":["GET"]}}],"collection":[{"href":"https:\/\/diariodominicano.com\/index.php?rest_route=\/wp\/v2\/posts"}],"about":[{"href":"https:\/\/diariodominicano.com\/index.php?rest_route=\/wp\/v2\/types\/post"}],"author":[{"embeddable":true,"href":"https:\/\/diariodominicano.com\/index.php?rest_route=\/wp\/v2\/users\/3"}],"replies":[{"embeddable":true,"href":"https:\/\/diariodominicano.com\/index.php?rest_route=%2Fwp%2Fv2%2Fcomments&post=168753"}],"version-history":[{"count":1,"href":"https:\/\/diariodominicano.com\/index.php?rest_route=\/wp\/v2\/posts\/168753\/revisions"}],"predecessor-version":[{"id":606961,"href":"https:\/\/diariodominicano.com\/index.php?rest_route=\/wp\/v2\/posts\/168753\/revisions\/606961"}],"wp:featuredmedia":[{"embeddable":true,"href":"https:\/\/diariodominicano.com\/index.php?rest_route=\/wp\/v2\/media\/585841"}],"wp:attachment":[{"href":"https:\/\/diariodominicano.com\/index.php?rest_route=%2Fwp%2Fv2%2Fmedia&parent=168753"}],"wp:term":[{"taxonomy":"category","embeddable":true,"href":"https:\/\/diariodominicano.com\/index.php?rest_route=%2Fwp%2Fv2%2Fcategories&post=168753"},{"taxonomy":"post_tag","embeddable":true,"href":"https:\/\/diariodominicano.com\/index.php?rest_route=%2Fwp%2Fv2%2Ftags&post=168753"}],"curies":[{"name":"wp","href":"https:\/\/api.w.org\/{rel}","templated":true}]}}