{"id":168724,"date":"2019-01-29T11:38:51","date_gmt":"2019-01-29T11:38:51","guid":{"rendered":"http:\/\/diariodominicano.ddns.net\/?p=168724"},"modified":"2025-03-31T22:21:43","modified_gmt":"2025-04-01T02:21:43","slug":"diputado-rafael-mendez-asegura-gran-debilidad-senador-paula-es-presentar-propuestas-creibles","status":"publish","type":"post","link":"https:\/\/diariodominicano.com\/?p=168724","title":{"rendered":"Diputado Rafael M\u00e9ndez asegura \u00abGran Debilidad\u00bb Senador Paula es presentar propuestas cre\u00edbles"},"content":{"rendered":"<p><body><\/p>\n<p><img decoding=\"async\" src=\"img3\/mend11.jpg\" \/>  <\/p>\n<p>NEYBA, Bahoruco:  Para el aspirante a senador y actual diputado por el Partido de la Liberaci\u00f3n Dominicana (PLD),  Rafael M\u00e9ndez, la gran<\/p>\n<p>debilidad del senador Manuel Paula, es que no puede articular un discurso cre\u00edble, \u00abdebido a que en ninguna parte de la provincia tiene<\/p>\n<p>hechos sobre los cuales sustentar sus propuestas, despu\u00e9s de nueve a\u00f1os en el puesto y tres a\u00f1os de campana\u00bb<\/p>\n<\/p>\n<p>\u00abEl pol\u00edtico, sobre todo cuando est\u00e1 en una posici\u00f3n electiva, labra su propia vigencia pol\u00edtica a partir de sus acciones, de sus<\/p>\n<p>iniciativas, de los hechos que pueda presentar al electorado como sus realizaciones particulares, y esa es la gran debilidad que gravita<\/p>\n<p>negativamente sobre el senador\u00bb, apunt\u00f3.<\/p>\n<\/p>\n<p>\u00abSin embargo, la gran fortaleza de mi discurso, de mis propuestas, cortejadas de una gran autoridad moral y pol\u00edtica que la sustenta,<\/p>\n<p>est\u00e1 cimentado en realizaciones que puedo presentar en todos los municipios de la orovincia Bahoruco\u00bb, a\u00f1adi\u00f3.<\/p>\n<\/p>\n<p>El aspirante senatorial dijo sentir la gran satisfacci\u00f3n de que en un alto por ciento de los hogares que visita siempre se encuentra con<\/p>\n<p>personas que le expresan sus testimonios espont\u00e1neo de algo que ha llegado como acci\u00f3n del diputado, de manera directa, a una persona<\/p>\n<p>allegada o a un vecino\u00bb.<\/p>\n<\/p>\n<p>\u00abSon las acciones propias las que el pol\u00edtico debe exhibir, sobre todo si est\u00e1 en campa\u00f1a, y m\u00e1s a\u00fan si busca repetir en un cargo que se debe<\/p>\n<p>a la voluntad de la gente, que en el caso de los pelede\u00edstas, tendremos que medirnos en el universo del mercado electoral, en las primarias que se celebrar\u00e1n en octubre\u00bb, se\u00f1al\u00f3.<\/p>\n<h6> 2019-01-29 11:38:51 <\/h6>\n<p><!--\n<link rel=\"stylesheet\" href=\"css\/bootstrap.min.css\">\n\n\n<ul class=\"pagination\">\n\t    \n\t\n\n<li >\n\t<a href='?page_no=4299'>Previous<\/a>\n\t<\/li>\n\n\n       \n    \n\n<li><a href='?page_no=1'>1<\/a><\/li>\n\n\n\n<li><a href='?page_no=2'>2<\/a><\/li>\n\n\n\n<li><a>...<\/a><\/li>\n\n\n\n<li><a href='?page_no=4298'>4298<\/a><\/li>\n\n\n\n<li><a href='?page_no=4299'>4299<\/a><\/li>\n\n\n\n<li class='active'><a>4300<\/a><\/li>\n\n\n\n<li><a href='?page_no=4301'>4301<\/a><\/li>\n\n\n\n<li><a href='?page_no=4302'>4302<\/a><\/li>\n\n\n\n<li><a>...<\/a><\/li>\n\n\n\n<li><a href='?page_no=36999'>36999<\/a><\/li>\n\n\n\n<li><a href='?page_no=37000'>37000<\/a><\/li>\n\n    \n\t\n\n<li >\n\t<a href='?page_no=4301'>Next<\/a>\n\t<\/li>\n\n\n    \n\n<li><a href='?page_no=37000'>Last &rsaquo;&rsaquo;<\/a><\/li>\n\n<\/ul>\n\n\n--><br \/>\n<\/body><\/p>\n","protected":false},"excerpt":{"rendered":"<p>NEYBA, Bahoruco: Para el aspirante a senador y actual diputado por el Partido de la Liberaci\u00f3n Dominicana (PLD), Rafael M\u00e9ndez, la gran debilidad del senador Manuel Paula, es que no puede articular un discurso cre\u00edble, \u00abdebido a que en ninguna parte de la provincia tiene hechos sobre los cuales sustentar sus propuestas, despu\u00e9s de nueve [&hellip;]<\/p>\n","protected":false},"author":3,"featured_media":585841,"comment_status":"open","ping_status":"open","sticky":false,"template":"","format":"standard","meta":{"footnotes":""},"categories":[22],"tags":[178],"class_list":["post-168724","post","type-post","status-publish","format-standard","has-post-thumbnail","hentry","category-politica","tag-rafael-mendez"],"_links":{"self":[{"href":"https:\/\/diariodominicano.com\/index.php?rest_route=\/wp\/v2\/posts\/168724","targetHints":{"allow":["GET"]}}],"collection":[{"href":"https:\/\/diariodominicano.com\/index.php?rest_route=\/wp\/v2\/posts"}],"about":[{"href":"https:\/\/diariodominicano.com\/index.php?rest_route=\/wp\/v2\/types\/post"}],"author":[{"embeddable":true,"href":"https:\/\/diariodominicano.com\/index.php?rest_route=\/wp\/v2\/users\/3"}],"replies":[{"embeddable":true,"href":"https:\/\/diariodominicano.com\/index.php?rest_route=%2Fwp%2Fv2%2Fcomments&post=168724"}],"version-history":[{"count":1,"href":"https:\/\/diariodominicano.com\/index.php?rest_route=\/wp\/v2\/posts\/168724\/revisions"}],"predecessor-version":[{"id":606962,"href":"https:\/\/diariodominicano.com\/index.php?rest_route=\/wp\/v2\/posts\/168724\/revisions\/606962"}],"wp:featuredmedia":[{"embeddable":true,"href":"https:\/\/diariodominicano.com\/index.php?rest_route=\/wp\/v2\/media\/585841"}],"wp:attachment":[{"href":"https:\/\/diariodominicano.com\/index.php?rest_route=%2Fwp%2Fv2%2Fmedia&parent=168724"}],"wp:term":[{"taxonomy":"category","embeddable":true,"href":"https:\/\/diariodominicano.com\/index.php?rest_route=%2Fwp%2Fv2%2Fcategories&post=168724"},{"taxonomy":"post_tag","embeddable":true,"href":"https:\/\/diariodominicano.com\/index.php?rest_route=%2Fwp%2Fv2%2Ftags&post=168724"}],"curies":[{"name":"wp","href":"https:\/\/api.w.org\/{rel}","templated":true}]}}