{"id":168642,"date":"2019-02-07T10:52:07","date_gmt":"2019-02-07T10:52:07","guid":{"rendered":"http:\/\/diariodominicano.ddns.net\/?p=168642"},"modified":"2025-03-31T21:55:07","modified_gmt":"2025-04-01T01:55:07","slug":"diputado-rafael-mendez-recibe-apoyo-para-la-senaduria-de-bahoruco-por-el-pld","status":"publish","type":"post","link":"https:\/\/diariodominicano.com\/?p=168642","title":{"rendered":"Diputado Rafael M\u00e9ndez recibe apoyo para la senadur\u00eda de Bahoruco por el PLD"},"content":{"rendered":"<p><body><\/p>\n<p><img decoding=\"async\" src=\"img3\/bahor1.jpg\" \/><br \/><img decoding=\"async\" src=\"img3\/bahor2.jpg\" \/>  <\/p>\n<p>VILLA JARAGUA, Bahoruco: Inici\u00f3 formalmente la precampa\u00f1a el aspirante a Senador y diputado Rafael M\u00e9ndez, del Partido por la Liberaci\u00f3n<\/p>\n<p>Dominicana (PLD), con un emotivo y concurrido acto en su casa de Villa Jaragua, donde se respir\u00f3 ya un golpe de tim\u00f3n en la pol\u00edtica local,<\/p>\n<p>\u00abcon los pies en el acelerador rumbo al alcance indetenible de la senadur\u00eda de la Rep\u00fablica por la Provincia Bahoruco\u00bb.<\/p>\n<\/p>\n<p>Una masiva y espont\u00e1nea asistencia confirm\u00f3 que la poblaci\u00f3n no quiere al actual senador, que al un\u00edsono la multitud vocifer\u00f3 que es para<\/p>\n<p>fuera que va, al tiempo que los oradores dijeron es un \u00abexponente de una vieja forma de hacer pol\u00edtica que coloca los privilegios propios y<\/p>\n<p>familiares por encima de los intereses de las mayor\u00edas\u00bb.<\/p>\n<\/p>\n<p>\u00abDebemos trabajar para que la gente tenga acceso a una vida mejor. No se puede jugar con la miseria del pueblo, y aqu\u00ed hemos visto que el<\/p>\n<p>senador saliente tiene acaparadas un lote de neveras y lavadoras y no las entrega a los pobladores\u00bb, asegur\u00f3 M\u00e9ndez durante su intervenci\u00f3n.<\/p>\n<\/p>\n<p>Y a\u00f1adi\u00f3: \u00abYo reto aqu\u00ed a cualquiera a que mencione una sola obra que sea iniciativa de este se\u00f1or que no ha venido esta localidad en 9 a\u00f1os<\/p>\n<p>que lleva en el cargo. Yo vengo de un hogar pobre, con piso de tierra, sin agua potable por tuber\u00edas; yo s\u00e9 las penurias que pasa la gente, y<\/p>\n<p>por eso lucho para que nadie tenga que vivir en condiciones en las que yo me crie\u00bb.<\/p>\n<\/p>\n<p>\u00abYo no necesito hacer esas viejas promesas de pol\u00edticos que hacen cuando est\u00e1n en campa\u00f1a, y despu\u00e9s cuando ganan se les olvida. No, no<\/p>\n<p>vengo a prometer porque yo vengo de abajo como ustedes, y mi mayor aspiraci\u00f3n es colocar la senadur\u00eda de esta provincia al servicio de la<\/p>\n<p>gente y no de familiares y amigos\u00bb\u00bb, destac\u00f3.<\/p>\n<\/p>\n<p>M\u00e9ndez dijo que el actual senador est\u00e1 cargando con un gran rechazo, que se manifiesta con m\u00e1s fuerza en su propio pueblo, por la<\/p>\n<p>inactividad durante su gesti\u00f3n en la que estuvo permanentemente ausente.<\/p>\n<h6> 2019-02-07 10:52:07 <\/h6>\n<p><!--\n<link rel=\"stylesheet\" href=\"css\/bootstrap.min.css\">\n\n\n<ul class=\"pagination\">\n\t    \n\t\n\n<li >\n\t<a href='?page_no=4226'>Previous<\/a>\n\t<\/li>\n\n\n       \n    \n\n<li><a href='?page_no=1'>1<\/a><\/li>\n\n\n\n<li><a href='?page_no=2'>2<\/a><\/li>\n\n\n\n<li><a>...<\/a><\/li>\n\n\n\n<li><a href='?page_no=4225'>4225<\/a><\/li>\n\n\n\n<li><a href='?page_no=4226'>4226<\/a><\/li>\n\n\n\n<li class='active'><a>4227<\/a><\/li>\n\n\n\n<li><a href='?page_no=4228'>4228<\/a><\/li>\n\n\n\n<li><a href='?page_no=4229'>4229<\/a><\/li>\n\n\n\n<li><a>...<\/a><\/li>\n\n\n\n<li><a href='?page_no=36999'>36999<\/a><\/li>\n\n\n\n<li><a href='?page_no=37000'>37000<\/a><\/li>\n\n    \n\t\n\n<li >\n\t<a href='?page_no=4228'>Next<\/a>\n\t<\/li>\n\n\n    \n\n<li><a href='?page_no=37000'>Last &rsaquo;&rsaquo;<\/a><\/li>\n\n<\/ul>\n\n\n--><br \/>\n<\/body><\/p>\n","protected":false},"excerpt":{"rendered":"<p>VILLA JARAGUA, Bahoruco: Inici\u00f3 formalmente la precampa\u00f1a el aspirante a Senador y diputado Rafael M\u00e9ndez, del Partido por la Liberaci\u00f3n Dominicana (PLD), con un emotivo y concurrido acto en su casa de Villa Jaragua, donde se respir\u00f3 ya un golpe de tim\u00f3n en la pol\u00edtica local, \u00abcon los pies en el acelerador rumbo al alcance [&hellip;]<\/p>\n","protected":false},"author":3,"featured_media":585841,"comment_status":"open","ping_status":"open","sticky":false,"template":"","format":"standard","meta":{"footnotes":""},"categories":[22],"tags":[178],"class_list":["post-168642","post","type-post","status-publish","format-standard","has-post-thumbnail","hentry","category-politica","tag-rafael-mendez"],"_links":{"self":[{"href":"https:\/\/diariodominicano.com\/index.php?rest_route=\/wp\/v2\/posts\/168642","targetHints":{"allow":["GET"]}}],"collection":[{"href":"https:\/\/diariodominicano.com\/index.php?rest_route=\/wp\/v2\/posts"}],"about":[{"href":"https:\/\/diariodominicano.com\/index.php?rest_route=\/wp\/v2\/types\/post"}],"author":[{"embeddable":true,"href":"https:\/\/diariodominicano.com\/index.php?rest_route=\/wp\/v2\/users\/3"}],"replies":[{"embeddable":true,"href":"https:\/\/diariodominicano.com\/index.php?rest_route=%2Fwp%2Fv2%2Fcomments&post=168642"}],"version-history":[{"count":1,"href":"https:\/\/diariodominicano.com\/index.php?rest_route=\/wp\/v2\/posts\/168642\/revisions"}],"predecessor-version":[{"id":606921,"href":"https:\/\/diariodominicano.com\/index.php?rest_route=\/wp\/v2\/posts\/168642\/revisions\/606921"}],"wp:featuredmedia":[{"embeddable":true,"href":"https:\/\/diariodominicano.com\/index.php?rest_route=\/wp\/v2\/media\/585841"}],"wp:attachment":[{"href":"https:\/\/diariodominicano.com\/index.php?rest_route=%2Fwp%2Fv2%2Fmedia&parent=168642"}],"wp:term":[{"taxonomy":"category","embeddable":true,"href":"https:\/\/diariodominicano.com\/index.php?rest_route=%2Fwp%2Fv2%2Fcategories&post=168642"},{"taxonomy":"post_tag","embeddable":true,"href":"https:\/\/diariodominicano.com\/index.php?rest_route=%2Fwp%2Fv2%2Ftags&post=168642"}],"curies":[{"name":"wp","href":"https:\/\/api.w.org\/{rel}","templated":true}]}}