{"id":168387,"date":"2019-03-09T11:07:37","date_gmt":"2019-03-09T11:07:37","guid":{"rendered":"http:\/\/diariodominicano.ddns.net\/?p=168387"},"modified":"2025-03-31T21:55:57","modified_gmt":"2025-04-01T01:55:57","slug":"rafael-mendezdebemos-incrementar-la-participacion-de-las-mujeres-para-combatir-la-feminizacion-de-la-pobreza","status":"publish","type":"post","link":"https:\/\/diariodominicano.com\/?p=168387","title":{"rendered":"Rafael M\u00e9ndez:\u00bbDebemos incrementar la participaci\u00f3n de las mujeres para combatir la feminizaci\u00f3n de la pobreza\u00bb"},"content":{"rendered":"<p><body><\/p>\n<p><img decoding=\"async\" src=\"img3\/rafa11.jpg\" \/><br \/><img decoding=\"async\" src=\"img3\/rafa12.jpg\" \/>  <\/p>\n<p>NEYBA:  \u00abAl conmemorarse el D\u00eda Internacional y ratificamos nuestro compromiso para incrementar su participaci\u00f3n en la fuerza laboral,<\/p>\n<p>reducir la brecha salarial de g\u00e9nero y promover su incorporaci\u00f3n en puestos de liderazgo\u00bb, afirm\u00f3 el diputado y aspirante a senador Rafael<\/p>\n<p>M\u00e9ndez, integrante del Comit\u00e9 Central del partido de Gobierno en la Rep\u00fablica Dominicana, PLD.<\/p>\n<\/p>\n<p>\u00abPese a los avances en la materia que hemos tenido en los \u00faltimos a\u00f1os, todav\u00eda los estudios t\u00e9cnicos indican que la desigualdad salarial entre hombres y mujeres en la Rep\u00fablica Dominicana se ubica entre 16.2 y 35 por ciento, esa discriminaci\u00f3n debemos erradicarla<\/p>\n<p>para eliminar el fen\u00f3meno de feminizaci\u00f3n de la pobreza\u00bb, prosigui\u00f3.<\/p>\n<\/p>\n<p>\u00abTambi\u00e9n el desempleo afecta m\u00e1s a las mujeres que a los hombres; la tasa de desocupaci\u00f3n femenina ronda el 22.7 %, mientras la masculina<\/p>\n<p>un 10 %.<\/p>\n<\/p>\n<p>Las mujeres siguen siendo la poblaci\u00f3n m\u00e1s pobre y vulnerable, especialmente en el interior del pa\u00eds; es un problema que debemos atacar\u00bb, enfatiz\u00f3 el parlamentario.<\/p>\n<\/p>\n<p>\u00abEn las \u00e1reas rurales casi el 10% de las mujeres son pobres frente al 5.58 % de hombres. Nada m\u00e1s en mi provincia Bahoruco, cerca del 35% de las damas no cuentan con un empleo formal. Cuando la pobreza tiene rostro de mujer un pa\u00eds no puede avanzar, porque aumenta la violencia intrafamiliar, la deserci\u00f3n escolar, el embarazo adolescente y tantos otros males que nos llevan a la descomposici\u00f3n social\u00bb, asegur\u00f3.<\/p>\n<\/p>\n<p>\u00abUn problema serio que afecta nuestro desarrollo futuro, es el embarazo adolescente; 22 de cada 100 mujeres embarazadas son menores<\/p>\n<p>de edad. Esto perjudica  la salud y la educaci\u00f3n de la juventud. Pero esto pasa porque nuestras mujeres, nuestras ni\u00f1as, son pobres\u00bb, explic\u00f3.<\/p>\n<\/p>\n<p>\u00abNuestra misi\u00f3n debe ser empoderar a las mujeres; cada plan para promover el desarrollo econ\u00f3mico en nuestras provincias debe considerar la incorporaci\u00f3n en igualdad de derechos de las mujeres al mercado de trabajo o a los proyectos de emprendedores\u00bb, asever\u00f3 el pre<\/p>\n<p>candidato por la senadur\u00eda de Bahoruco.<\/p>\n<\/p>\n<p>\u00abRecordamos hoy tambi\u00e9n a las mujeres que lucharon por nuestra independencia, que tambi\u00e9n defendieron el ideal de libertad y su<\/p>\n<p>participaci\u00f3n fue determinante en la construcci\u00f3n de la Patria. ARosa Duarte; a Mar\u00eda Trinidad S\u00e1nchez y Concepci\u00f3n Bona, que bordaron<\/p>\n<p>nuestra primera bandera; a Mar\u00eda Baltasara de los Reyes, la primera mujer en tomar las armas; a Froilana Feble y su madre Micaela de<\/p>\n<p>Rivera que confeccionaron cartuchos para las tropas independentistas; a Filomena G\u00f3mez de Coya, que implement\u00f3 el uso de una flor blanca<\/p>\n<p>como s\u00edmbolo de la causa libertaria. A todas ellas, nuestro homenaje hoy, hero\u00ednas inmortales de la historia\u00bb, finaliz\u00f3.<\/p>\n<\/p>\n<p>M\u00e9ndez se expres\u00f3 en esos t\u00e9rminos al dictar  la conferencia \u00abperspectivas de pol\u00edtica de g\u00e9nero en la sociedad actual\u00bb, con motivo del D\u00eda Internacional de la Mujer, en el local de la Fundaci\u00f3n Padrino.<\/p>\n<h6> 2019-03-09 11:07:37 <\/h6>\n<p><!--\n<link rel=\"stylesheet\" href=\"css\/bootstrap.min.css\">\n\n\n<ul class=\"pagination\">\n\t    \n\t\n\n<li >\n\t<a href='?page_no=3998'>Previous<\/a>\n\t<\/li>\n\n\n       \n    \n\n<li><a href='?page_no=1'>1<\/a><\/li>\n\n\n\n<li><a href='?page_no=2'>2<\/a><\/li>\n\n\n\n<li><a>...<\/a><\/li>\n\n\n\n<li><a href='?page_no=3997'>3997<\/a><\/li>\n\n\n\n<li><a href='?page_no=3998'>3998<\/a><\/li>\n\n\n\n<li class='active'><a>3999<\/a><\/li>\n\n\n\n<li><a href='?page_no=4000'>4000<\/a><\/li>\n\n\n\n<li><a href='?page_no=4001'>4001<\/a><\/li>\n\n\n\n<li><a>...<\/a><\/li>\n\n\n\n<li><a href='?page_no=36999'>36999<\/a><\/li>\n\n\n\n<li><a href='?page_no=37000'>37000<\/a><\/li>\n\n    \n\t\n\n<li >\n\t<a href='?page_no=4000'>Next<\/a>\n\t<\/li>\n\n\n    \n\n<li><a href='?page_no=37000'>Last &rsaquo;&rsaquo;<\/a><\/li>\n\n<\/ul>\n\n\n--><br \/>\n<\/body><\/p>\n","protected":false},"excerpt":{"rendered":"<p>NEYBA: \u00abAl conmemorarse el D\u00eda Internacional y ratificamos nuestro compromiso para incrementar su participaci\u00f3n en la fuerza laboral, reducir la brecha salarial de g\u00e9nero y promover su incorporaci\u00f3n en puestos de liderazgo\u00bb, afirm\u00f3 el diputado y aspirante a senador Rafael M\u00e9ndez, integrante del Comit\u00e9 Central del partido de Gobierno en la Rep\u00fablica Dominicana, PLD. \u00abPese [&hellip;]<\/p>\n","protected":false},"author":3,"featured_media":585841,"comment_status":"open","ping_status":"open","sticky":false,"template":"","format":"standard","meta":{"footnotes":""},"categories":[22],"tags":[178],"class_list":["post-168387","post","type-post","status-publish","format-standard","has-post-thumbnail","hentry","category-politica","tag-rafael-mendez"],"_links":{"self":[{"href":"https:\/\/diariodominicano.com\/index.php?rest_route=\/wp\/v2\/posts\/168387","targetHints":{"allow":["GET"]}}],"collection":[{"href":"https:\/\/diariodominicano.com\/index.php?rest_route=\/wp\/v2\/posts"}],"about":[{"href":"https:\/\/diariodominicano.com\/index.php?rest_route=\/wp\/v2\/types\/post"}],"author":[{"embeddable":true,"href":"https:\/\/diariodominicano.com\/index.php?rest_route=\/wp\/v2\/users\/3"}],"replies":[{"embeddable":true,"href":"https:\/\/diariodominicano.com\/index.php?rest_route=%2Fwp%2Fv2%2Fcomments&post=168387"}],"version-history":[{"count":1,"href":"https:\/\/diariodominicano.com\/index.php?rest_route=\/wp\/v2\/posts\/168387\/revisions"}],"predecessor-version":[{"id":606923,"href":"https:\/\/diariodominicano.com\/index.php?rest_route=\/wp\/v2\/posts\/168387\/revisions\/606923"}],"wp:featuredmedia":[{"embeddable":true,"href":"https:\/\/diariodominicano.com\/index.php?rest_route=\/wp\/v2\/media\/585841"}],"wp:attachment":[{"href":"https:\/\/diariodominicano.com\/index.php?rest_route=%2Fwp%2Fv2%2Fmedia&parent=168387"}],"wp:term":[{"taxonomy":"category","embeddable":true,"href":"https:\/\/diariodominicano.com\/index.php?rest_route=%2Fwp%2Fv2%2Fcategories&post=168387"},{"taxonomy":"post_tag","embeddable":true,"href":"https:\/\/diariodominicano.com\/index.php?rest_route=%2Fwp%2Fv2%2Ftags&post=168387"}],"curies":[{"name":"wp","href":"https:\/\/api.w.org\/{rel}","templated":true}]}}