{"id":168282,"date":"2019-03-22T12:56:56","date_gmt":"2019-03-22T12:56:56","guid":{"rendered":"http:\/\/diariodominicano.ddns.net\/?p=168282"},"modified":"2025-03-31T21:57:55","modified_gmt":"2025-04-01T01:57:55","slug":"diputado-rafael-mendez-somete-proyecto-modifica-ley-122-05","status":"publish","type":"post","link":"https:\/\/diariodominicano.com\/?p=168282","title":{"rendered":"Diputado Rafael M\u00e9ndez somete proyecto modifica Ley 122-05"},"content":{"rendered":"<p><body><\/p>\n<p><img decoding=\"async\" src=\"img3\/somet1.jpg\" \/>  <\/p>\n<p>NEYBA: El diputado Rafael M\u00e9ndez someti\u00f3 un proyecto que modifica la ley 122-5 sobre Asociaciones Sin Fines de Lucro, en el que se les obliga a aportar como contrapartida un m\u00ednimo de 20% adicional de los valores consignados a estas entidades en el Presupuesto General del Estado.<\/p>\n<\/p>\n<p>De igual manera, el proyecto establece que a los fines de actualizar la Ley 122-05, la denominaci\u00f3n Secretar\u00eda T\u00e9cnica de la Presidencia u otras denominaciones y dependencias de este organismo, sea sustituida por la actual designaci\u00f3n Ministerio de Econom\u00eda, Planificaci\u00f3n y Desarrollo<\/p>\n<\/p>\n<p>Plantea la iniciativa que se debe potenciar la capacidad y \u00e1mbito de las Asociaciones Sin Fines de Lucro, los procedimientos que son de su competencia, y todo lo relativo a su funcionamiento y organizaci\u00f3n, y que se hace necesario la adecuaci\u00f3n de nuestra legislaci\u00f3n a los fines de actualizar algunos t\u00e9rminos o denominaciones de la Ley<\/p>\n<\/p>\n<p>En otro considerando estable que el planteamiento principal de la modificaci\u00f3n propuesta, es lo relativo al Art\u00edculo N\u00fam. 32 de la Ley 122-05 sobre la Regulaci\u00f3n y Fomento de las Asociaciones Sin Fines de Lucro, en el que se indica que estas organizaciones deber\u00e1n aportar como contrapartida un m\u00ednimo de 20% adicional de los valores consignados por el Estado.<\/p>\n<h6> 2019-03-22 12:56:56 <\/h6>\n<p><!--\n<link rel=\"stylesheet\" href=\"css\/bootstrap.min.css\">\n\n\n<ul class=\"pagination\">\n\t    \n\t\n\n<li >\n\t<a href='?page_no=3902'>Previous<\/a>\n\t<\/li>\n\n\n       \n    \n\n<li><a href='?page_no=1'>1<\/a><\/li>\n\n\n\n<li><a href='?page_no=2'>2<\/a><\/li>\n\n\n\n<li><a>...<\/a><\/li>\n\n\n\n<li><a href='?page_no=3901'>3901<\/a><\/li>\n\n\n\n<li><a href='?page_no=3902'>3902<\/a><\/li>\n\n\n\n<li class='active'><a>3903<\/a><\/li>\n\n\n\n<li><a href='?page_no=3904'>3904<\/a><\/li>\n\n\n\n<li><a href='?page_no=3905'>3905<\/a><\/li>\n\n\n\n<li><a>...<\/a><\/li>\n\n\n\n<li><a href='?page_no=36999'>36999<\/a><\/li>\n\n\n\n<li><a href='?page_no=37000'>37000<\/a><\/li>\n\n    \n\t\n\n<li >\n\t<a href='?page_no=3904'>Next<\/a>\n\t<\/li>\n\n\n    \n\n<li><a href='?page_no=37000'>Last &rsaquo;&rsaquo;<\/a><\/li>\n\n<\/ul>\n\n\n--><br \/>\n<\/body><\/p>\n","protected":false},"excerpt":{"rendered":"<p>NEYBA: El diputado Rafael M\u00e9ndez someti\u00f3 un proyecto que modifica la ley 122-5 sobre Asociaciones Sin Fines de Lucro, en el que se les obliga a aportar como contrapartida un m\u00ednimo de 20% adicional de los valores consignados a estas entidades en el Presupuesto General del Estado. De igual manera, el proyecto establece que a [&hellip;]<\/p>\n","protected":false},"author":3,"featured_media":585841,"comment_status":"open","ping_status":"open","sticky":false,"template":"","format":"standard","meta":{"footnotes":""},"categories":[22],"tags":[178],"class_list":["post-168282","post","type-post","status-publish","format-standard","has-post-thumbnail","hentry","category-politica","tag-rafael-mendez"],"_links":{"self":[{"href":"https:\/\/diariodominicano.com\/index.php?rest_route=\/wp\/v2\/posts\/168282","targetHints":{"allow":["GET"]}}],"collection":[{"href":"https:\/\/diariodominicano.com\/index.php?rest_route=\/wp\/v2\/posts"}],"about":[{"href":"https:\/\/diariodominicano.com\/index.php?rest_route=\/wp\/v2\/types\/post"}],"author":[{"embeddable":true,"href":"https:\/\/diariodominicano.com\/index.php?rest_route=\/wp\/v2\/users\/3"}],"replies":[{"embeddable":true,"href":"https:\/\/diariodominicano.com\/index.php?rest_route=%2Fwp%2Fv2%2Fcomments&post=168282"}],"version-history":[{"count":1,"href":"https:\/\/diariodominicano.com\/index.php?rest_route=\/wp\/v2\/posts\/168282\/revisions"}],"predecessor-version":[{"id":606925,"href":"https:\/\/diariodominicano.com\/index.php?rest_route=\/wp\/v2\/posts\/168282\/revisions\/606925"}],"wp:featuredmedia":[{"embeddable":true,"href":"https:\/\/diariodominicano.com\/index.php?rest_route=\/wp\/v2\/media\/585841"}],"wp:attachment":[{"href":"https:\/\/diariodominicano.com\/index.php?rest_route=%2Fwp%2Fv2%2Fmedia&parent=168282"}],"wp:term":[{"taxonomy":"category","embeddable":true,"href":"https:\/\/diariodominicano.com\/index.php?rest_route=%2Fwp%2Fv2%2Fcategories&post=168282"},{"taxonomy":"post_tag","embeddable":true,"href":"https:\/\/diariodominicano.com\/index.php?rest_route=%2Fwp%2Fv2%2Ftags&post=168282"}],"curies":[{"name":"wp","href":"https:\/\/api.w.org\/{rel}","templated":true}]}}