{"id":168233,"date":"2020-06-30T12:58:02","date_gmt":"2020-06-30T12:58:02","guid":{"rendered":"http:\/\/diariodominicano.ddns.net\/?p=168233"},"modified":"2025-12-29T01:03:54","modified_gmt":"2025-12-29T05:03:54","slug":"prensa-latina-ve-a-republica-dominicana-abocada-a-cruciales-elecciones-en-medio-de-la-pandemia","status":"publish","type":"post","link":"https:\/\/diariodominicano.com\/?p=168233","title":{"rendered":"Prensa Latina ve a Rep\u00fablica Dominicana abocada a cruciales elecciones en medio de la pandemia"},"content":{"rendered":"<p><body><\/p>\n<p><img decoding=\"async\" src=\"img3\/rdom-elecciones30-6-20.png\" \/>  <\/p>\n<p><strong><span class=\"text1noticias\">Por Edilberto F. M\u00e9ndez Amador<\/span><\/strong><\/p>\n<p><strong><span class=\"text1noticias\"> <\/span><\/strong><\/p>\n<p><strong><span class=\"text1noticias\">Santo Domingo, 30 junio de 2020.- Un despacho de la agencia de prensa cubana Prensa Latina se\u00f1ala que <\/span><\/strong><span class=\"text1noticias\"> Rep\u00fablica Dominicana se encuentra abocada hoy a unas cruciales elecciones en las cuales est\u00e1 en juego el futuro del pa\u00eds en medio de una pandemia que lo tiene en vilo.<\/span><\/p>\n<p><span class=\"text1noticias\"> <\/span><\/p>\n<p><span class=\"text1noticias\">Refiere que para el pr\u00f3ximo domingo 5 de julio est\u00e1n previstos los comicios extraordinarios  presidenciales y congresuales que fueron trasladados de su fecha inicial del 17 de mayo debido a la Covid-19, lo cual oblig\u00f3 a alterar el cronograma quedando el 5 de julio como el d\u00eda de las elecciones y en caso de que haya una segunda vuelta, ser\u00e1 el 26 de julio.<\/span><\/p>\n<p><span class=\"text1noticias\"> <\/span><\/p>\n<p><span class=\"text1noticias\">Pero la apertura econ\u00f3mica del pa\u00eds iniciada el pasado 18 de mayo ha hecho que los comicios se lleven a cabo en condiciones adversas y en un momento en el cual el escenario de la pandemia no es nada halag\u00fce\u00f1o.<\/span><\/p>\n<p><span class=\"text1noticias\"> <\/span><\/p>\n<p>El despacho  de la agencia cubana firmado por su corresponsal Edilberto F. M\u00e9ndez Amador, se\u00f1ala que <span class=\"text1noticias\">Diariamente aparecen cientos de infectados en territorio dominicano y a pesar de los esfuerzos del gobierno, la situaci\u00f3n se complejiza y habr\u00e1 que ver como se comporta el panorama en los pr\u00f3ximos d\u00edas.<\/span><\/p>\n<p><span class=\"text1noticias\"> <\/span><\/p>\n<p><span class=\"text1noticias\">El fantasma del miedo al contagio anda dando vueltas y aunque de eso no se habla mucho, existe preocupaci\u00f3n en las organizaciones pol\u00edticas con respecto a la participaci\u00f3n del pueblo, no obstante, parece primar el criterio de que no se lograr\u00e1 el nivel de participaci\u00f3n de elecciones presidenciales anteriores pero pudiera rondar el 60 por ciento.<\/span><\/p>\n<p><span class=\"text1noticias\"> <\/span><\/p>\n<p><span class=\"text1noticias\">Por el momento, la Junta Central Electoral (JCE), manifest\u00f3 no existen dificultades para la celebraci\u00f3n de los comicios, todo se encuentra organizado y listo, incluido el protocolo sanitario que debe aplicarse en el evento electoral.<\/span><\/p>\n<p><span class=\"text1noticias\"> <\/span><\/p>\n<p><span class=\"text1noticias\">El presidente de la JCE, Julio C\u00e9sar Casta\u00f1os, llam\u00f3 la v\u00edspera a los dominicanos a participar masivamente en las elecciones y garantiz\u00f3 la realizaci\u00f3n de los comicios tal y como est\u00e1 previsto<\/span><\/p>\n<p><span class=\"text1noticias\"> <\/span><\/p>\n<p><span class=\"text1noticias\">Asimismo, con respecto al tema de la Covid-19, dijo que los votantes deben asistir a sus respectivos colegios con mascarillas y precis\u00f3 que en los centros de votaci\u00f3n se cumplir\u00e1 con el distanciamiento social, as\u00ed como con otras medidas sanitarias.<\/span><\/p>\n<p><span class=\"text1noticias\"> <\/span><\/p>\n<p><span class=\"text1noticias\">Desde ayer los candidatos y todos quienes est\u00e1n desplegados en las calles incluido el presidente de la naci\u00f3n, Danilo Medina, pues todos ven que el tiempo apremia y las aspiraciones a quedarse con la silla presidencial est\u00e1n a flor de piel.<\/span><\/p>\n<p><span class=\"text1noticias\"> <\/span><\/p>\n<p><span class=\"text1noticias\">A pesar de que las encuestadoras concluyeron su labor, en la mente de los dominicanos est\u00e1n los n\u00fameros de los \u00faltimos sondeos donde el representante del Partido Revolucionario Moderno, Luis Abinader, marc\u00f3 la punta en la mayor\u00eda, eso no quiere decir sea el triunfador pues para no pocos entendidos una segunda vuelta est\u00e1 a la vista.<\/span><\/p>\n<p><span class=\"text1noticias\"> <\/span><\/p>\n<p><span class=\"text1noticias\">Los otros dos candidatos, el del partido de gobierno Gonzalo Castillo, y el de la Fuerza del Pueblo, Leonel Fern\u00e1ndez, se sienten tambi\u00e9n ganadores y eso hace que la lucha sea hasta el \u00faltimo minuto.<\/span><\/p>\n<p><span class=\"text1noticias\"> <\/span><\/p>\n<p><span class=\"text1noticias\">En los d\u00edas que restan antes del domingo, por delante se encuentra la campa\u00f1a proselitista que llegar\u00e1 hasta la medianoche del pr\u00f3ximo jueves y promete emociones y de todo un poco pues es el ahora o nunca para los candidatos.<\/span><\/p>\n<p><span class=\"text1noticias\"> <\/span><\/p>\n<p><span class=\"text1noticias\">Adem\u00e1s, concluir\u00e1 el reparto de las valijas electorales a los 158 municipios del pa\u00eds, para su posterior entrega a los presidentes y secretarios de los colegios que deber\u00e1 realizarse el mi\u00e9rcoles 1 y jueves 2 de julio.<\/span><\/p>\n<p><span class=\"text1noticias\"> <\/span><\/p>\n<p><span class=\"text1noticias\">Para este martes est\u00e1 programado un encuentro con los presidentes y secretarios de las juntas electorales para ajustar los detalles finales de las elecciones.<\/span><\/p>\n<p><span class=\"text1noticias\"> <\/span><\/p>\n<p><span class=\"text1noticias\">De igual modo, ma\u00f1ana la Direcci\u00f3n Nacional de Inform\u00e1tica de la Junta tiene previsto efectuar una prueba de la tecnolog\u00eda a usarse en el certamen y se recrear\u00e1n situaciones que podr\u00edan registrarse para mostrarle a los partidos c\u00f3mo ser\u00e1n solucionadas.<\/span><\/p>\n<p><span class=\"text1noticias\"> <\/span><\/p>\n<p><span class=\"text1noticias\">Igualmente como consecuencia de la sentencia del Tribunal Superior Electoral la cual dispuso que los partidos tienen derecho de acreditar delegados en los colegios electorales por cada nivel de elecci\u00f3n, en los casos donde no vayan aliados, unas 300 mil acreditaciones fueron confeccionadas y ser\u00e1n entregadas en las pr\u00f3ximas horas.<\/span><\/p>\n<p><span class=\"text1noticias\"> <\/span><\/p>\n<p><span class=\"text1noticias\">Dominicana escoger\u00e1 el domingo 264 cargos electivos entre mil 800 candidatos, a trav\u00e9s de 16 mil colegios electorales distribuidos en cuatro mil 168 recintos.<\/span><\/p>\n<p><span class=\"text1noticias\"> <\/span><\/p>\n<p><span class=\"text1noticias\">En el exterior ser\u00e1n mil 99 mesas ubicadas en 277 locales.<\/span><\/p>\n<p><span class=\"text1noticias\"> <\/span><\/p>\n<p><span class=\"text1noticias\">Se acerca la fecha y la pandemia no cede, pero las autoridades dominicanas hacen su mayor esfuerzo para que las afectaciones sean m\u00ednimas y la poblaci\u00f3n decida ir a votar ma<\/span>sivamente.<\/p>\n<\/p>\n<p>rgh\/ema<\/p>\n<h6> 2020-06-30 12:58:02 <\/h6>\n<p><!--\n<link rel=\"stylesheet\" href=\"css\/bootstrap.min.css\">\n\n\n<ul class=\"pagination\">\n\t    \n\t\n\n<li >\n\t<a href='?page_no=385'>Previous<\/a>\n\t<\/li>\n\n\n       \n    \n\n<li><a href='?page_no=1'>1<\/a><\/li>\n\n\n\n<li><a href='?page_no=2'>2<\/a><\/li>\n\n\n\n<li><a>...<\/a><\/li>\n\n\n\n<li><a href='?page_no=384'>384<\/a><\/li>\n\n\n\n<li><a href='?page_no=385'>385<\/a><\/li>\n\n\n\n<li class='active'><a>386<\/a><\/li>\n\n\n\n<li><a href='?page_no=387'>387<\/a><\/li>\n\n\n\n<li><a href='?page_no=388'>388<\/a><\/li>\n\n\n\n<li><a>...<\/a><\/li>\n\n\n\n<li><a href='?page_no=36999'>36999<\/a><\/li>\n\n\n\n<li><a href='?page_no=37000'>37000<\/a><\/li>\n\n    \n\t\n\n<li >\n\t<a href='?page_no=387'>Next<\/a>\n\t<\/li>\n\n\n    \n\n<li><a href='?page_no=37000'>Last &rsaquo;&rsaquo;<\/a><\/li>\n\n<\/ul>\n\n\n--><br \/>\n<\/body><\/p>\n","protected":false},"excerpt":{"rendered":"<p>Por Edilberto F. M\u00e9ndez Amador Santo Domingo, 30 junio de 2020.- Un despacho de la agencia de prensa cubana Prensa Latina se\u00f1ala que Rep\u00fablica Dominicana se encuentra abocada hoy a unas cruciales elecciones en las cuales est\u00e1 en juego el futuro del pa\u00eds en medio de una pandemia que lo tiene en vilo. Refiere que [&hellip;]<\/p>\n","protected":false},"author":3,"featured_media":0,"comment_status":"open","ping_status":"open","sticky":false,"template":"","format":"standard","meta":{"footnotes":""},"categories":[22],"tags":[3556],"class_list":["post-168233","post","type-post","status-publish","format-standard","hentry","category-politica","tag-prensa-latina"],"_links":{"self":[{"href":"https:\/\/diariodominicano.com\/index.php?rest_route=\/wp\/v2\/posts\/168233","targetHints":{"allow":["GET"]}}],"collection":[{"href":"https:\/\/diariodominicano.com\/index.php?rest_route=\/wp\/v2\/posts"}],"about":[{"href":"https:\/\/diariodominicano.com\/index.php?rest_route=\/wp\/v2\/types\/post"}],"author":[{"embeddable":true,"href":"https:\/\/diariodominicano.com\/index.php?rest_route=\/wp\/v2\/users\/3"}],"replies":[{"embeddable":true,"href":"https:\/\/diariodominicano.com\/index.php?rest_route=%2Fwp%2Fv2%2Fcomments&post=168233"}],"version-history":[{"count":1,"href":"https:\/\/diariodominicano.com\/index.php?rest_route=\/wp\/v2\/posts\/168233\/revisions"}],"predecessor-version":[{"id":657360,"href":"https:\/\/diariodominicano.com\/index.php?rest_route=\/wp\/v2\/posts\/168233\/revisions\/657360"}],"wp:attachment":[{"href":"https:\/\/diariodominicano.com\/index.php?rest_route=%2Fwp%2Fv2%2Fmedia&parent=168233"}],"wp:term":[{"taxonomy":"category","embeddable":true,"href":"https:\/\/diariodominicano.com\/index.php?rest_route=%2Fwp%2Fv2%2Fcategories&post=168233"},{"taxonomy":"post_tag","embeddable":true,"href":"https:\/\/diariodominicano.com\/index.php?rest_route=%2Fwp%2Fv2%2Ftags&post=168233"}],"curies":[{"name":"wp","href":"https:\/\/api.w.org\/{rel}","templated":true}]}}