{"id":167277,"date":"2020-11-29T19:52:20","date_gmt":"2020-11-29T19:52:20","guid":{"rendered":"http:\/\/diariodominicano.ddns.net\/?p=167277"},"modified":"2020-11-29T19:52:20","modified_gmt":"2020-11-29T19:52:20","slug":"por-arrestos-el-pld-acusa-al-gobierno-de-violar-debido-proceso","status":"publish","type":"post","link":"https:\/\/diariodominicano.com\/?p=167277","title":{"rendered":"Por arrestos el PLD acusa al Gobierno de violar debido proceso"},"content":{"rendered":"<p><body><\/p>\n<p><img decoding=\"async\" src=\"img3\/rdpcp29nov.jpg\" \/><br \/><img decoding=\"async\" src=\"img3\/rdpcp29nov3.jpg\" \/><br \/><img decoding=\"async\" src=\"img3\/rdpcp29nov2.jpg\" \/>  <\/p>\n<p><strong>Diariodominicano.com<\/strong><\/p>\n<p><strong>Francisco Dom\u00ednguez Brito fue escogido para dar lectura al documento del Comit\u00e9 Pol\u00edtico, se sent\u00f3 en la parte frontal de la mesa junto al ex presidente de la Rep\u00fablica Danilo Medina, del Presidente del PLD, Tem\u00edstocles Mont\u00e1s, de la ex vicepresidenta de la Rep\u00fablica Margarita Cede\u00f1o y del pasado candidato presidencial Gonzalo Castillo y con ellos 30 de los 35 miembros del CP.<\/strong><\/p>\n<\/p>\n<p><strong>PLD acusa al Gobierno de violar debido proceso<\/strong><\/p>\n<p><strong>Dicen: \u00bb  Estamos preparados para enfrentar cualquier situaci\u00f3n que viole los derechos fundamentales de los dominicanos\u00bb<\/strong><\/p>\n<p><strong>Santo Domingo, RD, 29 de noviembre de 2020.- <\/strong>El Partido de la Liberaci\u00f3n Dominicana (PLD) acus\u00f3 el domingo al gobierno  del presidente  Luis Abinader de violaci\u00f3n  al debido proceso y la dignidad humana  en los arrestos de ex funcionarios y proveedores privilegiados del Estado y testaferros. \u00abpor corrupci\u00f3n administrativa y otros il\u00edcitos\u00bb,<\/p>\n<\/p>\n<p>El  PLD califica  como los aparatosos allanamientos en horas de la madrugada del domingo, de manera abusiva y desconsiderada en contra de las personas y considera que  los arrestos  son  actuaciones que responden a las constantes presiones pol\u00edticas del Gobierno al Ministerio P\u00fablico, el cual ha violado las reglas elementales del respeto a la dignidad humana de los investigados.<\/p>\n<\/p>\n<p>En un documento entregado a los medios de comunicaci\u00f3n, el Comit\u00e9 Pol\u00edtico del PLD hace publica su posici\u00f3n que exigir\u00e1  al Gobierno del presidente Abinader que el Ministerio P\u00fablico no asuma posiciones extremas, tratando de utilizar medidas de coerci\u00f3n gravosas como un fin en s\u00ed mismo y no como un medio para garantizar la presencia, durante el proceso, de los imputados que pudiesen hipot\u00e9ticamente requerir alguna disposici\u00f3n judicial cautelar.<\/p>\n<\/p>\n<p>El CP del PLD advierte que esa organizaci\u00f3n \u00abse mantendr\u00e1 vigilante para evitar que prop\u00f3sitos que no se correspondan con los principios de verdad y justicia puedan estar detr\u00e1s de estas acciones\u00bb.<\/p>\n<\/p>\n<p>\u00abDe lo contrario, estamos preparados para enfrentar cualquier situaci\u00f3n que viole los derechos fundamentales de los dominicanos\u00bb se precisa en la parte final del documento que surgi\u00f3 de una reuni\u00f3n previa del Comit\u00e9 Pol\u00edtico en la Casa Nacional del PLD en Gascue.<\/p>\n<\/p>\n<p><strong>Francisco Dom\u00ednguez Brito fue escogido para dar lectura al documento del Comit\u00e9 Pol\u00edtico, quien se sent\u00f3 en la parte frontal de la mesa junto al ex presidente de la Rep\u00fablica Danilo Medina, del Presidente del PLD, Tem\u00edstocles Mont\u00e1s, de la ex vicepresidenta de la Rep\u00fablica Margarita Cede\u00f1o y del pasado candidato presidencial Gonzalo Castillo y con ellos 30 de los 35 miembros de ese organismo de direcci\u00f3n.<\/strong><\/p>\n<\/p>\n<p>Mientras se daba lectura al documento en pantalla gigante se presentaba lo que calific\u00f3 como el brutal atropello de que fue v\u00edctima el ex ministro de Salud Freddy Hidalgo en el allanamiento a su vivienda en la provincia S\u00e1nchez Ram\u00edrez<\/p>\n<\/p>\n<p><strong>Diariodominicano.com copia a continuaci\u00f3n \u00edntegro el documento del Comit\u00e9 Pol\u00edtico del PLD   <\/strong><\/p>\n<\/p>\n<p><strong>PLD acusa al gobierno de Luis Abinader de violaci\u00f3n  al debido proceso y la dignidad humana<\/strong><\/p>\n<\/p>\n<p>El Partido de la Liberaci\u00f3n Dominicana (PLD), por este medio establece su posici\u00f3n sobre los arrestos por alegada corrupci\u00f3n administrativa y otros il\u00edcitos, realizados en contra de exfuncionarios, alegados proveedores privilegiados del Estado y supuestos testaferros.<\/p>\n<\/p>\n<p>El PLD le exige a la administraci\u00f3n que encabeza el presidente Luis Abinader que todas las investigaciones que lleve a cabo el Ministerio P\u00fablico cumplan con el principio de legalidad, el debido proceso de ley, el nivel de independencia e imparcialidad que exigen la Constituci\u00f3n y las leyes de la Rep\u00fablica, as\u00ed como los dem\u00e1s principios universales que sustentan toda investigaci\u00f3n penal, lo que implica llevar a cabo un proceso sin atropellos y sin responder a la necesidad de aplausos a costa de los derechos fundamentales de los investigados, en especial los que ahora est\u00e1n bajo arresto, a los cuales no se les respet\u00f3 su dignidad humana.<\/p>\n<\/p>\n<p>Es de preocupar el proceder del Gobierno y el Ministerio P\u00fablico en las actuaciones realizadas hoy, toda vez que:<\/p>\n<\/p>\n<p>1.      La mayor\u00eda de las personas arrestadas no fueron citadas previamente para poder presentar las evidencias que contrarresten los hechos que hoy se les imputan, ignorando sustancialmente el principio de objetividad que debe observar el Ministerio P\u00fablico, quien est\u00e1 llamado no solo a investigar a cargo sino tambi\u00e9n a descargo.<\/p>\n<\/p>\n<p>2.      No era necesario realizar aparatosos allanamientos en horas de la madrugada, de manera abusiva y desconsiderada en contra de las personas arrestadas, las cuales pudieron ser citadas previamente para comparecer ante las oficinas de la Procuradur\u00eda General de la Rep\u00fablica, tal y como han citados a otros en los \u00faltimos dos meses, los cuales acudieron fielmente cada vez que fueron requeridos. No era necesario causar tal malestar a sus familias, a sus hijos y a todos los que les rodean.<\/p>\n<\/p>\n<p> 3.Los hoy imputados son personas p\u00fablicamente conocidas y ninguno de ellos representan un riesgo para la sociedad ni han dado indicios de que tengan intenci\u00f3n alguna de sustraerse del proceso investigativo.<\/p>\n<\/p>\n<p>Estas actuaciones responden a las constantes presiones pol\u00edticas del Gobierno del presidente Luis Abinader al Ministerio P\u00fablico, el cual ha violado las reglas elementales del respeto a la dignidad humana de los investigados.<\/p>\n<\/p>\n<p>El PLD exige al Gobierno del presidente Abinader que el Ministerio P\u00fablico no asuma posiciones extremas, tratando de utilizar medidas de coerci\u00f3n gravosas como un fin en s\u00ed mismo y no como un medio para garantizar la presencia, durante el proceso, de los imputados que pudiesen hipot\u00e9ticamente requerir alguna disposici\u00f3n judicial cautelar.<\/p>\n<\/p>\n<p>Nuestro partido estar\u00e1 vigilante y respaldar\u00e1 al sistema de justicia siempre que sus actuaciones est\u00e9n dirigidas a la b\u00fasqueda de la verdad, pero sin atropellos ni violaciones de derechos fundamentales ni del debido proceso, y est\u00e1 convencido de que la verdad deber\u00e1 salir a relucir si las investigaciones se realizan y se sustentan en los principios y normas que establecen la Constituci\u00f3n y las leyes.<\/p>\n<\/p>\n<p>Al mismo tiempo, el PLD estar\u00e1 vigilante para evitar que prop\u00f3sitos que no se correspondan con los principios de verdad y justicia puedan estar detr\u00e1s de estas acciones. De lo contrario, estamos preparados para enfrentar cualquier situaci\u00f3n que viole los derechos fundamentales de los dominicanos.<\/p>\n<\/p>\n<p>SECRETARIA COMUNICACIONES<\/p>\n<\/p>\n<p>29 NOVIEMBRE 2020<\/p>\n<\/p>\n<\/p>\n<h6> 2020-11-29 19:52:20 <\/h6>\n<p><!--\n<link rel=\"stylesheet\" href=\"css\/bootstrap.min.css\">\n\n\n<ul class=\"pagination\">\n\t    \n\t\n\n<li >\n\t<a href='?page_no=2'>Previous<\/a>\n\t<\/li>\n\n\n       \n    \n\n<li><a href='?page_no=1'>1<\/a><\/li>\n\n\n\n<li><a href='?page_no=2'>2<\/a><\/li>\n\n\n\n<li class='active'><a>3<\/a><\/li>\n\n\n\n<li><a href='?page_no=4'>4<\/a><\/li>\n\n\n\n<li><a href='?page_no=5'>5<\/a><\/li>\n\n\n\n<li><a href='?page_no=6'>6<\/a><\/li>\n\n\n\n<li><a href='?page_no=7'>7<\/a><\/li>\n\n\n\n<li><a>...<\/a><\/li>\n\n\n\n<li><a href='?page_no=36999'>36999<\/a><\/li>\n\n\n\n<li><a href='?page_no=37000'>37000<\/a><\/li>\n\n    \n\t\n\n<li >\n\t<a href='?page_no=4'>Next<\/a>\n\t<\/li>\n\n\n    \n\n<li><a href='?page_no=37000'>Last &rsaquo;&rsaquo;<\/a><\/li>\n\n<\/ul>\n\n\n--><br \/>\n<\/body><\/p>\n","protected":false},"excerpt":{"rendered":"<p>Diariodominicano.com Francisco Dom\u00ednguez Brito fue escogido para dar lectura al documento del Comit\u00e9 Pol\u00edtico, se sent\u00f3 en la parte frontal de la mesa junto al ex presidente de la Rep\u00fablica Danilo Medina, del Presidente del PLD, Tem\u00edstocles Mont\u00e1s, de la ex vicepresidenta de la Rep\u00fablica Margarita Cede\u00f1o y del pasado candidato presidencial Gonzalo Castillo y [&hellip;]<\/p>\n","protected":false},"author":3,"featured_media":0,"comment_status":"open","ping_status":"open","sticky":false,"template":"","format":"standard","meta":{"footnotes":""},"categories":[22],"tags":[],"class_list":["post-167277","post","type-post","status-publish","format-standard","hentry","category-politica"],"_links":{"self":[{"href":"https:\/\/diariodominicano.com\/index.php?rest_route=\/wp\/v2\/posts\/167277","targetHints":{"allow":["GET"]}}],"collection":[{"href":"https:\/\/diariodominicano.com\/index.php?rest_route=\/wp\/v2\/posts"}],"about":[{"href":"https:\/\/diariodominicano.com\/index.php?rest_route=\/wp\/v2\/types\/post"}],"author":[{"embeddable":true,"href":"https:\/\/diariodominicano.com\/index.php?rest_route=\/wp\/v2\/users\/3"}],"replies":[{"embeddable":true,"href":"https:\/\/diariodominicano.com\/index.php?rest_route=%2Fwp%2Fv2%2Fcomments&post=167277"}],"version-history":[{"count":0,"href":"https:\/\/diariodominicano.com\/index.php?rest_route=\/wp\/v2\/posts\/167277\/revisions"}],"wp:attachment":[{"href":"https:\/\/diariodominicano.com\/index.php?rest_route=%2Fwp%2Fv2%2Fmedia&parent=167277"}],"wp:term":[{"taxonomy":"category","embeddable":true,"href":"https:\/\/diariodominicano.com\/index.php?rest_route=%2Fwp%2Fv2%2Fcategories&post=167277"},{"taxonomy":"post_tag","embeddable":true,"href":"https:\/\/diariodominicano.com\/index.php?rest_route=%2Fwp%2Fv2%2Ftags&post=167277"}],"curies":[{"name":"wp","href":"https:\/\/api.w.org\/{rel}","templated":true}]}}