{"id":166944,"date":"2020-11-19T22:59:13","date_gmt":"2020-11-19T22:59:13","guid":{"rendered":"http:\/\/diariodominicano.ddns.net\/?p=166944"},"modified":"2020-11-19T22:59:13","modified_gmt":"2020-11-19T22:59:13","slug":"miguel-vargas-anuncia-recorridos-al-interior-del-pais","status":"publish","type":"post","link":"https:\/\/diariodominicano.com\/?p=166944","title":{"rendered":"Miguel Vargas anuncia recorridos al interior del pa\u00eds"},"content":{"rendered":"<p><body><\/p>\n<p><img decoding=\"async\" src=\"img3\/Miguel Vargas, PRD19-11-20.jpg\" \/>  <\/p>\n<p><span class=\"text1noticias\">diariodominicano.com<\/span><\/p>\n<p><span class=\"text1noticias\"> <\/span><\/p>\n<p><span class=\"text1noticias\">Santo Domingo, R. D., 19 de noviembre, 2020.- El presidente del Partido Revolucionario Dominicano (PRD), Miguel Vargas anunci\u00f3 hoy que en los pr\u00f3ximos d\u00edas iniciar\u00e1 un nuevo ciclo de visitas a las provincias y municipios de todo el territorio nacional, en aras de establecer contacto directo con cada uno de los dirigentes y militantes de esa organizaci\u00f3n pol\u00edtica en sus respectivas localidades.<\/span><\/p>\n<p><span class=\"text1noticias\"> <\/span><\/p>\n<p><span class=\"text1noticias\">Vargas dijo que se propone escuchar inquietudes y propuestas, as\u00ed como alternativas que procuren el crecimiento de la organizaci\u00f3n, enmarcado en el diagn\u00f3stico que se encuentra en marcha en este momento y que persigue recabar de los l\u00edderes, dirigentes y militantes locales del PRD, sus mejores aportes a fin de lograr el insumo necesario para la celebraci\u00f3n del segundo Congreso Jos\u00e9 Francisco Pe\u00f1a G\u00f3mez.<\/span><\/p>\n<p><span class=\"text1noticias\"> <\/span><\/p>\n<p><span class=\"text1noticias\">El l\u00edder perredeista hizo este anuncio en el marco de un encuentro celebrado con el equipo nacional de la Secretaria Nacional de Comunicaciones que dirige el comunicador \u00c1ngel Acosta el cual est\u00e1 compuesto, adem\u00e1s, por algunos de los m\u00e1s destacados profesionales del \u00e1rea de la comunicaci\u00f3n en el pa\u00eds.<\/span><\/p>\n<p><span class=\"text1noticias\"> <\/span><\/p>\n<p><span class=\"text1noticias\">\u00abRecorreremos la Rep\u00fablica, una vez m\u00e1s, palmo a palmo y hablaremos con los dirigentes y expondremos a ellos nuestras propuestas para lograr el crecimiento del partido blanco\u00bb.<\/span><\/p>\n<p><span class=\"text1noticias\"> <\/span><\/p>\n<p><span class=\"text1noticias\">Record\u00f3 a las comisiones que se encuentran actualmente diseminadas en todo el territorio nacional, que deben continuar dando cumplimiento estricto a las medidas de distanciamiento e higiene pertinentes que garanticen mantener la salud propia y la de los dirigentes a quienes se visita.<\/span><\/p>\n<p><span class=\"text1noticias\"> <\/span><\/p>\n<p><span class=\"text1noticias\">En la reuni\u00f3n celebrada en el sal\u00f3n Azul de la Casa Nacional de esa organizaci\u00f3n, se encontraban adem\u00e1s do\u00f1a Peggy Cabral, presidente en funciones, Rafael V\u00e1squez, Secretario Nacional de Organizaci\u00f3n, Luis Ernesto Camilo, Vicepresidente, H\u00e9ctor Guzm\u00e1n, Jefe de voceros, Francisco Medrano, Silvia Garc\u00eda, Vice presidenta nacional, Abril Pe\u00f1a, Subsecretaria comunicaciones, Alex Aquino, Karen Serrata, Luis Eduardo Matos y Freddy Miguel Ortiz, entre otros.<\/span><\/p>\n<p><span class=\"text1noticias\"> <\/span><\/p>\n<p><span class=\"text1noticias\"> Fuente:  COMUNICACIONESPRD<\/span><\/p>\n<p><span class=\"text1noticias\">SN <\/span><\/p>\n<p><span class=\"text1noticias\">19 de nov<\/span>iembre 2020<\/p>\n<h6> 2020-11-19 22:59:13 <\/h6>\n<p><!--\n<link rel=\"stylesheet\" href=\"css\/bootstrap.min.css\">\n\n\n<ul class=\"pagination\">\n\t    \n\t\n\n<li >\n\t<a href='?page_no=26'>Previous<\/a>\n\t<\/li>\n\n\n       \n    \n\n<li><a href='?page_no=1'>1<\/a><\/li>\n\n\n\n<li><a href='?page_no=2'>2<\/a><\/li>\n\n\n\n<li><a>...<\/a><\/li>\n\n\n\n<li><a href='?page_no=25'>25<\/a><\/li>\n\n\n\n<li><a href='?page_no=26'>26<\/a><\/li>\n\n\n\n<li class='active'><a>27<\/a><\/li>\n\n\n\n<li><a href='?page_no=28'>28<\/a><\/li>\n\n\n\n<li><a href='?page_no=29'>29<\/a><\/li>\n\n\n\n<li><a>...<\/a><\/li>\n\n\n\n<li><a href='?page_no=36999'>36999<\/a><\/li>\n\n\n\n<li><a href='?page_no=37000'>37000<\/a><\/li>\n\n    \n\t\n\n<li >\n\t<a href='?page_no=28'>Next<\/a>\n\t<\/li>\n\n\n    \n\n<li><a href='?page_no=37000'>Last &rsaquo;&rsaquo;<\/a><\/li>\n\n<\/ul>\n\n\n--><br \/>\n<\/body><\/p>\n","protected":false},"excerpt":{"rendered":"<p>diariodominicano.com Santo Domingo, R. D., 19 de noviembre, 2020.- El presidente del Partido Revolucionario Dominicano (PRD), Miguel Vargas anunci\u00f3 hoy que en los pr\u00f3ximos d\u00edas iniciar\u00e1 un nuevo ciclo de visitas a las provincias y municipios de todo el territorio nacional, en aras de establecer contacto directo con cada uno de los dirigentes y militantes [&hellip;]<\/p>\n","protected":false},"author":3,"featured_media":0,"comment_status":"open","ping_status":"open","sticky":false,"template":"","format":"standard","meta":{"footnotes":""},"categories":[22],"tags":[],"class_list":["post-166944","post","type-post","status-publish","format-standard","hentry","category-politica"],"_links":{"self":[{"href":"https:\/\/diariodominicano.com\/index.php?rest_route=\/wp\/v2\/posts\/166944","targetHints":{"allow":["GET"]}}],"collection":[{"href":"https:\/\/diariodominicano.com\/index.php?rest_route=\/wp\/v2\/posts"}],"about":[{"href":"https:\/\/diariodominicano.com\/index.php?rest_route=\/wp\/v2\/types\/post"}],"author":[{"embeddable":true,"href":"https:\/\/diariodominicano.com\/index.php?rest_route=\/wp\/v2\/users\/3"}],"replies":[{"embeddable":true,"href":"https:\/\/diariodominicano.com\/index.php?rest_route=%2Fwp%2Fv2%2Fcomments&post=166944"}],"version-history":[{"count":0,"href":"https:\/\/diariodominicano.com\/index.php?rest_route=\/wp\/v2\/posts\/166944\/revisions"}],"wp:attachment":[{"href":"https:\/\/diariodominicano.com\/index.php?rest_route=%2Fwp%2Fv2%2Fmedia&parent=166944"}],"wp:term":[{"taxonomy":"category","embeddable":true,"href":"https:\/\/diariodominicano.com\/index.php?rest_route=%2Fwp%2Fv2%2Fcategories&post=166944"},{"taxonomy":"post_tag","embeddable":true,"href":"https:\/\/diariodominicano.com\/index.php?rest_route=%2Fwp%2Fv2%2Ftags&post=166944"}],"curies":[{"name":"wp","href":"https:\/\/api.w.org\/{rel}","templated":true}]}}