{"id":166833,"date":"2020-11-19T23:01:43","date_gmt":"2020-11-19T23:01:43","guid":{"rendered":"http:\/\/diariodominicano.ddns.net\/?p=166833"},"modified":"2020-11-19T23:01:43","modified_gmt":"2020-11-19T23:01:43","slug":"fuerza-del-pueblo-presenta-acciones-para-garantizar-seguridad-alimentaria-en-el-contexto-del-covid-19","status":"publish","type":"post","link":"https:\/\/diariodominicano.com\/?p=166833","title":{"rendered":"Fuerza del Pueblo presenta acciones para garantizar seguridad alimentaria en el contexto del covid-19"},"content":{"rendered":"<p><body><\/p>\n<p><img decoding=\"async\" src=\"img3\/b3029bde-a7b0-4cc3-a9e0-98e05a4a178a.jpg\" \/><br \/><img decoding=\"async\" src=\"img3\/a9cd84c5-f9fd-4d35-a1c6-82ed2e5594ca.jpg\" \/><br \/><img decoding=\"async\" src=\"img3\/90261e50-d665-40ae-8016-21c543852ab9.jpg\" \/>  <\/p>\n<p><strong>Diariodominicano.com<\/strong><\/p>\n<p>El l\u00edder de FP, Leonel Fern\u00e1ndez manifest\u00f3 el gran compromiso de la Fuerza del Pueblo con la sociedad dominicana, organizaci\u00f3n pol\u00edtica que a meses de creada, ha asumido la defensa de los intereses de todos los ciudadanos.<\/p>\n<\/p>\n<p><strong>Fuerza del Pueblo presenta acciones para garantizar seguridad alimentaria en el contexto del covid-19<\/strong><\/p>\n<\/p>\n<\/p>\n<p><strong> <\/strong><\/p>\n<p><strong>Santo Domingo, RD, <\/strong>La Fuerza del Pueblo puso en circulaci\u00f3n el documento titulado: \u00abAcciones y medidas de pol\u00edticas para garantizar la seguridad alimentaria en el contexto de la pandemia de la COVID-19 en la Rep\u00fablica Dominicana\u00bb, en el cual el presidente de la organizaci\u00f3n pol\u00edtica, Leonel Fern\u00e1ndez, subray\u00f3 que la seguridad alimentaria es un derecho de la poblaci\u00f3n, consagrado en la Constituci\u00f3n del 2010.<\/p>\n<\/p>\n<\/p>\n<p>El documento fue elaborado por las secretar\u00edas de Asuntos Agropecuarios y Desarrollo Rural de la Fuerza del Pueblo y contempla una investigaci\u00f3n metodol\u00f3gica profunda a partir de variables econ\u00f3micas, sociales y agr\u00edcolas de la realidad dominicana. A partir de estas se hace una serie de recomendaciones de pol\u00edticas p\u00fablicas a corto, mediano y largo plazo al Gobierno, con las cuales se podr\u00eda garantizar la reducci\u00f3n de riesgos de una crisis alimentaria que afecte a la poblaci\u00f3n nacional.<\/p>\n<\/p>\n<\/p>\n<p>Asimismo enfatiza la preocupaci\u00f3n por la descapitalizaci\u00f3n de los peque\u00f1os y medianos productores para poder continuar sus actividades productivas, como por la disminuci\u00f3n del poder adquisitivo de las familias dominicanas debido a la reducci\u00f3n de sus ingresos monetarios, como consecuencia de las suspensiones y despidos laborales, adem\u00e1s de la paralizaci\u00f3n o disminuci\u00f3n operativa de las empresas.<\/p>\n<\/p>\n<\/p>\n<p>Las recomendaciones que se hacen al final del ensayo, en base a la investigaci\u00f3n son: la creaci\u00f3n de un fondo especial con recursos extrapresupuestarios, para incentivar las actividades productivas de ese sector para garantizar la oferta de alimentos por parte de la producci\u00f3n nacional.<\/p>\n<\/p>\n<\/p>\n<p>Apoyo del Ministerio de Agricultura, el Instituto Nacional de Recursos Hidr\u00e1ulico (INDRHI) y el Instituto Agrario Dominicano (IAD) a los proyectos agropecuarios y los cultivos de ciclo corto a nivel nacional. A trav\u00e9s de acompa\u00f1amiento a los productores y adecuaci\u00f3n de terrenos, v\u00edas de acceso y canales de riego.<\/p>\n<\/p>\n<\/p>\n<p>Agilizar los desembolsos del Banco Agr\u00edcola de los RD$5,000 millones que le fueron inyectados por el Gobierno para ser prestados bajo condiciones crediticias especiales por motivo de la pandemia, para lograr la dinamizaci\u00f3n del acceso a financiamiento de los cultivos.<\/p>\n<\/p>\n<\/p>\n<p>Establecer una moratoria en los pagos de capital e intereses de los pr\u00e9stamos otorgados por el Banco Agr\u00edcola (BA), el Consejo Nacional para la Reglamentaci\u00f3n y Fomento de la Industria Lechera (CONALECHE) y el Fondo Especial de Desarrollo Agropecuario (FEDA) para los peque\u00f1os y medianos productores durante un per\u00edodo de seis meses.<\/p>\n<\/p>\n<\/p>\n<p>Otras medidas planteadas son: establecer un r\u00e9gimen temporal especial durante un per\u00edodo de seis meses para eliminar la burocracia en la aplicaci\u00f3n de la actual pol\u00edtica de exenci\u00f3n fiscal y tributaria del sector agropecuario y garantizar la comercializaci\u00f3n de las cosechas (incluyendo factoring a trav\u00e9s del Banco Agr\u00edcola), asegurando la rentabilidad a los productores y precios razonables a los consumidores.<\/p>\n<\/p>\n<\/p>\n<p>La continuidad de los programas sociales aplicados, Fondo de Asistencia Solidaria al Empleado (FASE), \u00abQu\u00e9date en Casa\u00bb y \u00abPa \u00ecti\u00bb mientras duren los efectos negativos de la pandemia y que se extienda su alcance a todos los empleados del sector formal cuyos contratos de trabajo hayan sido suspendidos.<\/p>\n<\/p>\n<\/p>\n<p>Otras medidas que en el texto se consideran pertinentes son: habilitar mecanismos funcionales para que los trabajadores del sector informal puedan acceder a dichos programas y que se pueda mantener en operaci\u00f3n durante la emergencia sanitaria el Programa de Alimentaci\u00f3n Escolar (PAE) que ejecuta el Instituto Nacional de Bienestar Estudiantil (INABIE) en todo el pa\u00eds, incluso en periodos de vacaciones de la poblaci\u00f3n estudiantil.<\/p>\n<\/p>\n<\/p>\n<p>Plantea tambi\u00e9n que se adopten de forma oportuna las medidas pertinentes de pol\u00edtica monetaria y cambiaria para mantener la estabilidad de la tasa de cambio y evitar la ocurrencia de procesos inflacionarios que incidan en un alza desmesurada de los precios de los productos de primera necesidad.<\/p>\n<\/p>\n<\/p>\n<p> Fern\u00e1ndez manifest\u00f3 el gran compromiso de la Fuerza del Pueblo con la sociedad dominicana, organizaci\u00f3n pol\u00edtica que a meses de creada, ha asumido la defensa de los intereses de todos los ciudadanos.<\/p>\n<\/p>\n<\/p>\n<p>La puesta en circulaci\u00f3n del ensayo \u00abAcciones y medidas de pol\u00edticas para garantizar la seguridad alimentaria en el contexto de la pandemia del Covid-19 en la Rep\u00fablica Dominicana\u00bb se realiz\u00f3 el mi\u00e9rcoles 18 de noviembre en el auditorio Juan Bosch de la Biblioteca Nacional Pedro Henr\u00edquez Ure\u00f1a. Estuvo encabezado por el presidente de la Fuerza del Pueblo, doctor Leonel Fern\u00e1ndez y los secretarios de Asuntos Agropecuarios y Desarrollo Rural de ese partido, Salvador (Ch\u00edo) Jim\u00e9nez y Modesto Reyes.<\/p>\n<\/p>\n<p>&#8212;<\/p>\n<p>Adelaida Mart\u00ednez<\/p>\n<p>Period\u00edsta<\/p>\n<h6> 2020-11-19 23:01:43 <\/h6>\n<p><!--\n<link rel=\"stylesheet\" href=\"css\/bootstrap.min.css\">\n\n\n<ul class=\"pagination\">\n\t    \n\t\n\n<li >\n\t<a href='?page_no=25'>Previous<\/a>\n\t<\/li>\n\n\n       \n    \n\n<li><a href='?page_no=1'>1<\/a><\/li>\n\n\n\n<li><a href='?page_no=2'>2<\/a><\/li>\n\n\n\n<li><a>...<\/a><\/li>\n\n\n\n<li><a href='?page_no=24'>24<\/a><\/li>\n\n\n\n<li><a href='?page_no=25'>25<\/a><\/li>\n\n\n\n<li class='active'><a>26<\/a><\/li>\n\n\n\n<li><a href='?page_no=27'>27<\/a><\/li>\n\n\n\n<li><a href='?page_no=28'>28<\/a><\/li>\n\n\n\n<li><a>...<\/a><\/li>\n\n\n\n<li><a href='?page_no=36999'>36999<\/a><\/li>\n\n\n\n<li><a href='?page_no=37000'>37000<\/a><\/li>\n\n    \n\t\n\n<li >\n\t<a href='?page_no=27'>Next<\/a>\n\t<\/li>\n\n\n    \n\n<li><a href='?page_no=37000'>Last &rsaquo;&rsaquo;<\/a><\/li>\n\n<\/ul>\n\n\n--><br \/>\n<\/body><\/p>\n","protected":false},"excerpt":{"rendered":"<p>Diariodominicano.com El l\u00edder de FP, Leonel Fern\u00e1ndez manifest\u00f3 el gran compromiso de la Fuerza del Pueblo con la sociedad dominicana, organizaci\u00f3n pol\u00edtica que a meses de creada, ha asumido la defensa de los intereses de todos los ciudadanos. Fuerza del Pueblo presenta acciones para garantizar seguridad alimentaria en el contexto del covid-19 Santo Domingo, RD, [&hellip;]<\/p>\n","protected":false},"author":3,"featured_media":0,"comment_status":"open","ping_status":"open","sticky":false,"template":"","format":"standard","meta":{"footnotes":""},"categories":[22],"tags":[],"class_list":["post-166833","post","type-post","status-publish","format-standard","hentry","category-politica"],"_links":{"self":[{"href":"https:\/\/diariodominicano.com\/index.php?rest_route=\/wp\/v2\/posts\/166833","targetHints":{"allow":["GET"]}}],"collection":[{"href":"https:\/\/diariodominicano.com\/index.php?rest_route=\/wp\/v2\/posts"}],"about":[{"href":"https:\/\/diariodominicano.com\/index.php?rest_route=\/wp\/v2\/types\/post"}],"author":[{"embeddable":true,"href":"https:\/\/diariodominicano.com\/index.php?rest_route=\/wp\/v2\/users\/3"}],"replies":[{"embeddable":true,"href":"https:\/\/diariodominicano.com\/index.php?rest_route=%2Fwp%2Fv2%2Fcomments&post=166833"}],"version-history":[{"count":0,"href":"https:\/\/diariodominicano.com\/index.php?rest_route=\/wp\/v2\/posts\/166833\/revisions"}],"wp:attachment":[{"href":"https:\/\/diariodominicano.com\/index.php?rest_route=%2Fwp%2Fv2%2Fmedia&parent=166833"}],"wp:term":[{"taxonomy":"category","embeddable":true,"href":"https:\/\/diariodominicano.com\/index.php?rest_route=%2Fwp%2Fv2%2Fcategories&post=166833"},{"taxonomy":"post_tag","embeddable":true,"href":"https:\/\/diariodominicano.com\/index.php?rest_route=%2Fwp%2Fv2%2Ftags&post=166833"}],"curies":[{"name":"wp","href":"https:\/\/api.w.org\/{rel}","templated":true}]}}