{"id":166722,"date":"2020-11-19T23:25:24","date_gmt":"2020-11-19T23:25:24","guid":{"rendered":"http:\/\/diariodominicano.ddns.net\/?p=166722"},"modified":"2020-11-19T23:25:24","modified_gmt":"2020-11-19T23:25:24","slug":"pld-confirma-encuentros-virtuales-con-seccionales-en-el-exterior-para-conocer-los-temas-del-ix-congreso","status":"publish","type":"post","link":"https:\/\/diariodominicano.com\/?p=166722","title":{"rendered":"PLD   confirma encuentros virtuales con seccionales en el exterior para conocer los temas del IX Congreso"},"content":{"rendered":"<p><body><\/p>\n<p><img decoding=\"async\" src=\"http:\/\/localhost:8080\/img3\/me pld00.jpg\" \/>  <\/p>\n<p><strong>Diariodominicano.com<\/strong><\/p>\n<p><strong>PLD   confirma encuentros virtuales con seccionales en el exterior para conocer los temas del IX Congreso<\/strong><\/p>\n<p><strong>Santo Domingo, RD, 19 de noviembre de 2020.-<\/strong>  la Comisi\u00f3n Organizadora del IX Congreso Ordinario Jos\u00e9 Joaqu\u00edn Bid\u00f3 Medina del Partido de la Liberaci\u00f3n Dominicana (PLD)  anunci\u00f3 su decisi\u00f3n  de tener un acercamiento con los  dirigentes y miembros de esa organizaci\u00f3n en las seccionales, por lo que se  ha agendado tres reuniones virtuales con miembros y militantes del partido morado en el exterior.  Indic\u00f3 lo aprob\u00f3 por las limitaciones que genera la pandemia del Covid-19,<\/p>\n<\/p>\n<p>Inform\u00f3 se ha programado un primer encuentro virtual con la Circunscripci\u00f3n 1 este jueves 19 a las 8:00  pm hora costa  del Este, con la Circunscripci\u00f3n 2 el viernes 20 a la 8 pm hora costa  del Este, y el s\u00e1bado 21 a las 7 de la noche hora Madrid con la circunscripci\u00f3n 3.<\/p>\n<\/p>\n<p>Reiterando el esp\u00edritu inclusivo del Congreso, la  Comisi\u00f3n Organizadora instruy\u00f3 a los presidentes de Comit\u00e9s Seccionales y de Intermedios  para que  inviten a dichos encuentros virtuales  a todos los que puedan participar, no solamente a los presidentes de comit\u00e9s intermedios, pues hay un genuino inter\u00e9s de acercar m\u00e1s al partido a la importante di\u00e1spora dominicana.<\/p>\n<\/p>\n<p>\u00abUna de las cosas que debemos hacer en el Congreso es estar m\u00e1s cerca, escucharnos m\u00e1s y entender las particularidades de cada zona, por eso es para nosotros tan importante tener estos encuentros con todos los compa\u00f1eros y compa\u00f1eras de la seccionales, que se hagan extensivos a los amigos y simpatizantes del partido\u00bb, se\u00f1al\u00f3 Cristina Lizardo, coordinadora de la Comisi\u00f3n Organizadora del  IX Congreso del PLD.<\/p>\n<\/p>\n<p>Lizardo   reiter\u00f3 a las seccionales el llamado a los presidentes de Comit\u00e9s Provinciales, Municipales y de Intermedios del pa\u00eds para que se  incorporen  a los j\u00f3venes a los trabajos del Congreso, pues en ellos descansa el presente y el futuro del partido.<\/p>\n<\/p>\n<p>Junto a la Comisi\u00f3n Organizadora del Congreso pelede\u00edsta trabaja en la coordinaci\u00f3n de los encuentros virtuales de la seccionales del PLD  la Secretar\u00eda de Dominicanos en el Exterior  del PLD, coordinada por Alexis Lantigua, miembro del Comit\u00e9 Pol\u00edtico, \u00f3rgano de trabajo que  ha creado  el link o conexi\u00f3n electr\u00f3nica  para el desarrollo de estos  encuentros a distancia, que ser\u00e1n  una r\u00e9plica de las asambleas regionales y provinciales organizadas por el PLD en las \u00faltimas semanas.<\/p>\n<\/p>\n<\/p>\n<p>SECRETAR\u00cdA DE COMUNICACIONES<\/p>\n<\/p>\n<p>19 DE NOVIEMBRE,  2020<\/p>\n<\/p>\n<\/p>\n<\/p>\n<h6> 2020-11-19 23:25:24 <\/h6>\n<p><!--\n<link rel=\"stylesheet\" href=\"css\/bootstrap.min.css\">\n\n\n<ul class=\"pagination\">\n\t    \n\t\n\n<li >\n\t<a href='?page_no=24'>Previous<\/a>\n\t<\/li>\n\n\n       \n    \n\n<li><a href='?page_no=1'>1<\/a><\/li>\n\n\n\n<li><a href='?page_no=2'>2<\/a><\/li>\n\n\n\n<li><a>...<\/a><\/li>\n\n\n\n<li><a href='?page_no=23'>23<\/a><\/li>\n\n\n\n<li><a href='?page_no=24'>24<\/a><\/li>\n\n\n\n<li class='active'><a>25<\/a><\/li>\n\n\n\n<li><a href='?page_no=26'>26<\/a><\/li>\n\n\n\n<li><a href='?page_no=27'>27<\/a><\/li>\n\n\n\n<li><a>...<\/a><\/li>\n\n\n\n<li><a href='?page_no=36999'>36999<\/a><\/li>\n\n\n\n<li><a href='?page_no=37000'>37000<\/a><\/li>\n\n    \n\t\n\n<li >\n\t<a href='?page_no=26'>Next<\/a>\n\t<\/li>\n\n\n    \n\n<li><a href='?page_no=37000'>Last &rsaquo;&rsaquo;<\/a><\/li>\n\n<\/ul>\n\n\n--><br \/>\n<\/body><\/p>\n","protected":false},"excerpt":{"rendered":"<p>Diariodominicano.com PLD confirma encuentros virtuales con seccionales en el exterior para conocer los temas del IX Congreso Santo Domingo, RD, 19 de noviembre de 2020.- la Comisi\u00f3n Organizadora del IX Congreso Ordinario Jos\u00e9 Joaqu\u00edn Bid\u00f3 Medina del Partido de la Liberaci\u00f3n Dominicana (PLD) anunci\u00f3 su decisi\u00f3n de tener un acercamiento con los dirigentes y miembros [&hellip;]<\/p>\n","protected":false},"author":3,"featured_media":0,"comment_status":"open","ping_status":"open","sticky":false,"template":"","format":"standard","meta":{"footnotes":""},"categories":[22],"tags":[],"class_list":["post-166722","post","type-post","status-publish","format-standard","hentry","category-politica"],"_links":{"self":[{"href":"https:\/\/diariodominicano.com\/index.php?rest_route=\/wp\/v2\/posts\/166722","targetHints":{"allow":["GET"]}}],"collection":[{"href":"https:\/\/diariodominicano.com\/index.php?rest_route=\/wp\/v2\/posts"}],"about":[{"href":"https:\/\/diariodominicano.com\/index.php?rest_route=\/wp\/v2\/types\/post"}],"author":[{"embeddable":true,"href":"https:\/\/diariodominicano.com\/index.php?rest_route=\/wp\/v2\/users\/3"}],"replies":[{"embeddable":true,"href":"https:\/\/diariodominicano.com\/index.php?rest_route=%2Fwp%2Fv2%2Fcomments&post=166722"}],"version-history":[{"count":0,"href":"https:\/\/diariodominicano.com\/index.php?rest_route=\/wp\/v2\/posts\/166722\/revisions"}],"wp:attachment":[{"href":"https:\/\/diariodominicano.com\/index.php?rest_route=%2Fwp%2Fv2%2Fmedia&parent=166722"}],"wp:term":[{"taxonomy":"category","embeddable":true,"href":"https:\/\/diariodominicano.com\/index.php?rest_route=%2Fwp%2Fv2%2Fcategories&post=166722"},{"taxonomy":"post_tag","embeddable":true,"href":"https:\/\/diariodominicano.com\/index.php?rest_route=%2Fwp%2Fv2%2Ftags&post=166722"}],"curies":[{"name":"wp","href":"https:\/\/api.w.org\/{rel}","templated":true}]}}