{"id":166611,"date":"2020-11-19T23:54:23","date_gmt":"2020-11-19T23:54:23","guid":{"rendered":"http:\/\/diariodominicano.ddns.net\/?p=166611"},"modified":"2020-11-19T23:54:23","modified_gmt":"2020-11-19T23:54:23","slug":"vicepresidente-parlacen-felicita-designacion-de-tony-raful-embajador-en-italia","status":"publish","type":"post","link":"https:\/\/diariodominicano.com\/?p=166611","title":{"rendered":"Vicepresidente PARLACEN felicita designaci\u00f3n de Tony Raful  embajador en Italia"},"content":{"rendered":"<p><body><\/p>\n<p><img decoding=\"async\" src=\"img3\/Ramon Emilio Goris.jpg\" \/>  <\/p>\n<p><strong>Diariodominicano.com<\/strong><\/p>\n<p><strong>Vicepresidente PARLACEN felicita designaci\u00f3n de Tony Raful embajador en Italia<\/strong><\/p>\n<p><strong>SANTO DOMINGO.-<\/strong> El vicepresidente del Parlamento Centroamericano (PARLACEN) por el Estado de Rep\u00fablica Dominicana, Ram\u00f3n Emilio Goris, felicit\u00f3 al licenciado Tony Raful por su designaci\u00f3n como embajador en Italia.<\/p>\n<\/p>\n<\/p>\n<p>Goris defini\u00f3 al poeta, escritor y expresidente del foro regional con sede en Guatemala como \u00abes excelente diputado, pol\u00edtico y gran ser humano\u00bb.<\/p>\n<\/p>\n<\/p>\n<p>El diputado y secretario general del Partido Humanista Dominicano (PHD) escribi\u00f3 en su cuenta de Twitter que la designaci\u00f3n de Raful \u00abnos llena de satisfacci\u00f3n y orgullo porque sabemos que ser\u00e1 un excelente representante de la Rep\u00fablica Dominicana en el exterior\u00bb.<\/p>\n<\/p>\n<\/p>\n<p>Raful fue designado por el presidente de la Rep\u00fablica, Luis Abinader, mediante el decreto n\u00famero 626-20 como embajador extraordinario y plenipotenciario de la Rep\u00fablica Dominicana en Italia.<\/p>\n<\/p>\n<p>PRENSA PARLACEN<\/p>\n<p>prensa.parlacen@gmail.com<\/p>\n<\/p>\n<h6> 2020-11-19 23:54:23 <\/h6>\n<p><!--\n<link rel=\"stylesheet\" href=\"css\/bootstrap.min.css\">\n\n\n<ul class=\"pagination\">\n\t    \n\t\n\n<li >\n\t<a href='?page_no=23'>Previous<\/a>\n\t<\/li>\n\n\n       \n    \n\n<li><a href='?page_no=1'>1<\/a><\/li>\n\n\n\n<li><a href='?page_no=2'>2<\/a><\/li>\n\n\n\n<li><a>...<\/a><\/li>\n\n\n\n<li><a href='?page_no=22'>22<\/a><\/li>\n\n\n\n<li><a href='?page_no=23'>23<\/a><\/li>\n\n\n\n<li class='active'><a>24<\/a><\/li>\n\n\n\n<li><a href='?page_no=25'>25<\/a><\/li>\n\n\n\n<li><a href='?page_no=26'>26<\/a><\/li>\n\n\n\n<li><a>...<\/a><\/li>\n\n\n\n<li><a href='?page_no=36999'>36999<\/a><\/li>\n\n\n\n<li><a href='?page_no=37000'>37000<\/a><\/li>\n\n    \n\t\n\n<li >\n\t<a href='?page_no=25'>Next<\/a>\n\t<\/li>\n\n\n    \n\n<li><a href='?page_no=37000'>Last &rsaquo;&rsaquo;<\/a><\/li>\n\n<\/ul>\n\n\n--><br \/>\n<\/body><\/p>\n","protected":false},"excerpt":{"rendered":"<p>Diariodominicano.com Vicepresidente PARLACEN felicita designaci\u00f3n de Tony Raful embajador en Italia SANTO DOMINGO.- El vicepresidente del Parlamento Centroamericano (PARLACEN) por el Estado de Rep\u00fablica Dominicana, Ram\u00f3n Emilio Goris, felicit\u00f3 al licenciado Tony Raful por su designaci\u00f3n como embajador en Italia. Goris defini\u00f3 al poeta, escritor y expresidente del foro regional con sede en Guatemala como [&hellip;]<\/p>\n","protected":false},"author":3,"featured_media":0,"comment_status":"open","ping_status":"open","sticky":false,"template":"","format":"standard","meta":{"footnotes":""},"categories":[22],"tags":[],"class_list":["post-166611","post","type-post","status-publish","format-standard","hentry","category-politica"],"_links":{"self":[{"href":"https:\/\/diariodominicano.com\/index.php?rest_route=\/wp\/v2\/posts\/166611","targetHints":{"allow":["GET"]}}],"collection":[{"href":"https:\/\/diariodominicano.com\/index.php?rest_route=\/wp\/v2\/posts"}],"about":[{"href":"https:\/\/diariodominicano.com\/index.php?rest_route=\/wp\/v2\/types\/post"}],"author":[{"embeddable":true,"href":"https:\/\/diariodominicano.com\/index.php?rest_route=\/wp\/v2\/users\/3"}],"replies":[{"embeddable":true,"href":"https:\/\/diariodominicano.com\/index.php?rest_route=%2Fwp%2Fv2%2Fcomments&post=166611"}],"version-history":[{"count":0,"href":"https:\/\/diariodominicano.com\/index.php?rest_route=\/wp\/v2\/posts\/166611\/revisions"}],"wp:attachment":[{"href":"https:\/\/diariodominicano.com\/index.php?rest_route=%2Fwp%2Fv2%2Fmedia&parent=166611"}],"wp:term":[{"taxonomy":"category","embeddable":true,"href":"https:\/\/diariodominicano.com\/index.php?rest_route=%2Fwp%2Fv2%2Fcategories&post=166611"},{"taxonomy":"post_tag","embeddable":true,"href":"https:\/\/diariodominicano.com\/index.php?rest_route=%2Fwp%2Fv2%2Ftags&post=166611"}],"curies":[{"name":"wp","href":"https:\/\/api.w.org\/{rel}","templated":true}]}}