{"id":166500,"date":"2020-11-20T00:13:09","date_gmt":"2020-11-20T00:13:09","guid":{"rendered":"http:\/\/diariodominicano.ddns.net\/?p=166500"},"modified":"2020-11-20T00:13:09","modified_gmt":"2020-11-20T00:13:09","slug":"cristina-lizardo-y-temistocles-montas-afirman-en-ix-congreso-del-pld-trabajan-para-recuperar-el-sentido-de-cuerpo","status":"publish","type":"post","link":"https:\/\/diariodominicano.com\/?p=166500","title":{"rendered":"Cristina Lizardo y Tem\u00edstocles Mont\u00e1s afirman en IX congreso del PLD trabajan para recuperar el sentido de cuerpo&#13;"},"content":{"rendered":"<p><body><\/p>\n<p><img decoding=\"async\" src=\"img3\/1 (1).jpg\" \/><br \/><img decoding=\"async\" src=\"img3\/Cristina.jpg\" \/><br \/><img decoding=\"async\" src=\"img3\/Temo.jpg\" \/>  <\/p>\n<p><strong>Diariodominicano.com<\/strong><\/p>\n<p><strong>Cristina Lizardo y Tem\u00edstocles Mont\u00e1s. afirman en IX congreso del PLD trabajan para recuperar el esp\u00edritu de cuerpo<\/strong><\/p>\n<p><strong> <\/strong><\/p>\n<p><strong> <\/strong><\/p>\n<p><strong>Santo Domingo, RD, 19 de noviembre de 2020.- <\/strong>Cristina Lizardo y Tem\u00edstocles Mont\u00e1s, coordinadora del IX congreso ordinario y presidente del Partido de la Liberaci\u00f3n Dominicana (PLD), declararon que hist\u00f3ricamente esa organizaci\u00f3n se fortalece con las renuncias de dirigentes que se constituyen en grupos internos y que actualmente est\u00e1n trabajando para recuperar el sentido de cuerpo.<\/p>\n<\/p>\n<p><strong>Tambi\u00e9n remont\u00e1ndose a las dos primeras d\u00e9cadas de existencia del partido morado y amarillo sostuvieron que est\u00e1 demostrado que esa organizaci\u00f3n se hizo grande haciendo oposici\u00f3n, principalmente en los per\u00edodos 1978-82 y 1982-86 cuando gobernaba el Partido Revolucionario Dominicano (PRD) \u00abque es el PRM de hoy\u00bb, destaca una informaci\u00f3n dada por la Secretar\u00eda de Comunicaciones del PLD.<\/strong><\/p>\n<\/p>\n<\/p>\n<p>En ese orden, recordaron que los 47 a\u00f1os que cumple el PLD coinciden con su retorno a la oposici\u00f3n, y que de ese tiempo gobern\u00f3 20 a\u00f1os en los que Rep\u00fablica Dominicana se transform\u00f3.<\/p>\n<\/p>\n<\/p>\n<p>Esos pronunciamientos fueron recogidos en una nota de la Secretar\u00eda de Comunicaciones pelede\u00edsta donde se rese\u00f1a la asamblea de dirigentes, enlaces y autoridades electas que tuvo por escenario la provincia de San Crist\u00f3bal la tarde del mi\u00e9rcoles.<\/p>\n<\/p>\n<\/p>\n<p>Matizaron adem\u00e1s que la actual coyuntura que enmarca el IX congreso pelede\u00edsta encuentra a esa organizaci\u00f3n luchando contra dos frentes representados por el oficialismo y un sector de la oposici\u00f3n aliado al mismo.<\/p>\n<\/p>\n<\/p>\n<p>Cristina Lizardo, coordinadora de la referida comisi\u00f3n organizadora, tras motivar a los presentes a entonar la canci\u00f3n alusiva al evento intrapartidario \u00abSoy PLD, soy del partido\u00bb, sostuvo que esa organizaci\u00f3n se forj\u00f3 ra\u00edces s\u00f3lidas desde sus or\u00edgenes y la oposici\u00f3n desarrollada.<\/p>\n<\/p>\n<\/p>\n<p>\u00abNosotros necesitamos seguir fortaleciendo al PLD.  Porque el PLD ha crecido con ra\u00edces s\u00f3lidas; con hombres y mujeres decididos, comprometidos\u00bb, enfatiz\u00f3 la tambi\u00e9n ex senadora de Santo Domingo.<\/p>\n<\/p>\n<\/p>\n<p>Agreg\u00f3  que el Partido de la Liberaci\u00f3n Dominicana no cejar\u00e1 en el compromiso que tiene de continuar sirviendo al pa\u00eds, y que ese es el principal motivo de celebrar asambleas de motivaci\u00f3n en todo el pa\u00eds a favor del \u00e9xito del IX congreso ordinario dedicado a Jos\u00e9 Joaqu\u00edn Bid\u00f3 Medina y cuyo lema es \u00abHacia la transformaci\u00f3n y fortalecimiento de la identidad partidaria\u00bb.<\/p>\n<\/p>\n<\/p>\n<p>Por igual, Tem\u00edstocles Mont\u00e1s se expres\u00f3 optimista al decir que el PLD se construy\u00f3 enfrentando dificultades, comenzando con una t\u00edmida votaci\u00f3n en su primera participaci\u00f3n electoral en 1978, aunque aclar\u00f3 que la estrategia de Juan Bosch en ese momento era cualificar al partido m\u00e1s que procurar votos.  Sigui\u00f3 recordando que para los comicios del 1982 hubo que recorrer el pa\u00eds solicitando firmas para lograr el reconocimiento oficial como partido pol\u00edtico.<\/p>\n<\/p>\n<\/p>\n<p>Esboz\u00f3 las sucesivas crisis por renuncias de dirigentes en las que se pens\u00f3 que el PLD ser\u00eda liquidado, pero que la historia ha demostrado que esa entidad pol\u00edtica se fortalece tras cada divisi\u00f3n, y que el incremento de las votaciones as\u00ed lo confirman.<\/p>\n<\/p>\n<\/p>\n<p>Reiter\u00f3 la tesis de que las renuncias de 1992 encabezadas  posibilitaron el triunfo obtenido en 1996; y revel\u00f3 que as\u00ed lo ha analizado con su compa\u00f1ero de organismo y ex Presidente de la Rep\u00fablica Danilo Medina, en lo que ambos est\u00e1n de acuerdo.<\/p>\n<\/p>\n<\/p>\n<p>\u00abPorque mientras ese grupo estaba dentro el PLD no actuaba como cuerpo, no ten\u00eda sentido de cuerpo; el PLD estaba dividido en grupos que operaban a lo interno.  Cuando esa gente se fue del Partido el PLD recobr\u00f3 su sentido de cuerpo\u00bb, expresi\u00f3n Mont\u00e1s con la que coincidi\u00f3 un prolongado aplauso de los presentes.<\/p>\n<\/p>\n<p>SECRETAR\u00cdA DE COMUNICACIONES<\/p>\n<\/p>\n<p>19 DE NOVIEMBRE, 2020<\/p>\n<\/p>\n<\/p>\n<h6> 2020-11-20 00:13:09 <\/h6>\n<p><!--\n<link rel=\"stylesheet\" href=\"css\/bootstrap.min.css\">\n\n\n<ul class=\"pagination\">\n\t    \n\t\n\n<li >\n\t<a href='?page_no=22'>Previous<\/a>\n\t<\/li>\n\n\n       \n    \n\n<li><a href='?page_no=1'>1<\/a><\/li>\n\n\n\n<li><a href='?page_no=2'>2<\/a><\/li>\n\n\n\n<li><a>...<\/a><\/li>\n\n\n\n<li><a href='?page_no=21'>21<\/a><\/li>\n\n\n\n<li><a href='?page_no=22'>22<\/a><\/li>\n\n\n\n<li class='active'><a>23<\/a><\/li>\n\n\n\n<li><a href='?page_no=24'>24<\/a><\/li>\n\n\n\n<li><a href='?page_no=25'>25<\/a><\/li>\n\n\n\n<li><a>...<\/a><\/li>\n\n\n\n<li><a href='?page_no=36999'>36999<\/a><\/li>\n\n\n\n<li><a href='?page_no=37000'>37000<\/a><\/li>\n\n    \n\t\n\n<li >\n\t<a href='?page_no=24'>Next<\/a>\n\t<\/li>\n\n\n    \n\n<li><a href='?page_no=37000'>Last &rsaquo;&rsaquo;<\/a><\/li>\n\n<\/ul>\n\n\n--><br \/>\n<\/body><\/p>\n","protected":false},"excerpt":{"rendered":"<p>Diariodominicano.com Cristina Lizardo y Tem\u00edstocles Mont\u00e1s. afirman en IX congreso del PLD trabajan para recuperar el esp\u00edritu de cuerpo Santo Domingo, RD, 19 de noviembre de 2020.- Cristina Lizardo y Tem\u00edstocles Mont\u00e1s, coordinadora del IX congreso ordinario y presidente del Partido de la Liberaci\u00f3n Dominicana (PLD), declararon que hist\u00f3ricamente esa organizaci\u00f3n se fortalece con las [&hellip;]<\/p>\n","protected":false},"author":3,"featured_media":0,"comment_status":"open","ping_status":"open","sticky":false,"template":"","format":"standard","meta":{"footnotes":""},"categories":[22],"tags":[],"class_list":["post-166500","post","type-post","status-publish","format-standard","hentry","category-politica"],"_links":{"self":[{"href":"https:\/\/diariodominicano.com\/index.php?rest_route=\/wp\/v2\/posts\/166500","targetHints":{"allow":["GET"]}}],"collection":[{"href":"https:\/\/diariodominicano.com\/index.php?rest_route=\/wp\/v2\/posts"}],"about":[{"href":"https:\/\/diariodominicano.com\/index.php?rest_route=\/wp\/v2\/types\/post"}],"author":[{"embeddable":true,"href":"https:\/\/diariodominicano.com\/index.php?rest_route=\/wp\/v2\/users\/3"}],"replies":[{"embeddable":true,"href":"https:\/\/diariodominicano.com\/index.php?rest_route=%2Fwp%2Fv2%2Fcomments&post=166500"}],"version-history":[{"count":0,"href":"https:\/\/diariodominicano.com\/index.php?rest_route=\/wp\/v2\/posts\/166500\/revisions"}],"wp:attachment":[{"href":"https:\/\/diariodominicano.com\/index.php?rest_route=%2Fwp%2Fv2%2Fmedia&parent=166500"}],"wp:term":[{"taxonomy":"category","embeddable":true,"href":"https:\/\/diariodominicano.com\/index.php?rest_route=%2Fwp%2Fv2%2Fcategories&post=166500"},{"taxonomy":"post_tag","embeddable":true,"href":"https:\/\/diariodominicano.com\/index.php?rest_route=%2Fwp%2Fv2%2Ftags&post=166500"}],"curies":[{"name":"wp","href":"https:\/\/api.w.org\/{rel}","templated":true}]}}