{"id":166389,"date":"2020-11-20T13:45:03","date_gmt":"2020-11-20T13:45:03","guid":{"rendered":"http:\/\/diariodominicano.ddns.net\/?p=166389"},"modified":"2020-11-20T13:45:03","modified_gmt":"2020-11-20T13:45:03","slug":"pld-confirma-convocatoria-para-el-cp-este-sabado-a-las-10-00-am-en-la-casa-nacional","status":"publish","type":"post","link":"https:\/\/diariodominicano.com\/?p=166389","title":{"rendered":"&#13;PLD confirma convocatoria para el CP este s\u00e1bado a las 10.00 am en la Casa Nacional"},"content":{"rendered":"<p><body><\/p>\n<p><img decoding=\"async\" src=\"img3\/casa-nacionalPLD20-11-20.jpg\" \/>  <\/p>\n<p> diariodominicano.com<span class=\"text1noticias\"> <\/span><\/p>\n<p><span class=\"text1noticias\"> <\/span><\/p>\n<p><span class=\"text1noticias\">Santo Domingo, R. D., 20 de noviembre, 2020.-  La Secretaria de Comunicaciones del Partido de la Liberaci\u00f3n Dominicana confirm\u00f3 para este s\u00e1bado (21 noviembre) la convocatoria del  Comit\u00e9 Pol\u00edtico, organismo que tiene en su agenda  conocer el informe relativo a los trabajos del IX Congreso Ordinario Jos\u00e9 Joaqu\u00edn Bid\u00f3 Medina que agota la fase del conocimiento de los documentos de los temas enviados a los organismos, as\u00ed como la situaci\u00f3n pol\u00edtica nacional. <\/span><\/p>\n<p><span class=\"text1noticias\"> <\/span><\/p>\n<p><span class=\"text1noticias\">El \u00f3rgano comunicativo peledeista responde as\u00ed a los diferentes medios que en llamadas y mensajes ha preguntado sobre esta convocatoria. <\/span><\/p>\n<p><span class=\"text1noticias\"> <\/span><\/p>\n<p><span class=\"text1noticias\">\u00abEl Presidente de nuestro Partido, Tem\u00edstocles Mont\u00e1s, ha  confirmado  la convocatoria a los miembros del organismo de direcci\u00f3n para las 10.00 horas de la ma\u00f1ana del s\u00e1bado, en la Casa Nacional\u00bb, se precisa la nota. <\/span><\/p>\n<p><span class=\"text1noticias\"> <\/span><\/p>\n<p><span class=\"text1noticias\">Como los anteriores encuentros,  una buena expectativa de asistencia se tiene con esta reuni\u00f3n dado la trascendencia del  evento partidario en curso y que todos sus miembros tienen responsabilidades de Enlazamiento de la Comisi\u00f3n Organizadora con provincias y regiones. <\/span><\/p>\n<p><span class=\"text1noticias\"> <\/span><\/p>\n<p><span class=\"text1noticias\">El Congreso ordinario del PLD inici\u00f3 el pasado 11 de octubre con la celebraci\u00f3n de la Plenaria General en la que los discursos pronunciados marcaron el accionar de las deliberaciones. <\/span><\/p>\n<p><span class=\"text1noticias\"> <\/span><\/p>\n<p><span class=\"text1noticias\">La Comisi\u00f3n Organizadora ha desarrollado asambleas regionales y provinciales en las que se reciben los informes de los resultados de las deliberaciones de los temas y del proceso de validaci\u00f3n de los organismos a cargo de la Secretar\u00eda de Organizaci\u00f3n del PLD, temas que ha de ser tratados en la reuni\u00f3n del Comit\u00e9 Pol\u00edtico este s\u00e1bado.<\/span><\/p>\n<p><span class=\"text1noticias\"> <\/span><\/p>\n<p><span class=\"text1noticias\">Las reuniones del Comit\u00e9 Pol\u00edtico se realizan a puertas cerradas, aunque se permite al principio,  la entrada   de  la representaci\u00f3n de los medios de comunicaci\u00f3n para captar las im\u00e1genes del momento inicial y luego al finalizar se ofrecen las explicaciones de las conclusiones y resoluciones<\/span><\/p>\n<p><span class=\"text1noticias\"> <\/span><\/p>\n<p><span class=\"text1noticias\">Fuente: SECRETARIA COMUNICACIONES PLD<\/span><\/p>\n<p><span class=\"text1noticias\">20 NO<\/span>VIEMBRE 2020<\/p>\n<\/p>\n<\/p>\n<\/p>\n<h6> 2020-11-20 13:45:03 <\/h6>\n<p><!--\n<link rel=\"stylesheet\" href=\"css\/bootstrap.min.css\">\n\n\n<ul class=\"pagination\">\n\t    \n\t\n\n<li >\n\t<a href='?page_no=21'>Previous<\/a>\n\t<\/li>\n\n\n       \n    \n\n<li><a href='?page_no=1'>1<\/a><\/li>\n\n\n\n<li><a href='?page_no=2'>2<\/a><\/li>\n\n\n\n<li><a>...<\/a><\/li>\n\n\n\n<li><a href='?page_no=20'>20<\/a><\/li>\n\n\n\n<li><a href='?page_no=21'>21<\/a><\/li>\n\n\n\n<li class='active'><a>22<\/a><\/li>\n\n\n\n<li><a href='?page_no=23'>23<\/a><\/li>\n\n\n\n<li><a href='?page_no=24'>24<\/a><\/li>\n\n\n\n<li><a>...<\/a><\/li>\n\n\n\n<li><a href='?page_no=36999'>36999<\/a><\/li>\n\n\n\n<li><a href='?page_no=37000'>37000<\/a><\/li>\n\n    \n\t\n\n<li >\n\t<a href='?page_no=23'>Next<\/a>\n\t<\/li>\n\n\n    \n\n<li><a href='?page_no=37000'>Last &rsaquo;&rsaquo;<\/a><\/li>\n\n<\/ul>\n\n\n--><br \/>\n<\/body><\/p>\n","protected":false},"excerpt":{"rendered":"<p>diariodominicano.com Santo Domingo, R. D., 20 de noviembre, 2020.- La Secretaria de Comunicaciones del Partido de la Liberaci\u00f3n Dominicana confirm\u00f3 para este s\u00e1bado (21 noviembre) la convocatoria del Comit\u00e9 Pol\u00edtico, organismo que tiene en su agenda conocer el informe relativo a los trabajos del IX Congreso Ordinario Jos\u00e9 Joaqu\u00edn Bid\u00f3 Medina que agota la fase [&hellip;]<\/p>\n","protected":false},"author":3,"featured_media":0,"comment_status":"open","ping_status":"open","sticky":false,"template":"","format":"standard","meta":{"footnotes":""},"categories":[22],"tags":[],"class_list":["post-166389","post","type-post","status-publish","format-standard","hentry","category-politica"],"_links":{"self":[{"href":"https:\/\/diariodominicano.com\/index.php?rest_route=\/wp\/v2\/posts\/166389","targetHints":{"allow":["GET"]}}],"collection":[{"href":"https:\/\/diariodominicano.com\/index.php?rest_route=\/wp\/v2\/posts"}],"about":[{"href":"https:\/\/diariodominicano.com\/index.php?rest_route=\/wp\/v2\/types\/post"}],"author":[{"embeddable":true,"href":"https:\/\/diariodominicano.com\/index.php?rest_route=\/wp\/v2\/users\/3"}],"replies":[{"embeddable":true,"href":"https:\/\/diariodominicano.com\/index.php?rest_route=%2Fwp%2Fv2%2Fcomments&post=166389"}],"version-history":[{"count":0,"href":"https:\/\/diariodominicano.com\/index.php?rest_route=\/wp\/v2\/posts\/166389\/revisions"}],"wp:attachment":[{"href":"https:\/\/diariodominicano.com\/index.php?rest_route=%2Fwp%2Fv2%2Fmedia&parent=166389"}],"wp:term":[{"taxonomy":"category","embeddable":true,"href":"https:\/\/diariodominicano.com\/index.php?rest_route=%2Fwp%2Fv2%2Fcategories&post=166389"},{"taxonomy":"post_tag","embeddable":true,"href":"https:\/\/diariodominicano.com\/index.php?rest_route=%2Fwp%2Fv2%2Ftags&post=166389"}],"curies":[{"name":"wp","href":"https:\/\/api.w.org\/{rel}","templated":true}]}}