{"id":166167,"date":"2020-11-21T21:58:14","date_gmt":"2020-11-21T21:58:14","guid":{"rendered":"http:\/\/diariodominicano.ddns.net\/?p=166167"},"modified":"2020-11-21T21:58:14","modified_gmt":"2020-11-21T21:58:14","slug":"un-84-5-valora-como-positiva-gestion-de-luis-abinader","status":"publish","type":"post","link":"https:\/\/diariodominicano.com\/?p=166167","title":{"rendered":"Un 84.5% valora como positiva gesti\u00f3n de Luis Abinader"},"content":{"rendered":"<p><body><\/p>\n<p><img decoding=\"async\" src=\"img3\/Abinader21-11-20.jpeg\" \/>  <\/p>\n<p><span class=\"text1noticias\"> <\/span><\/p>\n<p><span class=\"text1noticias\">diariodominicano.com <\/span><\/p>\n<p><span class=\"text1noticias\"> <\/span><\/p>\n<p><span class=\"text1noticias\">Santo Domingo, R. D., 21 de noviembre, 2020.- Al destacar el compromiso asumido por el Gobierno que dirige el presidente Luis Abinader de trabajar por una gesti\u00f3n de calidad, el ministro Administrativo de la Presidencia, Jos\u00e9 Ignacio Paliza, valor\u00f3 los m\u00e1s recientes resultados de la encuesta del Centro Econ\u00f3mico del Cibao (CEC) que evidencia el alto porcentaje de aceptaci\u00f3n que ha tenido el cambio de modelo en el quehacer p\u00fablico.<\/span><\/p>\n<p><span class=\"text1noticias\"> <\/span><\/p>\n<p><span class=\"text1noticias\">Paliza manifest\u00f3 que el visto bueno del 84.5 por ciento a la gesti\u00f3n de Abinader \u00abes un est\u00edmulo para trabajar con m\u00e1s fuerza\u00bb.<\/span><\/p>\n<p><span class=\"text1noticias\"> <\/span><\/p>\n<p><span class=\"text1noticias\">El funcionario tambi\u00e9n ponder\u00f3 los resultados que reflejan que un 80.5 por ciento cree que el jefe de Estado lleva al pa\u00eds por el camino correcto y un 60.4 por ciento que califica como buena la gesti\u00f3n que desarrolla Abinader, logrando sus acciones en el servicio p\u00fablico que, en estos casi 100 d\u00edas de gobierno, un 80.8 por ciento considere que la imagen del mandatario ha mejorado.<\/span><\/p>\n<p><span class=\"text1noticias\"> <\/span><\/p>\n<p><span class=\"text1noticias\">En ese sentido, el ministro Administrativo manifest\u00f3 que, en los cerca de 100 d\u00edas de gesti\u00f3n, el pa\u00eds ha pasado de un mal Gobierno al buen Go<\/span>bierno.<\/p>\n<h6> 2020-11-21 21:58:14 <\/h6>\n<p><!--\n<link rel=\"stylesheet\" href=\"css\/bootstrap.min.css\">\n\n\n<ul class=\"pagination\">\n\t    \n\t\n\n<li >\n\t<a href='?page_no=19'>Previous<\/a>\n\t<\/li>\n\n\n       \n    \n\n<li><a href='?page_no=1'>1<\/a><\/li>\n\n\n\n<li><a href='?page_no=2'>2<\/a><\/li>\n\n\n\n<li><a>...<\/a><\/li>\n\n\n\n<li><a href='?page_no=18'>18<\/a><\/li>\n\n\n\n<li><a href='?page_no=19'>19<\/a><\/li>\n\n\n\n<li class='active'><a>20<\/a><\/li>\n\n\n\n<li><a href='?page_no=21'>21<\/a><\/li>\n\n\n\n<li><a href='?page_no=22'>22<\/a><\/li>\n\n\n\n<li><a>...<\/a><\/li>\n\n\n\n<li><a href='?page_no=36999'>36999<\/a><\/li>\n\n\n\n<li><a href='?page_no=37000'>37000<\/a><\/li>\n\n    \n\t\n\n<li >\n\t<a href='?page_no=21'>Next<\/a>\n\t<\/li>\n\n\n    \n\n<li><a href='?page_no=37000'>Last &rsaquo;&rsaquo;<\/a><\/li>\n\n<\/ul>\n\n\n--><br \/>\n<\/body><\/p>\n","protected":false},"excerpt":{"rendered":"<p>diariodominicano.com Santo Domingo, R. D., 21 de noviembre, 2020.- Al destacar el compromiso asumido por el Gobierno que dirige el presidente Luis Abinader de trabajar por una gesti\u00f3n de calidad, el ministro Administrativo de la Presidencia, Jos\u00e9 Ignacio Paliza, valor\u00f3 los m\u00e1s recientes resultados de la encuesta del Centro Econ\u00f3mico del Cibao (CEC) que evidencia [&hellip;]<\/p>\n","protected":false},"author":3,"featured_media":0,"comment_status":"open","ping_status":"open","sticky":false,"template":"","format":"standard","meta":{"footnotes":""},"categories":[22],"tags":[],"class_list":["post-166167","post","type-post","status-publish","format-standard","hentry","category-politica"],"_links":{"self":[{"href":"https:\/\/diariodominicano.com\/index.php?rest_route=\/wp\/v2\/posts\/166167","targetHints":{"allow":["GET"]}}],"collection":[{"href":"https:\/\/diariodominicano.com\/index.php?rest_route=\/wp\/v2\/posts"}],"about":[{"href":"https:\/\/diariodominicano.com\/index.php?rest_route=\/wp\/v2\/types\/post"}],"author":[{"embeddable":true,"href":"https:\/\/diariodominicano.com\/index.php?rest_route=\/wp\/v2\/users\/3"}],"replies":[{"embeddable":true,"href":"https:\/\/diariodominicano.com\/index.php?rest_route=%2Fwp%2Fv2%2Fcomments&post=166167"}],"version-history":[{"count":0,"href":"https:\/\/diariodominicano.com\/index.php?rest_route=\/wp\/v2\/posts\/166167\/revisions"}],"wp:attachment":[{"href":"https:\/\/diariodominicano.com\/index.php?rest_route=%2Fwp%2Fv2%2Fmedia&parent=166167"}],"wp:term":[{"taxonomy":"category","embeddable":true,"href":"https:\/\/diariodominicano.com\/index.php?rest_route=%2Fwp%2Fv2%2Fcategories&post=166167"},{"taxonomy":"post_tag","embeddable":true,"href":"https:\/\/diariodominicano.com\/index.php?rest_route=%2Fwp%2Fv2%2Ftags&post=166167"}],"curies":[{"name":"wp","href":"https:\/\/api.w.org\/{rel}","templated":true}]}}