{"id":166166,"date":"2020-11-29T21:10:52","date_gmt":"2020-11-29T21:10:52","guid":{"rendered":"http:\/\/diariodominicano.ddns.net\/?p=166166"},"modified":"2020-11-29T21:10:52","modified_gmt":"2020-11-29T21:10:52","slug":"danilo-medina-califica-de-atropello-y-abuso-el-arresto-de-dirigentes-del-pld-y-ex-funcionarios-de-su-gobierno","status":"publish","type":"post","link":"https:\/\/diariodominicano.com\/?p=166166","title":{"rendered":"Danilo Medina califica de atropello y abuso el arresto de dirigentes del PLD y ex  funcionarios de su Gobierno"},"content":{"rendered":"<p><body><\/p>\n<p><img decoding=\"async\" src=\"img3\/DMrdp.jpg\" \/><br \/><img decoding=\"async\" src=\"img3\/Dmrdp2.jpg\" \/><br \/><img decoding=\"async\" src=\"img3\/DMrdp4.jpg\" \/>  <\/p>\n<p><strong>Diariodominicano.com<\/strong><\/p>\n<p><strong>Danilo Medina califica de atropello y abuso el arresto de dirigentes del PLD y ex  funcionarios de su Gobierno<\/strong><\/p>\n<p><strong> <\/strong><\/p>\n<p><strong>Santo Domingo, RD, 29 de noviembre de 2020.-<\/strong> Danilo Medina, dijo la tarde del domingo que es t\u00edpico de cobardes usar el poder del Estado de manera deliberada, atropellante y abusiva.<\/p>\n<\/p>\n<p>Al expresar su imdignaci\u00f3n por la detenci\u00f3n de ex funcionarios de su Gobierno. la calific\u00f3  de atropello y abuso. Sostuvo que  el arresto la madrugada del domingo de varios funcionarios del  pasado gobierno, dirigentes del PLD,  incluidos dos de sus hermanos consangu\u00edneos y dijo  que de seguirse el debido proceso el tiempo se encargar\u00e1 de confirmar su inocencia.<\/p>\n<\/p>\n<p>\u00abDe entrada quiero expresar mi m\u00e1s profunda indignaci\u00f3n por la forma atropellante y abusiva con que fueron tratados los compa\u00f1eros detenidos en la madrugada del d\u00eda de hoy.  Entre ellos mis dos hermanos.\u00bb,  el ex presidente Medina dijo al participar en rueda de prensa celebrada la tarde del domingo junto a la casi totalidad de los miembros del  Comit\u00e9 Pol\u00edtico del PLD, seg\u00fan.<\/p>\n<\/p>\n<\/p>\n<p>Aludiendo la parte familiar que le corresponde, manifest\u00f3 que es la la primera vez que est\u00e1 frente al uso del poder del Estado de manera deliberada, atropellante y abusiva, lo cual tild\u00f3 como algo t\u00edpico de cobardes.<\/p>\n<\/p>\n<p>El ex Presidente ratific\u00f3 las palabras previamente emitidas por Francisco Dom\u00ednguez Brito a nombre del Comit\u00e9 Pol\u00edtico a no oponerse a que cualquier acto il\u00edcito sea investigado y que,  en caso de culpabilidad comprobada y definitivamente juzgada,  se aplique todo el peso de la Ley.<\/p>\n<\/p>\n<p>Inst\u00f3 a que se hagan todas las averiguaciones posibles y que se aplique todo el peso de la ley a quienes resulten comprometidos en sus actuaciones; pero pidi\u00f3 que no se generalice porque ser\u00edan excepcionales los funcionarios que no lo hicieron bien.<\/p>\n<\/p>\n<p>\u00abLa generalidad de los funcionarios trabajaron apegados a la Ley, a la Constituci\u00f3n, a las normas y a las buenas costumbres\u00bb, dijo Danilo Medina dirigi\u00e9ndose a los medios de comunicaci\u00f3n y sus compa\u00f1eros presentes del Comit\u00e9 Pol\u00edtico y dirigentes del PLD<\/p>\n<\/p>\n<\/p>\n<p>Dijo que en torno a su familia se ha pretendido presentar una imagen de mafia que aprovecha el privilegio de tener un hermano como jefe del Estado para dedicarse a acumular fortuna.  \u00abY nada m\u00e1s falso que eso\u00bb, afirm\u00f3 Danilo Medina en su intervenci\u00f3n para responder inquietudes period\u00edsticas tras un documento le\u00eddo por el dirigente del PLD, Francisco Dom\u00ednguez Brito a nombre del Comit\u00e9 Pol\u00edtico.<\/p>\n<\/p>\n<\/p>\n<p><strong>\u00abTodo el que me conoce sabe que nosotros ejercimos el poder con entrega y con sacrificio; que lo hicimos con transparencia.  Y los datos est\u00e1n ah\u00ed\u00bb, manifest\u00f3 Medina para indicar que a su llega a la Presidencia de la Rep\u00fablica administr\u00f3 m\u00e1s de 93 mil millones de pesos por el 4% para la Educaci\u00f3n para la construcci\u00f3n de escuelas y que todo ese proceso se hizo transparente y con la novedad de sorteos sin privilegios.<\/strong><\/p>\n<\/p>\n<\/p>\n<p>Dijo que miles de ingenieros que nunca pod\u00edan conseguir una obra p\u00fablica fueron beneficiados; citando por igual el proceso seguido para licitar la reparaci\u00f3n de hospitales.<\/p>\n<\/p>\n<p><strong>\u00abEn tercer lugar, elimin\u00e9 los permisos para importar productos de origen agropecuario, que todo el mundo sabe que es dinero l\u00edquido que se le da al que se le  entrega un permiso para importar.  Eso fue sustituido tambi\u00e9n por subastas que permitieron financiar al ministerio de Obras P\u00fablicas y que hizo posible que este pa\u00eds produzca hasta el 85% de los alimentos que consumimos\u00bb.<\/strong><\/p>\n<\/p>\n<\/p>\n<p>El ex presidente Medina destac\u00f3 la negociaci\u00f3n con la minera Barry Gold de car\u00e1cter millonario que le dio al Estado dominicano sumas fabulosas; y por igual refiri\u00f3 que fue \u00e9l quien encabez\u00f3 la renegociaci\u00f3n con Venezuela, y record\u00f3 que se pagaron 39 centavos por cada d\u00f3lar adeudado.<\/p>\n<\/p>\n<\/p>\n<p>Basado esa informaci\u00f3n se pregunt\u00f3 \u00bfc\u00f3mo se pod\u00eda acusar a sus gobiernos de distribuir privilegios?, Dijo que como se dice popularmente puede dar vuelta en redondo para que alguien en el pa\u00eds se\u00f1ale si recibi\u00f3 privilegio alguno de manos de \u00e9l como Presidente de la Rep\u00fablica.<\/p>\n<\/p>\n<\/p>\n<p>\u00abNosotros trabajamos con total transparencia.  Por eso el producto interno de la Rep\u00fablica Dominicana pas\u00f3 de 60 a 94 mil millones de d\u00f3lares.  Como si yo sumara la mitad de la Rep\u00fablica Dominicana en tan solo ocho a\u00f1os\u00bb, expres\u00f3 ante el Comit\u00e9 Pol\u00edtico del PLD.<\/p>\n<\/p>\n<\/p>\n<p>Insisti\u00f3 en que las grandes transformaciones logradas en sus dos per\u00edodos de gobierno fueron posible porque fueron gestiones honestas, pasando a dar testimonios de las reuniones en Palacio con la participaci\u00f3n de Lidio Cadet en las que se insist\u00eda en la transparencia como norma de actuaci\u00f3n p\u00fablica.<\/p>\n<\/p>\n<\/p>\n<p>\u00abY ese fue el norte que sigui\u00f3 el gobierno nuestro\u00bb, concluy\u00f3 Danilo Medina con lo que se dio por termina la rueda de prensa convocada por el Comit\u00e9 Pol\u00edtico del PLD para fijar posici\u00f3n respecto de los recientes arrestos de ex funcionarios de su gobierno, realizada posterior a una reuni\u00f3n en la Casa Nacional del PLD,<\/p>\n<\/p>\n<\/p>\n<p>SECRETARIA COMUNICACIONES<\/p>\n<\/p>\n<p>29 NOVIEMBRE 2020<\/p>\n<\/p>\n<\/p>\n<\/p>\n<\/p>\n<h6> 2020-11-29 21:10:52 <\/h6>\n<p><!--\n<link rel=\"stylesheet\" href=\"css\/bootstrap.min.css\">\n\n\n<ul class=\"pagination\">\n\t    \n\t\n\n<li >\n\t<a href='?page_no=1'>Previous<\/a>\n\t<\/li>\n\n\n       \n    \n\n<li><a href='?page_no=1'>1<\/a><\/li>\n\n\n\n<li class='active'><a>2<\/a><\/li>\n\n\n\n<li><a href='?page_no=3'>3<\/a><\/li>\n\n\n\n<li><a href='?page_no=4'>4<\/a><\/li>\n\n\n\n<li><a href='?page_no=5'>5<\/a><\/li>\n\n\n\n<li><a href='?page_no=6'>6<\/a><\/li>\n\n\n\n<li><a href='?page_no=7'>7<\/a><\/li>\n\n\n\n<li><a>...<\/a><\/li>\n\n\n\n<li><a href='?page_no=36999'>36999<\/a><\/li>\n\n\n\n<li><a href='?page_no=37000'>37000<\/a><\/li>\n\n    \n\t\n\n<li >\n\t<a href='?page_no=3'>Next<\/a>\n\t<\/li>\n\n\n    \n\n<li><a href='?page_no=37000'>Last &rsaquo;&rsaquo;<\/a><\/li>\n\n<\/ul>\n\n\n--><br \/>\n<\/body><\/p>\n","protected":false},"excerpt":{"rendered":"<p>Diariodominicano.com Danilo Medina califica de atropello y abuso el arresto de dirigentes del PLD y ex funcionarios de su Gobierno Santo Domingo, RD, 29 de noviembre de 2020.- Danilo Medina, dijo la tarde del domingo que es t\u00edpico de cobardes usar el poder del Estado de manera deliberada, atropellante y abusiva. Al expresar su imdignaci\u00f3n [&hellip;]<\/p>\n","protected":false},"author":3,"featured_media":0,"comment_status":"open","ping_status":"open","sticky":false,"template":"","format":"standard","meta":{"footnotes":""},"categories":[22],"tags":[],"class_list":["post-166166","post","type-post","status-publish","format-standard","hentry","category-politica"],"_links":{"self":[{"href":"https:\/\/diariodominicano.com\/index.php?rest_route=\/wp\/v2\/posts\/166166","targetHints":{"allow":["GET"]}}],"collection":[{"href":"https:\/\/diariodominicano.com\/index.php?rest_route=\/wp\/v2\/posts"}],"about":[{"href":"https:\/\/diariodominicano.com\/index.php?rest_route=\/wp\/v2\/types\/post"}],"author":[{"embeddable":true,"href":"https:\/\/diariodominicano.com\/index.php?rest_route=\/wp\/v2\/users\/3"}],"replies":[{"embeddable":true,"href":"https:\/\/diariodominicano.com\/index.php?rest_route=%2Fwp%2Fv2%2Fcomments&post=166166"}],"version-history":[{"count":0,"href":"https:\/\/diariodominicano.com\/index.php?rest_route=\/wp\/v2\/posts\/166166\/revisions"}],"wp:attachment":[{"href":"https:\/\/diariodominicano.com\/index.php?rest_route=%2Fwp%2Fv2%2Fmedia&parent=166166"}],"wp:term":[{"taxonomy":"category","embeddable":true,"href":"https:\/\/diariodominicano.com\/index.php?rest_route=%2Fwp%2Fv2%2Fcategories&post=166166"},{"taxonomy":"post_tag","embeddable":true,"href":"https:\/\/diariodominicano.com\/index.php?rest_route=%2Fwp%2Fv2%2Ftags&post=166166"}],"curies":[{"name":"wp","href":"https:\/\/api.w.org\/{rel}","templated":true}]}}