{"id":166055,"date":"2020-11-22T00:17:53","date_gmt":"2020-11-22T00:17:53","guid":{"rendered":"http:\/\/diariodominicano.ddns.net\/?p=166055"},"modified":"2020-11-22T00:17:53","modified_gmt":"2020-11-22T00:17:53","slug":"congresistas-del-pld-confirman-presentaran-observaciones-y-modificaciones-al-proyecto-de-presupuesto-del-2021","status":"publish","type":"post","link":"https:\/\/diariodominicano.com\/?p=166055","title":{"rendered":"Congresistas del PLD confirman presentar\u00e1n observaciones y modificaciones al proyecto de presupuesto del 2021"},"content":{"rendered":"<p><body><\/p>\n<p><img decoding=\"async\" src=\"img3\/PLDvoceroCongreso21-11-20.JPG\" \/>  <\/p>\n<p><span class=\"text1noticias\"> <\/span><\/p>\n<p> diariodominicano.com<\/p>\n<\/p>\n<p>Santo Domingo, R. D., 22 de noviembre, 2020.-  <span class=\"text1noticias\">Gustavo S\u00e1nchez, vocero del Partido de la Liberaci\u00f3n Dominicana en la C\u00e1mara de Diputados, asegur\u00f3 que el bloque de legisladores de esa organizaci\u00f3n presentar\u00e1 una propuesta de observaciones y modificaciones al Proyecto de Ley del Presupuesto General de la Naci\u00f3n que busca aclarar el nivel de endeudamiento para el Estado que implica la partida sugerida y evitar que se suspendan  partidas dirigidas a ayudar a diferentes sectores de la sociedad. <\/span><\/p>\n<p><span class=\"text1noticias\"> <\/span><\/p>\n<p><span class=\"text1noticias\">Declar\u00f3 que el tema del conocimiento del Proyecto de Ley del Presupuesto General de la Naci\u00f3n hay una serie de propuestas que no han sido debidamente discutidas por el PLD, pero que ya se consensuar\u00e1n para avalar los planteamientos y modificaciones a dicho proyecto que tienen los legisladores pelede\u00edsta, sobre la base de una serie de implicaciones con las que no est\u00e1n de acuerdo.<\/span><\/p>\n<p><span class=\"text1noticias\"> <\/span><\/p>\n<p><span class=\"text1noticias\"> <\/span><\/p>\n<p><span class=\"text1noticias\"> <\/span><\/p>\n<p><span class=\"text1noticias\">Se\u00f1al\u00f3 que una de esas implicaciones se refiere a la clarificaci\u00f3n del nivel de endeudamiento que implica la aprobaci\u00f3n del monto sugerido en el presupuesto. <\/span><\/p>\n<p><span class=\"text1noticias\"> <\/span><\/p>\n<p><span class=\"text1noticias\">El dirigente pelede\u00edsta manifest\u00f3 que hay una serie de partidas que el bloque del PLD entiende que deben mantenerse, porque benefician directamente a la clase m\u00e1s necesitada en estos momentos. <\/span><\/p>\n<p><span class=\"text1noticias\"> <\/span><\/p>\n<p><span class=\"text1noticias\">\u00abHay otras ideas que tienen que ver con los activos del gobierno, que pretenden vender y son propiedades p\u00fablicas y no sabemos cu\u00e1les son exactamente.  En ese sentido nosotros estamos planteando sus discusi\u00f3n  que  y  que modifique donde sea necesario\u00bb, precis\u00f3 S\u00e1nchez. <\/span><\/p>\n<p><span class=\"text1noticias\"> <\/span><\/p>\n<p><span class=\"text1noticias\">Expres\u00f3  que el tema de la disminuci\u00f3n de las partidas a los partidos pol\u00edticos es un tema colateral que no tiene que ver con la propuesta de modificaci\u00f3n del presupuesto que tiene el PLD. <\/span><\/p>\n<p><span class=\"text1noticias\"> <\/span><\/p>\n<p><span class=\"text1noticias\">\u00abNuestra preocupaci\u00f3n no es esa, tiene que ver con el tema de supervivencia de los dominicanos, que  en estos momentos de crisis sanitaria ve disminuir sus ingresos y adem\u00e1s de cu\u00e1les activos del pa\u00eds el gobierno pretende despojarse para poder sustentar el presupuesto del 2021\u00bb, apunt\u00f3 el legislador.<\/span><\/p>\n<p><span class=\"text1noticias\">  <\/span><\/p>\n<p><span class=\"text1noticias\">Tanto Gustavo S\u00e1nchez  como Iv\u00e1n Lorenzo, vocero del PLD ante el Senado, presentaron las explicaciones sobre temas que se conocen en ambos hemiciclos, especialmente sobre todo el proyecto de Ley de Presupuesto del Estado para el venidero a\u00f1o. Los voceros del PLD en el Congreso de la Rep\u00fablica se dirigieron a los miembros del Comit\u00e9 Pol\u00edtico antes del inicio de la agenda de la reuni\u00f3n que sostienen los  dirigentes del PLD este s\u00e1bado  en la Casa Nacional de la organizaci\u00f3n. <\/span><\/p>\n<p><span class=\"text1noticias\"> <\/span><\/p>\n<p><span class=\"text1noticias\">Por otro lado, al ser cuestionado por miembros de la prensa sobre  el matrimonio a temprana edad, el diputado pelede\u00edsta revel\u00f3 que el tema fue conocido en dos lecturas consecutivas en la C\u00e1mara de Diputados y que el PLD fue uno de los partidos que estuvo completamente de acuerdo para que en Rep\u00fablica Dominicana se eliminara cualquier posibilidad de que los menores fueran autorizados a contraer matrimonio. <\/span><\/p>\n<p><span class=\"text1noticias\"> <\/span><\/p>\n<p><span class=\"text1noticias\">Fuente: SECRETAR\u00cdA DE COMUNICACIONES PLD <\/span><\/p>\n<p><span class=\"text1noticias\">21 DE NO<\/span>VIEMBRE, 2020<\/p>\n<h6> 2020-11-22 00:17:53 <\/h6>\n<p><!--\n<link rel=\"stylesheet\" href=\"css\/bootstrap.min.css\">\n\n\n<ul class=\"pagination\">\n\t    \n\t\n\n<li >\n\t<a href='?page_no=18'>Previous<\/a>\n\t<\/li>\n\n\n       \n    \n\n<li><a href='?page_no=1'>1<\/a><\/li>\n\n\n\n<li><a href='?page_no=2'>2<\/a><\/li>\n\n\n\n<li><a>...<\/a><\/li>\n\n\n\n<li><a href='?page_no=17'>17<\/a><\/li>\n\n\n\n<li><a href='?page_no=18'>18<\/a><\/li>\n\n\n\n<li class='active'><a>19<\/a><\/li>\n\n\n\n<li><a href='?page_no=20'>20<\/a><\/li>\n\n\n\n<li><a href='?page_no=21'>21<\/a><\/li>\n\n\n\n<li><a>...<\/a><\/li>\n\n\n\n<li><a href='?page_no=36999'>36999<\/a><\/li>\n\n\n\n<li><a href='?page_no=37000'>37000<\/a><\/li>\n\n    \n\t\n\n<li >\n\t<a href='?page_no=20'>Next<\/a>\n\t<\/li>\n\n\n    \n\n<li><a href='?page_no=37000'>Last &rsaquo;&rsaquo;<\/a><\/li>\n\n<\/ul>\n\n\n--><br \/>\n<\/body><\/p>\n","protected":false},"excerpt":{"rendered":"<p>diariodominicano.com Santo Domingo, R. D., 22 de noviembre, 2020.- Gustavo S\u00e1nchez, vocero del Partido de la Liberaci\u00f3n Dominicana en la C\u00e1mara de Diputados, asegur\u00f3 que el bloque de legisladores de esa organizaci\u00f3n presentar\u00e1 una propuesta de observaciones y modificaciones al Proyecto de Ley del Presupuesto General de la Naci\u00f3n que busca aclarar el nivel de [&hellip;]<\/p>\n","protected":false},"author":3,"featured_media":0,"comment_status":"open","ping_status":"open","sticky":false,"template":"","format":"standard","meta":{"footnotes":""},"categories":[22],"tags":[],"class_list":["post-166055","post","type-post","status-publish","format-standard","hentry","category-politica"],"_links":{"self":[{"href":"https:\/\/diariodominicano.com\/index.php?rest_route=\/wp\/v2\/posts\/166055","targetHints":{"allow":["GET"]}}],"collection":[{"href":"https:\/\/diariodominicano.com\/index.php?rest_route=\/wp\/v2\/posts"}],"about":[{"href":"https:\/\/diariodominicano.com\/index.php?rest_route=\/wp\/v2\/types\/post"}],"author":[{"embeddable":true,"href":"https:\/\/diariodominicano.com\/index.php?rest_route=\/wp\/v2\/users\/3"}],"replies":[{"embeddable":true,"href":"https:\/\/diariodominicano.com\/index.php?rest_route=%2Fwp%2Fv2%2Fcomments&post=166055"}],"version-history":[{"count":0,"href":"https:\/\/diariodominicano.com\/index.php?rest_route=\/wp\/v2\/posts\/166055\/revisions"}],"wp:attachment":[{"href":"https:\/\/diariodominicano.com\/index.php?rest_route=%2Fwp%2Fv2%2Fmedia&parent=166055"}],"wp:term":[{"taxonomy":"category","embeddable":true,"href":"https:\/\/diariodominicano.com\/index.php?rest_route=%2Fwp%2Fv2%2Fcategories&post=166055"},{"taxonomy":"post_tag","embeddable":true,"href":"https:\/\/diariodominicano.com\/index.php?rest_route=%2Fwp%2Fv2%2Ftags&post=166055"}],"curies":[{"name":"wp","href":"https:\/\/api.w.org\/{rel}","templated":true}]}}