{"id":165943,"date":"2020-11-22T13:35:38","date_gmt":"2020-11-22T13:35:38","guid":{"rendered":"http:\/\/diariodominicano.ddns.net\/?p=165943"},"modified":"2020-11-22T13:35:38","modified_gmt":"2020-11-22T13:35:38","slug":"prsc-favorece-proyecto-de-ley-busca-establecer-tarifa-especial-a-organizaciones-sin-fines-de-lucro","status":"publish","type":"post","link":"https:\/\/diariodominicano.com\/?p=165943","title":{"rendered":"PRSC favorece proyecto de ley busca establecer tarifa especial a organizaciones sin fines de lucro"},"content":{"rendered":"<p><body><\/p>\n<p><img decoding=\"async\" src=\"img3\/Castrosilverio22-11-20.jpeg\" \/>  <\/p>\n<p><span class=\"text1noticias\">diariodominicano.com<\/span><\/p>\n<\/p>\n<p><span class=\"text1noticias\">Santo Domingo, R. D., 22 de noviembre, 2020.- El secretario nacional de Organizaci\u00f3n del Partido Reformista Social Cristiano (PRSC), ingeniero Jos\u00e9 Balaguer, declar\u00f3 que esa entidad pol\u00edtica espera que la Comisi\u00f3n Permanente de Energ\u00eda de la C\u00e1mara de Diputados, que estudia la viabilidad del proyecto de ley que busca establecer una tarifa el\u00e9ctrica especial para las asociaciones sin fines de lucro, emita informe favorable de la pieza legislativa. <\/span><\/p>\n<p><span class=\"text1noticias\"> <\/span><\/p>\n<p><span class=\"text1noticias\">Balaguer, quien tambi\u00e9n es miembro de la Comisi\u00f3n de Energ\u00eda del PRSC, resalt\u00f3 la favorabilidad del proyecto, en el sentido de que la motivaci\u00f3n para la introducci\u00f3n del mismo a trav\u00e9s del bloque de diputados reformistas, \u00abes que  el Estado dominicano tiene la obligaci\u00f3n constitucional de generar bienestar social\u00bb. <\/span><\/p>\n<p><span class=\"text1noticias\"> <\/span><\/p>\n<p><span class=\"text1noticias\"> Y que para los fines ?sigui\u00f3 diciendo- el Estado debe auxiliarse de organizaciones sin fines de lucro que le puedan colaborar en el logro de estos objetivos, apoy\u00e1ndolas con subsidios, subvenciones y concesiones, entre otras medidas.<\/span><\/p>\n<p><span class=\"text1noticias\"> <\/span><\/p>\n<p><span class=\"text1noticias\">\u00abEn el entendido de que estas entidades contribuyen a la labor de enriquecimiento de la calidad de vida que deben gozar los dominicanos, hacemos un llamado a la sociedad dominicana y a las instituciones que ser\u00eda favorecidas a que se sumen a respaldar esta iniciativa legislativa a los fines de que sea aprobada\u00bb, resalt\u00f3.<\/span><\/p>\n<p><span class=\"text1noticias\">  <\/span><\/p>\n<p><span class=\"text1noticias\">El dirigente reformista explic\u00f3 que este proyecto de ley es exclusivo para las instituciones sin fines de lucro que prestan servicios gratuitos a la sociedad \u00aby se aplicar\u00e1 en aquellas estructuras donde las organizaciones de bienestar social realizan sus actividades o prestan sus servicios a la comunidad\u00bb. <\/span><\/p>\n<p><span class=\"text1noticias\"> <\/span><\/p>\n<p><span class=\"text1noticias\">Balaguer dijo que lo que se persigue con este proyecto es mejorar el flujo de caja de estas instituciones y puedan prestar un mejor servicio a la sociedad. <\/span><\/p>\n<p><span class=\"text1noticias\"> <\/span><\/p>\n<p><span class=\"text1noticias\">Resalt\u00f3 que dentro de las instituciones que ser\u00edan favorecidas por la iniciativa est\u00e1n las iglesias, instituciones de fortalecimiento cultural, recreaci\u00f3n y deporte, bienestar social, educaci\u00f3n, salud, estabilidad financiera y desarrollo econ\u00f3mico, entre otras. <\/span><\/p>\n<p><span class=\"text1noticias\"> <\/span><\/p>\n<p><span class=\"text1noticias\">El pasado jueves, la Comisi\u00f3n Permanente de Energ\u00eda de la c\u00e1mara baja recibi\u00f3 al director de regulaci\u00f3n  y compras de Energ\u00eda  de EDESUR, Manuel de Jes\u00fas Aquino Fern\u00e1ndez, para escuchar la posici\u00f3n de esa empresa distribuidora de electricidad, con relaci\u00f3n al referido proyecto de ley que busca establecer una tarifa especial para las asociaciones sin fines de lucro. <\/span><\/p>\n<p><span class=\"text1noticias\"> <\/span><\/p>\n<p><span class=\"text1noticias\">El presidente de la comisi\u00f3n, Gaddis Enrique Corpor\u00e1n Segura, dijo que convocaron al funcionario para escuchar la posici\u00f3n de la EDESUR con relaci\u00f3n a la iniciativa, a fin de nutrirse antes de rendir el informe  y tener una ponderaci\u00f3n bien sustentada.<\/span><\/p>\n<\/p>\n<p><span class=\"text1noticias\">Fuente:  ROBERTO BRITO<\/span><\/p>\n<p><span class=\"text1noticias\">PRENSA PRSC <\/span><\/p>\n<p>SECRETARIA DE COMUNICACI\u00d3N<\/p>\n<h6> 2020-11-22 13:35:38 <\/h6>\n<p><!--\n<link rel=\"stylesheet\" href=\"css\/bootstrap.min.css\">\n\n\n<ul class=\"pagination\">\n\t    \n\t\n\n<li >\n\t<a href='?page_no=17'>Previous<\/a>\n\t<\/li>\n\n\n       \n    \n\n<li><a href='?page_no=1'>1<\/a><\/li>\n\n\n\n<li><a href='?page_no=2'>2<\/a><\/li>\n\n\n\n<li><a>...<\/a><\/li>\n\n\n\n<li><a href='?page_no=16'>16<\/a><\/li>\n\n\n\n<li><a href='?page_no=17'>17<\/a><\/li>\n\n\n\n<li class='active'><a>18<\/a><\/li>\n\n\n\n<li><a href='?page_no=19'>19<\/a><\/li>\n\n\n\n<li><a href='?page_no=20'>20<\/a><\/li>\n\n\n\n<li><a>...<\/a><\/li>\n\n\n\n<li><a href='?page_no=36999'>36999<\/a><\/li>\n\n\n\n<li><a href='?page_no=37000'>37000<\/a><\/li>\n\n    \n\t\n\n<li >\n\t<a href='?page_no=19'>Next<\/a>\n\t<\/li>\n\n\n    \n\n<li><a href='?page_no=37000'>Last &rsaquo;&rsaquo;<\/a><\/li>\n\n<\/ul>\n\n\n--><br \/>\n<\/body><\/p>\n","protected":false},"excerpt":{"rendered":"<p>diariodominicano.com Santo Domingo, R. D., 22 de noviembre, 2020.- El secretario nacional de Organizaci\u00f3n del Partido Reformista Social Cristiano (PRSC), ingeniero Jos\u00e9 Balaguer, declar\u00f3 que esa entidad pol\u00edtica espera que la Comisi\u00f3n Permanente de Energ\u00eda de la C\u00e1mara de Diputados, que estudia la viabilidad del proyecto de ley que busca establecer una tarifa el\u00e9ctrica especial [&hellip;]<\/p>\n","protected":false},"author":3,"featured_media":0,"comment_status":"open","ping_status":"open","sticky":false,"template":"","format":"standard","meta":{"footnotes":""},"categories":[22],"tags":[],"class_list":["post-165943","post","type-post","status-publish","format-standard","hentry","category-politica"],"_links":{"self":[{"href":"https:\/\/diariodominicano.com\/index.php?rest_route=\/wp\/v2\/posts\/165943","targetHints":{"allow":["GET"]}}],"collection":[{"href":"https:\/\/diariodominicano.com\/index.php?rest_route=\/wp\/v2\/posts"}],"about":[{"href":"https:\/\/diariodominicano.com\/index.php?rest_route=\/wp\/v2\/types\/post"}],"author":[{"embeddable":true,"href":"https:\/\/diariodominicano.com\/index.php?rest_route=\/wp\/v2\/users\/3"}],"replies":[{"embeddable":true,"href":"https:\/\/diariodominicano.com\/index.php?rest_route=%2Fwp%2Fv2%2Fcomments&post=165943"}],"version-history":[{"count":0,"href":"https:\/\/diariodominicano.com\/index.php?rest_route=\/wp\/v2\/posts\/165943\/revisions"}],"wp:attachment":[{"href":"https:\/\/diariodominicano.com\/index.php?rest_route=%2Fwp%2Fv2%2Fmedia&parent=165943"}],"wp:term":[{"taxonomy":"category","embeddable":true,"href":"https:\/\/diariodominicano.com\/index.php?rest_route=%2Fwp%2Fv2%2Fcategories&post=165943"},{"taxonomy":"post_tag","embeddable":true,"href":"https:\/\/diariodominicano.com\/index.php?rest_route=%2Fwp%2Fv2%2Ftags&post=165943"}],"curies":[{"name":"wp","href":"https:\/\/api.w.org\/{rel}","templated":true}]}}