{"id":164832,"date":"2020-11-22T13:45:17","date_gmt":"2020-11-22T13:45:17","guid":{"rendered":"http:\/\/diariodominicano.ddns.net\/?p=164832"},"modified":"2020-11-22T13:45:17","modified_gmt":"2020-11-22T13:45:17","slug":"cristina-lizardo-valora-entusiasta-participacion-de-dirigentes-del-pld-del-exterior-en-encuentros-virtuales","status":"publish","type":"post","link":"https:\/\/diariodominicano.com\/?p=164832","title":{"rendered":"Cristina Lizardo valora entusiasta participaci\u00f3n de dirigentes del PLD del exterior en encuentros virtuales"},"content":{"rendered":"<p><body><\/p>\n<p><img decoding=\"async\" src=\"img3\/PLD22-11-20.jpg\" \/>  <\/p>\n<p><span class=\"text1noticias\"> diariodominicano.com<\/span><\/p>\n<p><span class=\"text1noticias\"> <\/span><\/p>\n<p><span class=\"text1noticias\">Santo Domingo, R. D., 22 de noviembre, 2020.- Cristina Lizardo, coordinadora de la Comisi\u00f3n Organizadora del IX Congreso Ordinario Jos\u00e9 Joaqu\u00edn Bid\u00f3 Medina del Partido de la Liberaci\u00f3n Dominicana,  al apreciar la entusiasta participaci\u00f3n de miembros y dirigentes del PLD en la Circunscripci\u00f3n Electoral Dos del Exterior  en el encuentro virtual realizado este fin de semana, destac\u00f3 la importancia de esas reuniones  y la necesidad de escuchar a todos y todas. <\/span><\/p>\n<p><span class=\"text1noticias\"> <\/span><\/p>\n<p><span class=\"text1noticias\"> \u00abSe confirma la necesidad de ser escuchado, la forma de analizar la informaci\u00f3n es la clave\u00bb fue las palabras que utiliz\u00f3  Lizardo al finalizar la reuni\u00f3n  a distancia en la que participaron decenas de dirigente peledeistas de  las seccionales de  Curazao, Panam\u00e1, Puerto Rico; San Marteen, Venezuela y el Estado Norteamericano de La Florida. <\/span><\/p>\n<p><span class=\"text1noticias\"> <\/span><\/p>\n<p><span class=\"text1noticias\">\u00abJunto a la Comisi\u00f3n Organizadora, realizamos una reuni\u00f3n con la Circunscripci\u00f3n  Dos  del Exterior;  donde se presentaron los avances de los trabajos en las distintas seccionales que conforman dicha demarcaci\u00f3n electoral\u00bb explic\u00f3 Alexis Lantigua, miembro del Comit\u00e9 Pol\u00edtico y titular de la Secretaria de Dominicanos en el exterior, coordinador del encuentro. <\/span><\/p>\n<p><span class=\"text1noticias\"> <\/span><\/p>\n<p><span class=\"text1noticias\">Por las limitaciones que genera la pandemia del Covid-19,  la Comisi\u00f3n Organizadora del IX Congreso Ordinario Jos\u00e9 Joaqu\u00edn Bid\u00f3 Medina del Partido de la Liberaci\u00f3n Dominicana (PLD)  adopt\u00f3  la decisi\u00f3n  de tener  acercamientos con los  dirigentes y miembros de esa organizaci\u00f3n en las seccionales de manera virtual, agendado tres reuniones, de las que solo resta la de la seccional de Europa <\/span><\/p>\n<p><span class=\"text1noticias\"> <\/span><\/p>\n<p><span class=\"text1noticias\">Alexis Lantigua adelant\u00f3 en el encuentro, que dentro de los planes de expansi\u00f3n y crecimiento del Partido en el exterior,  por primera vez ser\u00e1n juramentadas las nuevas seccionales de Argentina, Uruguay, Guyana- Francesa, Saint Mart\u00edn (Partes Holandesa y Francesa), Curazao y Bonaire. <\/span><\/p>\n<p><span class=\"text1noticias\"> <\/span><\/p>\n<p><span class=\"text1noticias\">Los miembros de la Comisi\u00f3n Organizadora del Congreso coincidieron en calificar de excelente la reuni\u00f3n , llegando a la conclusi\u00f3n de se hace necesario  revalorizar el trabajo, sacrificio y entrega de las y los peledeistas en el exterior y la necesidad de acercar el Partido a la di\u00e1spora. <\/span><\/p>\n<p><span class=\"text1noticias\">  <\/span><\/p>\n<p><span class=\"text1noticias\">Fuente: SECRETARIA DE COMUNICACIONES PLD <\/span><\/p>\n<p><span class=\"text1noticias\">22 NOVIEMBRE 2020   <\/span><\/p>\n<p><span class=\"text1noticias\"> <\/span><\/p>\n<\/p>\n<\/p>\n<\/p>\n<\/p>\n<\/p>\n<p>SECOM PLD<\/p>\n<h6> 2020-11-22 13:45:17 <\/h6>\n<p><!--\n<link rel=\"stylesheet\" href=\"css\/bootstrap.min.css\">\n\n\n<ul class=\"pagination\">\n\t    \n\t\n\n<li >\n\t<a href='?page_no=16'>Previous<\/a>\n\t<\/li>\n\n\n       \n    \n\n<li><a href='?page_no=1'>1<\/a><\/li>\n\n\n\n<li><a href='?page_no=2'>2<\/a><\/li>\n\n\n\n<li><a>...<\/a><\/li>\n\n\n\n<li><a href='?page_no=15'>15<\/a><\/li>\n\n\n\n<li><a href='?page_no=16'>16<\/a><\/li>\n\n\n\n<li class='active'><a>17<\/a><\/li>\n\n\n\n<li><a href='?page_no=18'>18<\/a><\/li>\n\n\n\n<li><a href='?page_no=19'>19<\/a><\/li>\n\n\n\n<li><a>...<\/a><\/li>\n\n\n\n<li><a href='?page_no=36999'>36999<\/a><\/li>\n\n\n\n<li><a href='?page_no=37000'>37000<\/a><\/li>\n\n    \n\t\n\n<li >\n\t<a href='?page_no=18'>Next<\/a>\n\t<\/li>\n\n\n    \n\n<li><a href='?page_no=37000'>Last &rsaquo;&rsaquo;<\/a><\/li>\n\n<\/ul>\n\n\n--><br \/>\n<\/body><\/p>\n","protected":false},"excerpt":{"rendered":"<p>diariodominicano.com Santo Domingo, R. D., 22 de noviembre, 2020.- Cristina Lizardo, coordinadora de la Comisi\u00f3n Organizadora del IX Congreso Ordinario Jos\u00e9 Joaqu\u00edn Bid\u00f3 Medina del Partido de la Liberaci\u00f3n Dominicana, al apreciar la entusiasta participaci\u00f3n de miembros y dirigentes del PLD en la Circunscripci\u00f3n Electoral Dos del Exterior en el encuentro virtual realizado este fin [&hellip;]<\/p>\n","protected":false},"author":3,"featured_media":0,"comment_status":"open","ping_status":"open","sticky":false,"template":"","format":"standard","meta":{"footnotes":""},"categories":[22],"tags":[],"class_list":["post-164832","post","type-post","status-publish","format-standard","hentry","category-politica"],"_links":{"self":[{"href":"https:\/\/diariodominicano.com\/index.php?rest_route=\/wp\/v2\/posts\/164832","targetHints":{"allow":["GET"]}}],"collection":[{"href":"https:\/\/diariodominicano.com\/index.php?rest_route=\/wp\/v2\/posts"}],"about":[{"href":"https:\/\/diariodominicano.com\/index.php?rest_route=\/wp\/v2\/types\/post"}],"author":[{"embeddable":true,"href":"https:\/\/diariodominicano.com\/index.php?rest_route=\/wp\/v2\/users\/3"}],"replies":[{"embeddable":true,"href":"https:\/\/diariodominicano.com\/index.php?rest_route=%2Fwp%2Fv2%2Fcomments&post=164832"}],"version-history":[{"count":0,"href":"https:\/\/diariodominicano.com\/index.php?rest_route=\/wp\/v2\/posts\/164832\/revisions"}],"wp:attachment":[{"href":"https:\/\/diariodominicano.com\/index.php?rest_route=%2Fwp%2Fv2%2Fmedia&parent=164832"}],"wp:term":[{"taxonomy":"category","embeddable":true,"href":"https:\/\/diariodominicano.com\/index.php?rest_route=%2Fwp%2Fv2%2Fcategories&post=164832"},{"taxonomy":"post_tag","embeddable":true,"href":"https:\/\/diariodominicano.com\/index.php?rest_route=%2Fwp%2Fv2%2Ftags&post=164832"}],"curies":[{"name":"wp","href":"https:\/\/api.w.org\/{rel}","templated":true}]}}