{"id":163721,"date":"2020-11-22T22:39:50","date_gmt":"2020-11-22T22:39:50","guid":{"rendered":"http:\/\/diariodominicano.ddns.net\/?p=163721"},"modified":"2020-11-22T22:39:50","modified_gmt":"2020-11-22T22:39:50","slug":"leonel-fernandez-dice-fp-se-posiciona-como-primer-partido-de-oposicion-y-tambien-para-ganar-las-proximas-elecciones","status":"publish","type":"post","link":"https:\/\/diariodominicano.com\/?p=163721","title":{"rendered":"Leonel Fern\u00e1ndez dice FP se posiciona como primer partido de oposici\u00f3n y tambi\u00e9n para ganar las pr\u00f3ximas elecciones"},"content":{"rendered":"<p><body><\/p>\n<p><img decoding=\"async\" src=\"img3\/09888f08-fa6f-4e71-a248-f778feddb1c2.jpg\" \/><br \/><img decoding=\"async\" src=\"img3\/0d1a6b04-c66c-4cec-b0e3-13f26d4fd074.jpg\" \/><br \/><img decoding=\"async\" src=\"img3\/d1b6184d-1937-4831-ae48-375d1af5ef41.jpg\" \/>  <\/p>\n<p><strong>Diariodominicano.com<\/strong><\/p>\n<p><strong>Leonel Fern\u00e1ndez dice FP se posiciona como primer partido de oposici\u00f3n y tambi\u00e9n para ganar las pr\u00f3ximas elecciones<\/strong><\/p>\n<p><strong>Juramenta en el partido que dirige a expelede\u00edstas y grupos profesionales de La Vega<\/strong><\/p>\n<p><strong> <\/strong><\/p>\n<p><strong>La Vega, RD, 22 de noviembre de 2020.<\/strong>&#8211; El presidente de la Fuerza del Pueblo, Leonel Fern\u00e1ndez, al juramentar este domingo en La Vega a personalidades de distintos sectores, asegur\u00f3 que lo que est\u00e1 ocurriendo en la organizaci\u00f3n que dirige es un fen\u00f3meno que posiciona al partido como la primera fuerza de oposici\u00f3n y el que ganar\u00e1 las pr\u00f3ximas elecciones.<\/p>\n<\/p>\n<\/p>\n<p>\u00abResulta que el martes fue en Ocoa, anteriormente en San Pedro de Macor\u00eds y antes en el municipio Santo Domingo Norte, y hay en el calendario muchas otras actividades de juramentaci\u00f3n de la Fuerza del Pueblo, lo que la va posicionando desde ya en la primera fuerza de oposici\u00f3n en la Rep\u00fablica Dominicana, que se posiciona para ser gobierno pronto en la Rep\u00fablica Dominicana&#8230; y cuando digo pronto, me refiero en el pr\u00f3ximo torneo electoral\u00bb, asegur\u00f3 Fern\u00e1ndez, quien arranc\u00f3 aplausos de los presentes.<\/p>\n<\/p>\n<\/p>\n<p>Agreg\u00f3 que la Fuerza del Pueblo no naci\u00f3 solo para ganar las pr\u00f3ximas elecciones, sino para ser tambi\u00e9n representantes democr\u00e1ticos y aut\u00e9nticos de las pr\u00f3ximas generaciones.<\/p>\n<\/p>\n<p>Leonel Fern\u00e1ndez se mostr\u00f3 emocionado por encontrarse en la tierra de nacimiento del profesor Juan Bosch, l\u00edder en cuyos principios se sustenta la labor pol\u00edtica de la organizaci\u00f3n que dirige.<\/p>\n<\/p>\n<\/p>\n<p><strong>Resalta valent\u00eda  y dignidad de los que se juramentan en la FP  <\/strong><\/p>\n<\/p>\n<\/p>\n<p>Entre los juramentados por el presidente de la Fuerza del Pueblo figuran el regidor del municipio de La Vega y exmiembro del Comit\u00e9 Central del Partido de la Liberaci\u00f3n Dominicana (PLD), Fausto Mota, el regidor del municipio de Jima, Jos\u00e9 Flores, entre otros valiosos dirigentes.<\/p>\n<\/p>\n<\/p>\n<p>En sus palabras, Fern\u00e1ndez manifest\u00f3 que comprende el desprendimiento que hicieron los dirigentes que este domingo dejaron atr\u00e1s el PLD y se unieron a la causa de la Fuerza del Pueblo.<\/p>\n<\/p>\n<\/p>\n<p>\u00abMuchos de los que se juramentan hoy aqu\u00ed tienen d\u00e9cadas de militancia en el viejo partido, en esos a\u00f1os hay memorias, an\u00e9cdotas, hay parte de la vida. S\u00e9 lo dif\u00edcil emocionalmente que es desprenderse de lo que ha sido su vida entera para entrar a una nueva organizaci\u00f3n, un partido en construcci\u00f3n, hacer eso amerita de mucha valent\u00eda y mucho valor, el que tienen los compa\u00f1eros que hoy se juramentan\u00bb, dijo emotivo Leonel Fern\u00e1ndez.<\/p>\n<\/p>\n<\/p>\n<p>Durante el acto se contaron vivencias como las de Omar Bruno, que con solo 13 a\u00f1os pudo conocer a Juan Bosch, de ese momento ya han transcurrido m\u00e1s de 40 a\u00f1os.<\/p>\n<\/p>\n<p>Sobre el particular Fern\u00e1ndez se\u00f1al\u00f3 que al escuchar esas an\u00e9cdotas record\u00f3 a Juan Bosch y su gran obra de democracia.<\/p>\n<\/p>\n<\/p>\n<p>\u00abUn ilustre, uno de los m\u00e1s grandes l\u00edderes de Am\u00e9rica Latina que naci\u00f3 en esta ciudad, Juan Bosch, construy\u00f3 un partido que no ten\u00eda antecedentes en la historia pol\u00edtica y todos fuimos parte de eso. Construimos un partido s\u00f3lido y exitoso\u00bb, rememor\u00f3.<\/p>\n<\/p>\n<\/p>\n<p><strong>El que quiera escalar en la FP tendr\u00e1 que hacerlo por m\u00e9rito<\/strong><\/p>\n<\/p>\n<\/p>\n<\/p>\n<p>Reiter\u00f3 que el grupismo enterr\u00f3 al PLD, al destacar: \u00ab\u00cdbamos bien, por buen camino, pero el viejo partido se convirti\u00f3 en v\u00edctima de su propio \u00e9xito, un grupito del Comit\u00e9 Pol\u00edtico se crey\u00f3 que el poder lo puede todo. Internamente ya no se gobernaba para todos\u00bb.<\/p>\n<\/p>\n<\/p>\n<p>En ese orden el expresidente de la Rep\u00fablica defini\u00f3 a la Fuerza del Pueblo como la nueva esperanza del pueblo dominicano donde se valora a los compa\u00f1eros y compa\u00f1eras.<\/p>\n<\/p>\n<\/p>\n<p>\u00abAqu\u00ed el que quiera escalar tendr\u00e1 que hacerlo en base al m\u00e9rito y al trabajo, no en base a grupismo. La m\u00edstica es lo que mueve nuestro partido, lo que mueve a los pa\u00edses, luchar por una causa no por un cargo y obviamente cuando se trabaja por la causa el cargo llega solo\u00bb, afirm\u00f3.<\/p>\n<\/p>\n<\/p>\n<p>Dijo, adem\u00e1s, que respeta y aprecia a los dirigentes de base, medios y algunos del Comit\u00e9 Central del PLD: \u00abCompa\u00f1eros buenos que se han sacrificado por ese partido, pero que tienen una mala direcci\u00f3n, la que los llev\u00f3 a la derrota\u00bb.<\/p>\n<\/p>\n<p><strong>Palabras de los juramentados<\/strong><\/p>\n<\/p>\n<\/p>\n<p>Al agotar unas palabras, Fausto Mota, regidor del municipio La Vega, el nuevo dirigente de la FP, destac\u00f3 que \u00abLeonel enarbola las ideas de los padres de la institucionalidad\u00a8.<\/p>\n<\/p>\n<p>\u00abLo que est\u00e1 pasando en todo el pa\u00eds con la Fuerza del Pueblo es un fen\u00f3meno digno de analizar\u00bb, manifest\u00f3.<\/p>\n<\/p>\n<\/p>\n<p>En tanto que Mildred Apolinar, exmiembro del Comit\u00e9 Central del PLD, se\u00f1al\u00f3 que estaban all\u00ed \u00abde manera entusiasta y decidida para que juntos seamos parte de la nueva esperanza del pueblo dominicano\u00bb.<\/p>\n<\/p>\n<\/p>\n<p>Mientras que Rafael Gonz\u00e1lez, expresidente municipal del PLD en Jima, apunt\u00f3 que se juramentaba en la FP porque los principios y valores \u00e9ticos en el PLD fueron echados al zafac\u00f3n de la historia por una parte de los miembros del Comit\u00e9 Pol\u00edtico.<\/p>\n<\/p>\n<\/p>\n<p>La juramentaci\u00f3n abarc\u00f3 a personalidades de distintos \u00e1mbitos de la vida vegana. Entre ellos dirigentes que dejan posiciones en el PLD, dos miembros del Comit\u00e9 Central, 12 presidentes de comit\u00e9s intermedio, el secretario de organizaci\u00f3n municipal de La Vega y 100 presidentes de Comit\u00e9 de Base.<\/p>\n<\/p>\n<\/p>\n<p>Dentro de los grupos organizados, se juramentaron en la FP 60 m\u00e9dicos, 22 empresarios, el secretario general de la Asociaci\u00f3n Nacional de Profesionales Agropecuarios (ANPA) regi\u00f3n norte, maestros, transportistas y 52 personalidades influyentes en la sociedad.<\/p>\n<\/p>\n<p>&#8212;<\/p>\n<p>Adelaida Mart\u00ednez<\/p>\n<p>Period\u00edsta<\/p>\n<p>&#8230;<\/p>\n<h6> 2020-11-22 22:39:50 <\/h6>\n<p><!--\n<link rel=\"stylesheet\" href=\"css\/bootstrap.min.css\">\n\n\n<ul class=\"pagination\">\n\t    \n\t\n\n<li >\n\t<a href='?page_no=15'>Previous<\/a>\n\t<\/li>\n\n\n       \n    \n\n<li><a href='?page_no=1'>1<\/a><\/li>\n\n\n\n<li><a href='?page_no=2'>2<\/a><\/li>\n\n\n\n<li><a>...<\/a><\/li>\n\n\n\n<li><a href='?page_no=14'>14<\/a><\/li>\n\n\n\n<li><a href='?page_no=15'>15<\/a><\/li>\n\n\n\n<li class='active'><a>16<\/a><\/li>\n\n\n\n<li><a href='?page_no=17'>17<\/a><\/li>\n\n\n\n<li><a href='?page_no=18'>18<\/a><\/li>\n\n\n\n<li><a>...<\/a><\/li>\n\n\n\n<li><a href='?page_no=36999'>36999<\/a><\/li>\n\n\n\n<li><a href='?page_no=37000'>37000<\/a><\/li>\n\n    \n\t\n\n<li >\n\t<a href='?page_no=17'>Next<\/a>\n\t<\/li>\n\n\n    \n\n<li><a href='?page_no=37000'>Last &rsaquo;&rsaquo;<\/a><\/li>\n\n<\/ul>\n\n\n--><br \/>\n<\/body><\/p>\n","protected":false},"excerpt":{"rendered":"<p>Diariodominicano.com Leonel Fern\u00e1ndez dice FP se posiciona como primer partido de oposici\u00f3n y tambi\u00e9n para ganar las pr\u00f3ximas elecciones Juramenta en el partido que dirige a expelede\u00edstas y grupos profesionales de La Vega La Vega, RD, 22 de noviembre de 2020.&#8211; El presidente de la Fuerza del Pueblo, Leonel Fern\u00e1ndez, al juramentar este domingo en [&hellip;]<\/p>\n","protected":false},"author":3,"featured_media":0,"comment_status":"open","ping_status":"open","sticky":false,"template":"","format":"standard","meta":{"footnotes":""},"categories":[22],"tags":[],"class_list":["post-163721","post","type-post","status-publish","format-standard","hentry","category-politica"],"_links":{"self":[{"href":"https:\/\/diariodominicano.com\/index.php?rest_route=\/wp\/v2\/posts\/163721","targetHints":{"allow":["GET"]}}],"collection":[{"href":"https:\/\/diariodominicano.com\/index.php?rest_route=\/wp\/v2\/posts"}],"about":[{"href":"https:\/\/diariodominicano.com\/index.php?rest_route=\/wp\/v2\/types\/post"}],"author":[{"embeddable":true,"href":"https:\/\/diariodominicano.com\/index.php?rest_route=\/wp\/v2\/users\/3"}],"replies":[{"embeddable":true,"href":"https:\/\/diariodominicano.com\/index.php?rest_route=%2Fwp%2Fv2%2Fcomments&post=163721"}],"version-history":[{"count":0,"href":"https:\/\/diariodominicano.com\/index.php?rest_route=\/wp\/v2\/posts\/163721\/revisions"}],"wp:attachment":[{"href":"https:\/\/diariodominicano.com\/index.php?rest_route=%2Fwp%2Fv2%2Fmedia&parent=163721"}],"wp:term":[{"taxonomy":"category","embeddable":true,"href":"https:\/\/diariodominicano.com\/index.php?rest_route=%2Fwp%2Fv2%2Fcategories&post=163721"},{"taxonomy":"post_tag","embeddable":true,"href":"https:\/\/diariodominicano.com\/index.php?rest_route=%2Fwp%2Fv2%2Ftags&post=163721"}],"curies":[{"name":"wp","href":"https:\/\/api.w.org\/{rel}","templated":true}]}}