{"id":162749,"date":"2014-07-07T22:14:34","date_gmt":"2014-07-07T22:14:34","guid":{"rendered":"http:\/\/diariodominicano.ddns.net\/?p=162749"},"modified":"2014-07-07T22:14:34","modified_gmt":"2014-07-07T22:14:34","slug":"andy-mieses-afirma-hay-un-millon-de-personas-rodeadas-de-basura-en-zona-oriental","status":"publish","type":"post","link":"https:\/\/diariodominicano.com\/?p=162749","title":{"rendered":"Andy Mieses afirma hay un mill\u00f3n de personas rodeadas de basura en zona oriental"},"content":{"rendered":"<p><body><\/p>\n<p><img decoding=\"async\" src=\"img3\/andy.jpg\" \/>  <\/p>\n<p><span class=\"text1noticias\">Santo Domingo, RD, 7 de Julio.-Andy Mieses, precandidato a Alcalde por el Municipio Santo Domingo Este, de la Alianza por la Democracia, afirm\u00f3 que el s\u00edndico y 33 regidores mantienen a m\u00e1s de un mill\u00f3n de pobladores rodeados de basura y con necesidades esenciales insatisfechas durante dos per\u00edodos de gesti\u00f3n. <\/span><\/p>\n<\/p>\n<p><span class=\"text1noticias\">Mieses, durante un encuentro de m\u00e1s de cien moradores de la comunidad El Tamarindo, ubicada en el kil\u00f3metro 12 de la carretera Mella, adelant\u00f3 que en el a\u00f1o 2016 las actuales autoridades edilicias de la zona oriental de la capital, ser\u00e1n desalojadas por el voto popular debido a que se han beneficiado de manera personal con sus posiciones, \u00abpero han incumplido con quienes los eligieron\u00bb.<\/span><\/p>\n<\/p>\n<p><span class=\"text1noticias\">Durante la actividad realizada en el Centro Comunitario del mencionado poblado, el gestor cultural y abogado, se\u00f1al\u00f3 que un ejemplo del fracaso de esta larga gesti\u00f3n, son los acumulamientos de desechos en las principales avenidas de esta demarcaci\u00f3n, tales como San Vicente de Paul, Venezuela, Sabana Larga, Sim\u00f3n Orozco, Autopista San Isidro y Carretera Mella.<\/span><\/p>\n<\/p>\n<p><span class=\"text1noticias\">El tambi\u00e9n comunicador social, ciit\u00f3, asimismo, el deterioro de las calles en los sectores de Los Mina, Villa Duarte, Los Mameyes, La Isabelita, El Almirante, Villa Faro, Katanga, San Antonio, Los Tres Brazos, Villa Liberaci\u00f3n, Los Frailes, Brisa del Este, Mendoza , Maquetar\u00eda, Mandinga, Cancino Adentro,  Los Tres Ojos , Los Cartones y Los Farallones, entre otros.<\/span><\/p>\n<\/p>\n<p><span class=\"text1noticias\"> Mientras  Mieses se dirig\u00eda a los presentes en el encuentro, les preguntaba que si el alcalde les hab\u00eda visitado para conocer sus problemas y buscarles soluciones, respondiendo estos a una sola voz: \u00abNo\u00bb.<\/span><\/p>\n<\/p>\n<p><span class=\"text1noticias\"> No obstante, el miembro de la direcci\u00f3n ejecutiva de la APD y aspirante a la Alcald\u00eda de Santo Domingo Este, precis\u00f3 que los funcionarios de esta instituci\u00f3n edilicia han logrado crecimiento social y econ\u00f3mico, mientras los mun\u00edcipes contin\u00faan en el atraso de una ciudad compuesta por decenas de sectores sin los servicios de alumbrado p\u00fablico, agua potable, gesti\u00f3n cultural y recogida de basura con efectividad, as\u00ed como sin rampas en las v\u00edas y los espacios p\u00fablicos para permitir el paso a las personas con discapacidad.<\/span><\/p>\n<\/p>\n<p><span class=\"text1noticias\">Mieses adelant\u00f3 que desde el Ayuntamiento de  Santo Domingo Este desarrollar\u00e1 una pol\u00edtica municipal esencialmente humana  destinada a convertir la ciudad oriental en la m\u00e1s preciosa y saludable de la Rep\u00fablica Dominicana, donde desaparezcan las barreras arquitect\u00f3nicas, los problemas del tr\u00e1nsito,  la contaminaci\u00f3n por basura y ruidos, al tiempo de aplicar el m\u00e9todo del reciclaje para generar riqueza  a partir de la industrializaci\u00f3n de los desechos.<\/span><\/p>\n<\/p>\n<p><span class=\"text1noticias\">En el encuentro tambi\u00e9n hablaron Miguel Ferreras  y Luis Dotel, aspirantes a diputado y regidor por la circunscripci\u00f3n 3, del Municipio Santo Domingo Este, respectivamente, quienes exhortaron a los presentes mantener la firmeza para lograr el cambio anhelado  en el a\u00f1o 2016.(HG)<\/span>.    <\/p>\n<h6> 2014-07-07 22:14:34 <\/h6>\n<p><!--\n<link rel=\"stylesheet\" href=\"css\/bootstrap.min.css\">\n\n\n<ul class=\"pagination\">\n\t    \n\t\n\n<li >\n\t<a href='?page_no=15122'>Previous<\/a>\n\t<\/li>\n\n\n       \n    \n\n<li><a href='?page_no=1'>1<\/a><\/li>\n\n\n\n<li><a href='?page_no=2'>2<\/a><\/li>\n\n\n\n<li><a>...<\/a><\/li>\n\n\n\n<li><a href='?page_no=15121'>15121<\/a><\/li>\n\n\n\n<li><a href='?page_no=15122'>15122<\/a><\/li>\n\n\n\n<li class='active'><a>15123<\/a><\/li>\n\n\n\n<li><a href='?page_no=15124'>15124<\/a><\/li>\n\n\n\n<li><a href='?page_no=15125'>15125<\/a><\/li>\n\n\n\n<li><a>...<\/a><\/li>\n\n\n\n<li><a href='?page_no=36999'>36999<\/a><\/li>\n\n\n\n<li><a href='?page_no=37000'>37000<\/a><\/li>\n\n    \n\t\n\n<li >\n\t<a href='?page_no=15124'>Next<\/a>\n\t<\/li>\n\n\n    \n\n<li><a href='?page_no=37000'>Last &rsaquo;&rsaquo;<\/a><\/li>\n\n<\/ul>\n\n\n--><br \/>\n<\/body><\/p>\n","protected":false},"excerpt":{"rendered":"<p>Santo Domingo, RD, 7 de Julio.-Andy Mieses, precandidato a Alcalde por el Municipio Santo Domingo Este, de la Alianza por la Democracia, afirm\u00f3 que el s\u00edndico y 33 regidores mantienen a m\u00e1s de un mill\u00f3n de pobladores rodeados de basura y con necesidades esenciales insatisfechas durante dos per\u00edodos de gesti\u00f3n. Mieses, durante un encuentro de [&hellip;]<\/p>\n","protected":false},"author":3,"featured_media":0,"comment_status":"open","ping_status":"open","sticky":false,"template":"","format":"standard","meta":{"footnotes":""},"categories":[22],"tags":[],"class_list":["post-162749","post","type-post","status-publish","format-standard","hentry","category-politica"],"_links":{"self":[{"href":"https:\/\/diariodominicano.com\/index.php?rest_route=\/wp\/v2\/posts\/162749","targetHints":{"allow":["GET"]}}],"collection":[{"href":"https:\/\/diariodominicano.com\/index.php?rest_route=\/wp\/v2\/posts"}],"about":[{"href":"https:\/\/diariodominicano.com\/index.php?rest_route=\/wp\/v2\/types\/post"}],"author":[{"embeddable":true,"href":"https:\/\/diariodominicano.com\/index.php?rest_route=\/wp\/v2\/users\/3"}],"replies":[{"embeddable":true,"href":"https:\/\/diariodominicano.com\/index.php?rest_route=%2Fwp%2Fv2%2Fcomments&post=162749"}],"version-history":[{"count":0,"href":"https:\/\/diariodominicano.com\/index.php?rest_route=\/wp\/v2\/posts\/162749\/revisions"}],"wp:attachment":[{"href":"https:\/\/diariodominicano.com\/index.php?rest_route=%2Fwp%2Fv2%2Fmedia&parent=162749"}],"wp:term":[{"taxonomy":"category","embeddable":true,"href":"https:\/\/diariodominicano.com\/index.php?rest_route=%2Fwp%2Fv2%2Fcategories&post=162749"},{"taxonomy":"post_tag","embeddable":true,"href":"https:\/\/diariodominicano.com\/index.php?rest_route=%2Fwp%2Fv2%2Ftags&post=162749"}],"curies":[{"name":"wp","href":"https:\/\/api.w.org\/{rel}","templated":true}]}}