{"id":162747,"date":"2014-07-08T11:36:57","date_gmt":"2014-07-08T11:36:57","guid":{"rendered":"http:\/\/diariodominicano.ddns.net\/?p=162747"},"modified":"2014-07-08T11:36:57","modified_gmt":"2014-07-08T11:36:57","slug":"cp-del-pld-suspende-al-sindico-de-bayaguana-imputado-de-ser-el-autor-intelectual-del-asesinato-del-regidor-renato-castillo","status":"publish","type":"post","link":"https:\/\/diariodominicano.com\/?p=162747","title":{"rendered":"CP  del PLD suspende al s\u00edndico de Bayaguana imputado de ser el autor intelectual del asesinato del regidor Renato Castillo"},"content":{"rendered":"<p><body><\/p>\n<p><img decoding=\"async\" src=\"img3\/pld000080714.jpg\" \/><br \/><img decoding=\"async\" src=\"img3\/Danilo yLeonelCP07072014.jpg\" \/><br \/><img decoding=\"async\" src=\"img3\/Danilo yLeonelCP07072014.jpg\" \/>  <\/p>\n<p><span class=\"text1noticias\">SANTO DOMINGO, DN, 8 de Julio de 2014.- El Comit\u00e9 Pol\u00edtico del Partido de la Liberaci\u00f3n Dominicana (PLD)  decidi\u00f3 anoche  suspender de manera temporal de  las filas de esa organizaci\u00f3n al alcalde de Bayaguana,  Nelson Sosa (Opi),  hasta tanto concluyan las investigaciones de la Polic\u00eda y la justicia  sobre la acusaci\u00f3n en su contra de estar  involucrado  en el asesinato del regidor Renato Castillo, tambi\u00e9n de la sala capitular de Bayaguana.<\/span><\/p>\n<p><span class=\"text1noticias\"> <\/span><\/p>\n<p><span class=\"text1noticias\">La medida se adopt\u00f3 despu\u00e9s de tratarse desde diferentes puntos  el caso ante el cual el Comit\u00e9 Pol\u00edtico reiter\u00f3  su llamado para que  el caso se investigue hasta las \u00faltimas consecuencias.<\/span><\/p>\n<p><span class=\"text1noticias\"> <\/span><\/p>\n<p><span class=\"text1noticias\">\u00abEl Comit\u00e9 Pol\u00edtico  y hasta tanto  concluya las investigaciones,  acord\u00f3 suspenderlo en sus derechos y atribuciones como miembro del Partido de la Liberaci\u00f3n Dominicana\u00bb explic\u00f3 Reinaldo Pared P\u00e9rez al comunicar la decisi\u00f3n tomada por el organismo de direcci\u00f3n pol\u00edtica del PLD en su reuni\u00f3n del lunes en horas de la noche.<\/span><\/p>\n<p><span class=\"text1noticias\"> <\/span><\/p>\n<p><span class=\"text1noticias\">Dijo que no se ha adoptado una medida mas severa en espera de que la justicia se pronuncie y el alcalde acusado sea juzgado acorde a la Ley y a la Constituci\u00f3n<\/span><\/p>\n<p><span class=\"text1noticias\"> <\/span><\/p>\n<p><span class=\"text1noticias\">De manera org\u00e1nica el Comit\u00e9 Pol\u00edtico design\u00f3 una serie de comisiones que se encargar\u00e1n de aplicar las resoluciones del VIII Congreso Ordinario Comandante Norge Botello y preparar la normativa y reglamentos que ordena el congreso ordinario<\/span><\/p>\n<p><span class=\"text1noticias\"> ,<\/span><\/p>\n<p><span class=\"text1noticias\">La reuni\u00f3n que inici\u00f3 a las 8:15 de la noche del lunes concluy\u00f3 a las 12.20 minutos de la madrugada de este  martes con el resumen de los temas tratados a cargo de Reinaldo Pared P\u00e9rez, secretario general del PLD y vocero de la reuni\u00f3n, quien se hizo acompa\u00f1ar de Cristina Lizardo y Radham\u00e9s Camacho.<\/span><\/p>\n<p><span class=\"text1noticias\"> <\/span><\/p>\n<p><span class=\"text1noticias\">Explic\u00f3 que en gran medida el tema relativo a la aplicaci\u00f3n de las resoluciones del VIII Congreso Ordinario Comandante Norge Botello ocup\u00f3 la atenci\u00f3n y los debates.<\/span><\/p>\n<p><span class=\"text1noticias\"> <\/span><\/p>\n<p><span class=\"text1noticias\">Dijo Reinaldo Pared P\u00e9rez que se trataba de un documento bastante amplio que se analiz\u00f3 punto por punto y se decidi\u00f3 entonces designar diferentes comisiones de trabajo, sobretodo para readecuar normativas y reglamentos para el funcionamiento del Partido.<\/span><\/p>\n<p><span class=\"text1noticias\"> <\/span><\/p>\n<p><span class=\"text1noticias\">29 de los 35 miembros de ese organismo asistieron encabezados por el Presidente Danilo Medina, Leonel Fern\u00e1ndez, Presidente del PLD y Reinaldo Pared P\u00e9rez, secretario General<\/span><\/p>\n<p><span class=\"text1noticias\"> <\/span><\/p>\n<p><span class=\"text1noticias\">\u00abEl informe rendido present\u00f3 un programa de actividades para la ejecuci\u00f3n de las resoluciones del reci\u00e9n concluido congreso ordinario, que conlleva la designaci\u00f3n de una serie de comisiones que se integraron  para comenzar a darle cumplimiento a esas decisiones\u00bb precis\u00f3 Pared P\u00e9rez al resumir a la prensa los puntos acordados.<\/span><\/p>\n<p><span class=\"text1noticias\"> <\/span><\/p>\n<p><span class=\"text1noticias\">En ese sentido inform\u00f3  que se designaron  comisiones  para adecuar el Reglamento de Funcionamiento del Comit\u00e9 Central,  para el Reglamento de Funcionamiento de   la Unidad de Fiscalizaci\u00f3n y Control, para Adecuar el Reglamento de Funcionamiento de los Secretariados, tambi\u00e9n una comisi\u00f3n para elaborar el Reglamento para el Funcionamiento del Tribunal de Disciplina y \u00c9tica.<\/span><\/p>\n<p><span class=\"text1noticias\"> <\/span><\/p>\n<p><span class=\"text1noticias\">Tambi\u00e9n se design\u00f3 una comisi\u00f3n para redactar la normativa a seguir para la elecci\u00f3n org\u00e1nica y multiplicaci\u00f3n de los organismos   y una comisi\u00f3n para definir las normas para revisar el Padr\u00f3n de Miembros del PLD.<\/span><\/p>\n<p><span class=\"text1noticias\"> <\/span><\/p>\n<p><span class=\"text1noticias\">En la reuni\u00f3n del Comit\u00e9 Pol\u00edtico se dio mandato a la Comisi\u00f3n Organizadora del VIII Congreso Ordinario Comandante Norge Botello junto a Franklin Almeyda y Felucho Jim\u00e9nez para presentar una propuesta de los miembros del Comit\u00e9 Pol\u00edtico y del Comit\u00e9 Central, que servir\u00e1n de enlaces a los organismos municipales en todo el pa\u00eds, tal y como se acord\u00f3 en el Congreso ordinario.<\/span><\/p>\n<p><span class=\"text1noticias\"> <\/span><\/p>\n<p><span class=\"text1noticias\">A las comisiones que se designaron para dar seguimiento a las conclusiones del Congreso del PLD y las que se nombraron para preparar normativas y Reglamentos internos,  se le otorg\u00f3 un plazo de 30 d\u00edas para presentar el encargo encomendado al Comit\u00e9 Pol\u00edtico. <\/span><\/p>\n<\/p>\n<h6> 2014-07-08 11:36:57 <\/h6>\n<p><!--\n<link rel=\"stylesheet\" href=\"css\/bootstrap.min.css\">\n\n\n<ul class=\"pagination\">\n\t    \n\t\n\n<li >\n\t<a href='?page_no=15120'>Previous<\/a>\n\t<\/li>\n\n\n       \n    \n\n<li><a href='?page_no=1'>1<\/a><\/li>\n\n\n\n<li><a href='?page_no=2'>2<\/a><\/li>\n\n\n\n<li><a>...<\/a><\/li>\n\n\n\n<li><a href='?page_no=15119'>15119<\/a><\/li>\n\n\n\n<li><a href='?page_no=15120'>15120<\/a><\/li>\n\n\n\n<li class='active'><a>15121<\/a><\/li>\n\n\n\n<li><a href='?page_no=15122'>15122<\/a><\/li>\n\n\n\n<li><a href='?page_no=15123'>15123<\/a><\/li>\n\n\n\n<li><a>...<\/a><\/li>\n\n\n\n<li><a href='?page_no=36999'>36999<\/a><\/li>\n\n\n\n<li><a href='?page_no=37000'>37000<\/a><\/li>\n\n    \n\t\n\n<li >\n\t<a href='?page_no=15122'>Next<\/a>\n\t<\/li>\n\n\n    \n\n<li><a href='?page_no=37000'>Last &rsaquo;&rsaquo;<\/a><\/li>\n\n<\/ul>\n\n\n--><br \/>\n<\/body><\/p>\n","protected":false},"excerpt":{"rendered":"<p>SANTO DOMINGO, DN, 8 de Julio de 2014.- El Comit\u00e9 Pol\u00edtico del Partido de la Liberaci\u00f3n Dominicana (PLD) decidi\u00f3 anoche suspender de manera temporal de las filas de esa organizaci\u00f3n al alcalde de Bayaguana, Nelson Sosa (Opi), hasta tanto concluyan las investigaciones de la Polic\u00eda y la justicia sobre la acusaci\u00f3n en su contra de [&hellip;]<\/p>\n","protected":false},"author":3,"featured_media":0,"comment_status":"open","ping_status":"open","sticky":false,"template":"","format":"standard","meta":{"footnotes":""},"categories":[22],"tags":[],"class_list":["post-162747","post","type-post","status-publish","format-standard","hentry","category-politica"],"_links":{"self":[{"href":"https:\/\/diariodominicano.com\/index.php?rest_route=\/wp\/v2\/posts\/162747","targetHints":{"allow":["GET"]}}],"collection":[{"href":"https:\/\/diariodominicano.com\/index.php?rest_route=\/wp\/v2\/posts"}],"about":[{"href":"https:\/\/diariodominicano.com\/index.php?rest_route=\/wp\/v2\/types\/post"}],"author":[{"embeddable":true,"href":"https:\/\/diariodominicano.com\/index.php?rest_route=\/wp\/v2\/users\/3"}],"replies":[{"embeddable":true,"href":"https:\/\/diariodominicano.com\/index.php?rest_route=%2Fwp%2Fv2%2Fcomments&post=162747"}],"version-history":[{"count":0,"href":"https:\/\/diariodominicano.com\/index.php?rest_route=\/wp\/v2\/posts\/162747\/revisions"}],"wp:attachment":[{"href":"https:\/\/diariodominicano.com\/index.php?rest_route=%2Fwp%2Fv2%2Fmedia&parent=162747"}],"wp:term":[{"taxonomy":"category","embeddable":true,"href":"https:\/\/diariodominicano.com\/index.php?rest_route=%2Fwp%2Fv2%2Fcategories&post=162747"},{"taxonomy":"post_tag","embeddable":true,"href":"https:\/\/diariodominicano.com\/index.php?rest_route=%2Fwp%2Fv2%2Ftags&post=162747"}],"curies":[{"name":"wp","href":"https:\/\/api.w.org\/{rel}","templated":true}]}}