{"id":162746,"date":"2014-07-08T12:19:15","date_gmt":"2014-07-08T12:19:15","guid":{"rendered":"http:\/\/diariodominicano.ddns.net\/?p=162746"},"modified":"2014-07-08T12:19:15","modified_gmt":"2014-07-08T12:19:15","slug":"lanzan-movimiento-la-cultura-con-reinaldo","status":"publish","type":"post","link":"https:\/\/diariodominicano.com\/?p=162746","title":{"rendered":"Lanzan movimiento La Cultura con Reinaldo"},"content":{"rendered":"<p><body><\/p>\n<p><img decoding=\"async\" src=\"img3\/reinaldoartistas00.jpg\" \/>  <\/p>\n<p><span class=\"text1noticias\">SANTO DOMINGO, 7 de Julio de 2014. El aspirante presidencial Reinaldo Pared P\u00e9rez consider\u00f3 el lunes como imprescindible promover y fortalecer la diversidad cultural del pueblo dominicano.<\/span><\/p>\n<p><span class=\"text1noticias\">El tambi\u00e9n secretario general del Partido de la Liberaci\u00f3n Dominicana (PLD) manifest\u00f3 que el partido fundado por el profesor Juan Bosch concibi\u00f3 la cultura como un elemento fundamental para el desarrollo de la sociedad.<\/span><\/p>\n<\/p>\n<p><span class=\"text1noticias\">Expres\u00f3 que durante la gesti\u00f3n gubernamental que encabezar\u00e1 a partir del 16 de agosto del 2016, impulsar\u00e1 proyectos y programas de cara a lograr que el dominicano, especialmente la juventud, se reencuentre con sus ra\u00edces y or\u00edgenes y cree conciencia sobre lo que \u00absomos como seres y como pueblo\u00bb.<\/span><\/p>\n<p><span class=\"text1noticias\">El doctor Pared P\u00e9rez emiti\u00f3 sus consideraciones al pronunciar el discurso central en el lanzamiento del movimiento La Cultura con Reinaldo, integrado por artistas y trabajadores de la cultura para promover la candidatura presidencial del tambi\u00e9n presidente del Senado de la Rep\u00fablica. El acto se efectu\u00f3 en el hotel Sheraton.<\/span><\/p>\n<p><span class=\"text1noticias\">El diputado Manuel Jim\u00e9nez y el poeta Mateo Morrison, quienes hablaron previo al discurso del doctor Pared P\u00e9rez, destacaron que el movimiento activar\u00e1 el compromiso del sector cultural pelede\u00edsta de articular una propuesta popular en favor de la permanencia del PLD en el poder.<\/span><\/p>\n<p><span class=\"text1noticias\">Durante su intervenci\u00f3n en el acto, el doctor Pared P\u00e9rez manifest\u00f3 quetoda sociedad tienen una cultura propia, la cual es consecuencia de la capacidad creadora de sus integrantes, las circunstancias, la necesidad y su propia historia.<\/span><\/p>\n<p><span class=\"text1noticias\">\u00abNos comprometemos ante ustedes y ante todo el pa\u00eds a consolidar y multiplicar los logros que hasta hoy hemos alcanzado, pues en el partido al que me integr\u00e9 y con el maestro que me form\u00e9, me lo inculcaron desde la juventud el valor de la cultura nacional\u00bb, dijo Pared P\u00e9rez.<\/span><\/p>\n<p><span class=\"text1noticias\">LOS ARTISTAS<\/span><\/p>\n<p><span class=\"text1noticias\">El poeta e historiador cultural Mateo Morrison, pronunci\u00f3 un breve discurso en el que resalt\u00f3 la figura del doctor Reinaldo Pared P\u00e9rez, la importancia de su compromiso de respaldar la cultura, y lo consider\u00f3 como el l\u00edder ideal para que la Rep\u00fablica Dominicana pueda seguir transitando los caminos hacia el desarrollo.<\/span><\/p>\n<p><span class=\"text1noticias\">Mientras,  el diputado Manuel Jim\u00e9nez, coordinador general del movimiento La Cultura con Reinaldo, consider\u00f3 necesario profundizar el compromiso que tiene el PLD con el sector de la cultura hacia su fortalecimiento, visto como factor indispensable para un desarrollo econ\u00f3mico y social arm\u00f3nico yhumanista. <\/span><\/p>\n<p><span class=\"text1noticias\">\u00abEs necesario apoyar con nuestras acciones creativas el prop\u00f3sito firme del compa\u00f1ero Reinaldo (Pared P\u00e9rez)  de alcanzar la Presidencia de Rep\u00fablica y poner en marcha un plan impregnado de nuevas ideas y nueva visi\u00f3n\u00bb, dijo el legislador y gestor cultural. <\/span><\/p>\n<p><span class=\"text1noticias\">Dijo que el PLD es un proyecto en permanente maduraci\u00f3n que camina detr\u00e1s de sus metas hist\u00f3ricas expuestas, desde el comienzo, en sus definiciones y principios fundamentales. <\/span><\/p>\n<p><span class=\"text1noticias\">Agreg\u00f3 que ese partido naci\u00f3 de una contradicci\u00f3n de la cual, un hombre lleno de sabidur\u00eda como el profesor Juan Bosch, construy\u00f3 y ech\u00f3 a andar al que define como la fuerza pol\u00edtica m\u00e1s coherente y cercana al pueblo. <\/span><\/p>\n<p><span class=\"text1noticias\">El lanzamiento del Frente Cultural con Reinaldo se inici\u00f3 con un performance a cargo de un grupo de artistas pl\u00e1sticos, mientras que el openingde la actividad estuvo  a cargo de un grupo de bailarines y luego se present\u00f3 un intermedio con la recreaci\u00f3n de Juan Pablo Duarte, seguido de la presentaci\u00f3n de la canci\u00f3n al Padre de la Patria de Manuel Jim\u00e9nez, acompa\u00f1ado de un show art\u00edstico que emocion\u00f3 a todos los presentes.<\/span><\/p>\n<\/p>\n<\/p>\n<h6> 2014-07-08 12:19:15 <\/h6>\n<p><!--\n<link rel=\"stylesheet\" href=\"css\/bootstrap.min.css\">\n\n\n<ul class=\"pagination\">\n\t    \n\t\n\n<li >\n\t<a href='?page_no=15119'>Previous<\/a>\n\t<\/li>\n\n\n       \n    \n\n<li><a href='?page_no=1'>1<\/a><\/li>\n\n\n\n<li><a href='?page_no=2'>2<\/a><\/li>\n\n\n\n<li><a>...<\/a><\/li>\n\n\n\n<li><a href='?page_no=15118'>15118<\/a><\/li>\n\n\n\n<li><a href='?page_no=15119'>15119<\/a><\/li>\n\n\n\n<li class='active'><a>15120<\/a><\/li>\n\n\n\n<li><a href='?page_no=15121'>15121<\/a><\/li>\n\n\n\n<li><a href='?page_no=15122'>15122<\/a><\/li>\n\n\n\n<li><a>...<\/a><\/li>\n\n\n\n<li><a href='?page_no=36999'>36999<\/a><\/li>\n\n\n\n<li><a href='?page_no=37000'>37000<\/a><\/li>\n\n    \n\t\n\n<li >\n\t<a href='?page_no=15121'>Next<\/a>\n\t<\/li>\n\n\n    \n\n<li><a href='?page_no=37000'>Last &rsaquo;&rsaquo;<\/a><\/li>\n\n<\/ul>\n\n\n--><br \/>\n<\/body><\/p>\n","protected":false},"excerpt":{"rendered":"<p>SANTO DOMINGO, 7 de Julio de 2014. El aspirante presidencial Reinaldo Pared P\u00e9rez consider\u00f3 el lunes como imprescindible promover y fortalecer la diversidad cultural del pueblo dominicano. El tambi\u00e9n secretario general del Partido de la Liberaci\u00f3n Dominicana (PLD) manifest\u00f3 que el partido fundado por el profesor Juan Bosch concibi\u00f3 la cultura como un elemento fundamental [&hellip;]<\/p>\n","protected":false},"author":3,"featured_media":0,"comment_status":"open","ping_status":"open","sticky":false,"template":"","format":"standard","meta":{"footnotes":""},"categories":[22],"tags":[],"class_list":["post-162746","post","type-post","status-publish","format-standard","hentry","category-politica"],"_links":{"self":[{"href":"https:\/\/diariodominicano.com\/index.php?rest_route=\/wp\/v2\/posts\/162746","targetHints":{"allow":["GET"]}}],"collection":[{"href":"https:\/\/diariodominicano.com\/index.php?rest_route=\/wp\/v2\/posts"}],"about":[{"href":"https:\/\/diariodominicano.com\/index.php?rest_route=\/wp\/v2\/types\/post"}],"author":[{"embeddable":true,"href":"https:\/\/diariodominicano.com\/index.php?rest_route=\/wp\/v2\/users\/3"}],"replies":[{"embeddable":true,"href":"https:\/\/diariodominicano.com\/index.php?rest_route=%2Fwp%2Fv2%2Fcomments&post=162746"}],"version-history":[{"count":0,"href":"https:\/\/diariodominicano.com\/index.php?rest_route=\/wp\/v2\/posts\/162746\/revisions"}],"wp:attachment":[{"href":"https:\/\/diariodominicano.com\/index.php?rest_route=%2Fwp%2Fv2%2Fmedia&parent=162746"}],"wp:term":[{"taxonomy":"category","embeddable":true,"href":"https:\/\/diariodominicano.com\/index.php?rest_route=%2Fwp%2Fv2%2Fcategories&post=162746"},{"taxonomy":"post_tag","embeddable":true,"href":"https:\/\/diariodominicano.com\/index.php?rest_route=%2Fwp%2Fv2%2Ftags&post=162746"}],"curies":[{"name":"wp","href":"https:\/\/api.w.org\/{rel}","templated":true}]}}