{"id":162743,"date":"2014-07-08T14:16:56","date_gmt":"2014-07-08T14:16:56","guid":{"rendered":"http:\/\/diariodominicano.ddns.net\/?p=162743"},"modified":"2014-07-08T14:16:56","modified_gmt":"2014-07-08T14:16:56","slug":"jce-inicia-reestructuracion-y-conformacion-de-juntas-para-comicios-2016","status":"publish","type":"post","link":"https:\/\/diariodominicano.com\/?p=162743","title":{"rendered":"JCE inicia reestructuraci\u00f3n y conformaci\u00f3n de Juntas para comicios 2016"},"content":{"rendered":"<p><body><\/p>\n<p>Santo Domingo RD 8 julio.-La Junta Central Electoral (JCE) anunci\u00f3 hoy que iniciar\u00e1 el pr\u00f3ximo jueves, en el municipio de San V\u00edctor, provincia Espaillat, el proceso de restructuraci\u00f3n y conformaci\u00f3n de juntas electorales con miras a las elecciones generales de mayo de 2016.<\/p>\n<\/p>\n<p>Por tratarse de un nuevo municipio, dijo en un comunicado el presidente de la JCE, Roberto Rosario, se conformar\u00e1 una junta electoral en San V\u00edctor en un acto programado para las cuatro de la tarde del jueves, que contar\u00e1 con la presencia del pleno de la Junta Central Electoral.<\/p>\n<\/p>\n<p>De igual manera, el pleno de la instituci\u00f3n aprob\u00f3 el calendario presentado por la Comisi\u00f3n de Juntas Electorales y Partidos Pol\u00edticos, que coordina el magistrado Eddy Olivares, para realizar el proceso de consultas a los partidos pol\u00edticos y representantes de las organizaciones de la sociedad civil para integrar las nuevas juntas electorales donde sea necesario o completar en aquellos municipios donde se han presentado vacantes por diversos motivos.<\/p>\n<\/p>\n<p>Para el d\u00eda 11 de julio, la Comisi\u00f3n de Juntas Electorales y Partidos Pol\u00edticos visitar\u00e1 el municipio de Cayetano Germos\u00e9n para tratar el tema de la complementaci\u00f3n de la Junta Electoral, donde se designara el segundo suplente del primer vocal, el primer suplente del segundo vocal y el segundo suplente del segundo vocal.<\/p>\n<\/p>\n<p>En el municipio de Gaspar Hern\u00e1ndez se escoger\u00e1 al presidente de la Junta Electoral, y las consultas ser\u00e1n realizadas en un encuentro con la comunidad fijado para el 12 pr\u00f3ximo a las 10:30 de la ma\u00f1ana, y en Villa Tapia se consultar\u00e1 ese mismo d\u00eda a las cuatro de la tarde para buscar a la persona que presidir\u00e1 su organismo electoral.<\/p>\n<\/p>\n<p>Otros lugares donde se escoger\u00e1n a los presidentes de juntas electorales son Maim\u00f3n, Arenoso, Pimentel, Villa Bison\u00f3, Baitoa, Esperanza, Restauraci\u00f3n, Dajab\u00f3n, Imbert, Sosua y Altamira. Adem\u00e1s en Villa Altagracia y Azua, entre otros.<\/p>\n<\/p>\n<p>En cada una de estas comunidades, la Comisi\u00f3n de Juntas Electorales y Partidos Pol\u00edticos realizar\u00e1 consultas con el liderato partidario de las mismas as\u00ed como con sus organizaciones profesionales, religiosas, comunitarias y sindicales, entre otras.<\/p>\n<\/p>\n<p>En el Distrito Nacional, se completar\u00e1 su Junta Electoral con la elecci\u00f3n del tercer vocal.<\/p>\n<\/p>\n<p>Las consultas para tales fines se realizaran el pr\u00f3ximo 15 de julio, en un acto programado para las 5:00 de la tarde, en su sede del Centro de los H\u00e9roes.<\/p>\n<\/p>\n<p>El calendario completo de todo el proceso de reestructuraci\u00f3n de las juntas electorales ser\u00e1 publicado a partir de esta fecha en la p\u00e1gina electr\u00f3nica de la JCE<\/p>\n<h6> 2014-07-08 14:16:56 <\/h6>\n<p><!--\n<link rel=\"stylesheet\" href=\"css\/bootstrap.min.css\">\n\n\n<ul class=\"pagination\">\n\t    \n\t\n\n<li >\n\t<a href='?page_no=15117'>Previous<\/a>\n\t<\/li>\n\n\n       \n    \n\n<li><a href='?page_no=1'>1<\/a><\/li>\n\n\n\n<li><a href='?page_no=2'>2<\/a><\/li>\n\n\n\n<li><a>...<\/a><\/li>\n\n\n\n<li><a href='?page_no=15116'>15116<\/a><\/li>\n\n\n\n<li><a href='?page_no=15117'>15117<\/a><\/li>\n\n\n\n<li class='active'><a>15118<\/a><\/li>\n\n\n\n<li><a href='?page_no=15119'>15119<\/a><\/li>\n\n\n\n<li><a href='?page_no=15120'>15120<\/a><\/li>\n\n\n\n<li><a>...<\/a><\/li>\n\n\n\n<li><a href='?page_no=36999'>36999<\/a><\/li>\n\n\n\n<li><a href='?page_no=37000'>37000<\/a><\/li>\n\n    \n\t\n\n<li >\n\t<a href='?page_no=15119'>Next<\/a>\n\t<\/li>\n\n\n    \n\n<li><a href='?page_no=37000'>Last &rsaquo;&rsaquo;<\/a><\/li>\n\n<\/ul>\n\n\n--><br \/>\n<\/body><\/p>\n","protected":false},"excerpt":{"rendered":"<p>Santo Domingo RD 8 julio.-La Junta Central Electoral (JCE) anunci\u00f3 hoy que iniciar\u00e1 el pr\u00f3ximo jueves, en el municipio de San V\u00edctor, provincia Espaillat, el proceso de restructuraci\u00f3n y conformaci\u00f3n de juntas electorales con miras a las elecciones generales de mayo de 2016. Por tratarse de un nuevo municipio, dijo en un comunicado el presidente [&hellip;]<\/p>\n","protected":false},"author":3,"featured_media":0,"comment_status":"open","ping_status":"open","sticky":false,"template":"","format":"standard","meta":{"footnotes":""},"categories":[22],"tags":[],"class_list":["post-162743","post","type-post","status-publish","format-standard","hentry","category-politica"],"_links":{"self":[{"href":"https:\/\/diariodominicano.com\/index.php?rest_route=\/wp\/v2\/posts\/162743","targetHints":{"allow":["GET"]}}],"collection":[{"href":"https:\/\/diariodominicano.com\/index.php?rest_route=\/wp\/v2\/posts"}],"about":[{"href":"https:\/\/diariodominicano.com\/index.php?rest_route=\/wp\/v2\/types\/post"}],"author":[{"embeddable":true,"href":"https:\/\/diariodominicano.com\/index.php?rest_route=\/wp\/v2\/users\/3"}],"replies":[{"embeddable":true,"href":"https:\/\/diariodominicano.com\/index.php?rest_route=%2Fwp%2Fv2%2Fcomments&post=162743"}],"version-history":[{"count":0,"href":"https:\/\/diariodominicano.com\/index.php?rest_route=\/wp\/v2\/posts\/162743\/revisions"}],"wp:attachment":[{"href":"https:\/\/diariodominicano.com\/index.php?rest_route=%2Fwp%2Fv2%2Fmedia&parent=162743"}],"wp:term":[{"taxonomy":"category","embeddable":true,"href":"https:\/\/diariodominicano.com\/index.php?rest_route=%2Fwp%2Fv2%2Fcategories&post=162743"},{"taxonomy":"post_tag","embeddable":true,"href":"https:\/\/diariodominicano.com\/index.php?rest_route=%2Fwp%2Fv2%2Ftags&post=162743"}],"curies":[{"name":"wp","href":"https:\/\/api.w.org\/{rel}","templated":true}]}}