{"id":162742,"date":"2014-07-08T14:20:33","date_gmt":"2014-07-08T14:20:33","guid":{"rendered":"http:\/\/diariodominicano.ddns.net\/?p=162742"},"modified":"2014-07-08T14:20:33","modified_gmt":"2014-07-08T14:20:33","slug":"reinaldo-pared-perez-dice-que-desde-la-presidencia-hara-que-el-pueblo-dominicano-se-rencuentre-con-sus-raices","status":"publish","type":"post","link":"https:\/\/diariodominicano.com\/?p=162742","title":{"rendered":"&#13; &#13;Reinaldo Pared P\u00e9rez dice que desde la Presidencia; har\u00e1 que el pueblo dominicano se rencuentre con sus ra\u00edces"},"content":{"rendered":"<p><body><\/p>\n<p><img decoding=\"async\" src=\"img3\/rey 8.jpg\" \/><br \/><img decoding=\"async\" src=\"img3\/pared 8.jpg\" \/>  <\/p>\n<p>Santo Domingo RD 8 julio.- El aspirante presidencial Reinaldo Pared P\u00e9rez consider\u00f3 esta noche que es necesario promover, fortalecer y dimensionar los elementos afrodescendientes presentes en la cultura dominicana, sin dejar de lado la rica diversidad que identifica al dominicano nacional e internacionalmente.<\/p>\n<\/p>\n<p>El tambi\u00e9n secretario general del Partido de la Liberaci\u00f3n Dominicana (PLD) y presidente del Senado manifest\u00f3 que en el partido fundado por el profesor Juan Bosch se concibi\u00f3 la cultura, desde sus inicios, como un elemento fundamental para el desarrollo de una sociedad en todos los \u00f3rdenes y escenarios.<\/p>\n<\/p>\n<p>Expres\u00f3 que por estas y otras razones durante la gesti\u00f3n gubernamental que ha de encabezar a partir del 16 de agosto del 2016 impulsar\u00e1 proyectos y programas de cara a lograr que el dominicano, especialmente la juventud, se reencuentre con sus ra\u00edces y or\u00edgenes y cree conciencia sobre lo que \u00absomos como seres y como pueblo\u00bb.<\/p>\n<\/p>\n<p>El doctor Pared P\u00e9rez emiti\u00f3 sus consideraciones al pronunciar el discurso central el lanzamiento del movimiento Cultura con Reinaldo, un nuevo mecanismo pol\u00edtico-electoral surgido para promover y respaldar la candidatura presidencial del tambi\u00e9n presidente del Senado de la Rep\u00fablica. El acto se efectu\u00f3 en el hotel Sheraton.<\/p>\n<\/p>\n<p>El diputado Manuel Jim\u00e9nez y el poeta Mateo Morrison, quienes hablaron previo al discurso del doctor Pared P\u00e9rez, coincidieron en se\u00f1alar que presentan este movimiento para activar el compromiso del sector cultural pelede\u00edsta al lado de una propuesta que tiene la vocaci\u00f3n, la voluntad, la decisi\u00f3n y, sobre todo, los referentes, para garantizar la permanencia del PLD en la conducci\u00f3n del Estado m\u00e1s all\u00e1 del 2016.<\/p>\n<\/p>\n<p>Durante su intervenci\u00f3n en el acto, el doctor Pared P\u00e9rez manifest\u00f3 que, como es natural, todas las sociedades tienen una cultura propia, la cual es consecuencia de la capacidad creadora de sus integrantes, las circunstancias, la necesidad y su propiahistoria, y que en su gobierno la cultura tendr\u00e1 una atenci\u00f3n especial.<\/p>\n<\/p>\n<p>\u00abDe ser nosotros presidente de la Rep\u00fablica, nos comprometemos ante ustedes y ante todo el pa\u00eds cultural, a consolidar y multiplicar los evidentes logros que hasta hoy hemos alcanzado y les pido que vean esto, no como una simple promesa de campa\u00f1a de las que suelen hacerse en los procesos de campa\u00f1a; v\u00e9anlo como una expresi\u00f3n de mi propia convicci\u00f3n personal, pues en el partido al que me integr\u00e9 y con el maestro que me form\u00e9, me lo inculcaron desde la juventud\u00bb, dijo Pared P\u00e9rez.<\/p>\n<\/p>\n<p> Sobre la realidad de la cultura dominicana se\u00f1al\u00f3: \u00abla nuestra es una cultura con una rica diversidad que no nos deja de identificar. Nuestra cultura est\u00e1 en constantecambio, \u00e9stos se acumulan para el aprovechamiento de sus pueblos. Estas transformaciones se van transmitiendo de generaci\u00f3n en generaci\u00f3n, es por esto que la cultura sea original o no, no se pierde\u00bb, argument\u00f3 Pared P\u00e9rez.<\/p>\n<\/p>\n<p>Signific\u00f3 que \u00abla cultura nos da la capacidad de reflexionar sobre uno mismo, hace de nosotros seres espec\u00edficamente humanos, racionales, cr\u00edticos y \u00e9ticamente comprometidos\u00bb.<\/p>\n<\/p>\n<p>\u00abA trav\u00e9s de la cultura discernimos los valores y efectuamos opciones. A trav\u00e9s de la cultura  el hombre se expresa, toma conciencia de s\u00ed mismo, se reconoce como unproyecto inacabado, pone en cuesti\u00f3n sus propias realizaciones, busca incansablemente nuevas significaciones, y crea obras que lo trascienden. Es por eso que, tras agradecer a ustedes este gesto de respaldar nuestras aspiraciones a la nominaci\u00f3n presidencial por mi partido, primero, y a alcanzar la Presidencia de la Rep\u00fablica en las elecciones de mayo del 2016, me comprometo a impulsar conjuntamente con ustedes acciones que nos lleven a reencontrarnos con nuestros or\u00edgenes y ra\u00edces, de manera que nuestro acervo cultural pueda perdurar a trav\u00e9s de los siglos\u00bb, dijo el doctor Pared P\u00e9rez.<\/p>\n<\/p>\n<\/p>\n<p>Mateo Morrison y Manuel Jim\u00e9nez<\/p>\n<\/p>\n<\/p>\n<p>El poeta e historiador cultural Mateo Morrison, quien adem\u00e1s es viceministro de Cultura, pronunci\u00f3 un breve discurso en el que resalt\u00f3 la figura del doctor Reinaldo Pared P\u00e9rez, la importancia de su compromiso de respaldar la cultura,  y lo consider\u00f3 como el l\u00edder ideal para que la Rep\u00fablica Dominicana pueda seguir transitando los caminos hacia el desarrollo que hasta ahora han impulsado los gobiernos encabezados por el liderazgo del PLD.<\/p>\n<\/p>\n<p>Mientras que el diputado Manuel Jim\u00e9nez, coordinador general del movimiento Cultura con Reinaldo, consider\u00f3 necesario profundizar el compromiso que tiene el PLD con el sector de la cultura hacia su fortalecimiento, visto como factor indispensable para un desarrollo econ\u00f3mico y social arm\u00f3nico y humanista.<\/p>\n<\/p>\n<p>\u00abEs necesario apoyar con nuestras acciones creativas el prop\u00f3sito firme del compa\u00f1ero Reinaldo (Pared P\u00e9rez)  de alcanzar la Presidencia de Rep\u00fablica y poner en marcha un plan impregnado de nuevas ideas y nueva visi\u00f3n\u00bb, dijo el legislador y gestor cultural.<\/p>\n<\/p>\n<p>\u00abOtro prop\u00f3sito es impulsar la participaci\u00f3n organizada y coherente de un sector fundamental, y nosotros dir\u00edamos decisivo, para la consolidaci\u00f3n del Estado Social y Democr\u00e1tico de Derecho que somos, seg\u00fan lo define nuestra Constituci\u00f3n\u00bb, expres\u00f3 Manuel Jim\u00e9nez.<\/p>\n<\/p>\n<p>El cantautor y legislador dijo que el PLD es un proyecto en permanente maduraci\u00f3n que camina detr\u00e1s de sus metas hist\u00f3ricas expuestas, desde el comienzo, en sus definiciones y principios fundamentales.<\/p>\n<\/p>\n<p>Agreg\u00f3 que ese partido naci\u00f3 de una contradicci\u00f3n de la cual, un hombre lleno de sabidur\u00eda como el profesor Juan Bosch, construy\u00f3 y ech\u00f3 a andar al que define como la fuerza pol\u00edtica m\u00e1s coherente y cercana al pueblo.<\/p>\n<\/p>\n<\/p>\n<p>El acto<\/p>\n<\/p>\n<\/p>\n<p>El lanzamiento del movimiento Cultura con Reinaldo se inici\u00f3 con un performance a cargo de un grupo de artistas pl\u00e1sticos. Como intermedio se present\u00f3 un opening a cargo de un grupo de bailarines y al final hubo un show art\u00edstico que puso a vibrar las emisiones de los presentes.<\/p>\n<\/p>\n<h6> 2014-07-08 14:20:33 <\/h6>\n<p><!--\n<link rel=\"stylesheet\" href=\"css\/bootstrap.min.css\">\n\n\n<ul class=\"pagination\">\n\t    \n\t\n\n<li >\n\t<a href='?page_no=15116'>Previous<\/a>\n\t<\/li>\n\n\n       \n    \n\n<li><a href='?page_no=1'>1<\/a><\/li>\n\n\n\n<li><a href='?page_no=2'>2<\/a><\/li>\n\n\n\n<li><a>...<\/a><\/li>\n\n\n\n<li><a href='?page_no=15115'>15115<\/a><\/li>\n\n\n\n<li><a href='?page_no=15116'>15116<\/a><\/li>\n\n\n\n<li class='active'><a>15117<\/a><\/li>\n\n\n\n<li><a href='?page_no=15118'>15118<\/a><\/li>\n\n\n\n<li><a href='?page_no=15119'>15119<\/a><\/li>\n\n\n\n<li><a>...<\/a><\/li>\n\n\n\n<li><a href='?page_no=36999'>36999<\/a><\/li>\n\n\n\n<li><a href='?page_no=37000'>37000<\/a><\/li>\n\n    \n\t\n\n<li >\n\t<a href='?page_no=15118'>Next<\/a>\n\t<\/li>\n\n\n    \n\n<li><a href='?page_no=37000'>Last &rsaquo;&rsaquo;<\/a><\/li>\n\n<\/ul>\n\n\n--><br \/>\n<\/body><\/p>\n","protected":false},"excerpt":{"rendered":"<p>Santo Domingo RD 8 julio.- El aspirante presidencial Reinaldo Pared P\u00e9rez consider\u00f3 esta noche que es necesario promover, fortalecer y dimensionar los elementos afrodescendientes presentes en la cultura dominicana, sin dejar de lado la rica diversidad que identifica al dominicano nacional e internacionalmente. El tambi\u00e9n secretario general del Partido de la Liberaci\u00f3n Dominicana (PLD) y [&hellip;]<\/p>\n","protected":false},"author":3,"featured_media":0,"comment_status":"open","ping_status":"open","sticky":false,"template":"","format":"standard","meta":{"footnotes":""},"categories":[22],"tags":[],"class_list":["post-162742","post","type-post","status-publish","format-standard","hentry","category-politica"],"_links":{"self":[{"href":"https:\/\/diariodominicano.com\/index.php?rest_route=\/wp\/v2\/posts\/162742","targetHints":{"allow":["GET"]}}],"collection":[{"href":"https:\/\/diariodominicano.com\/index.php?rest_route=\/wp\/v2\/posts"}],"about":[{"href":"https:\/\/diariodominicano.com\/index.php?rest_route=\/wp\/v2\/types\/post"}],"author":[{"embeddable":true,"href":"https:\/\/diariodominicano.com\/index.php?rest_route=\/wp\/v2\/users\/3"}],"replies":[{"embeddable":true,"href":"https:\/\/diariodominicano.com\/index.php?rest_route=%2Fwp%2Fv2%2Fcomments&post=162742"}],"version-history":[{"count":0,"href":"https:\/\/diariodominicano.com\/index.php?rest_route=\/wp\/v2\/posts\/162742\/revisions"}],"wp:attachment":[{"href":"https:\/\/diariodominicano.com\/index.php?rest_route=%2Fwp%2Fv2%2Fmedia&parent=162742"}],"wp:term":[{"taxonomy":"category","embeddable":true,"href":"https:\/\/diariodominicano.com\/index.php?rest_route=%2Fwp%2Fv2%2Fcategories&post=162742"},{"taxonomy":"post_tag","embeddable":true,"href":"https:\/\/diariodominicano.com\/index.php?rest_route=%2Fwp%2Fv2%2Ftags&post=162742"}],"curies":[{"name":"wp","href":"https:\/\/api.w.org\/{rel}","templated":true}]}}