{"id":162741,"date":"2014-07-08T14:43:47","date_gmt":"2014-07-08T14:43:47","guid":{"rendered":"http:\/\/diariodominicano.ddns.net\/?p=162741"},"modified":"2014-07-08T14:43:47","modified_gmt":"2014-07-08T14:43:47","slug":"lanzan-plataforma-sector-externo-en-favor-candidatura-leonel-fernandez","status":"publish","type":"post","link":"https:\/\/diariodominicano.com\/?p=162741","title":{"rendered":"Lanzan plataforma Sector Externo en favor candidatura Leonel Fernandez"},"content":{"rendered":"<p><body><\/p>\n<p>Santo Domingo RD 8 julio.- Recientemente fue lanzada la plataforma pol\u00edtica \u00abFuerza Social con Leonel\u00bb, que busca alinear y coordinar acciones entre todos los movimientos del sector externo a favor del ex mandatario, con miras a apoyar su candidatura durante la contienda interna del Partido de la Liberaci\u00f3n Dominicana (PLD) y posterior candidatura presidencial. <\/p>\n<\/p>\n<p>Un comunicado de prensa resalta que \u00abFuerza Social con Leonel\u00bb es la manifestaci\u00f3n de un conglomerado de la sociedad, que conforma una plataforma no partidaria para apoyar al ex presidente Fern\u00e1ndez, representando los estratos sociales, econ\u00f3micos, profesionales y culturales, con la premisa de ser un espacio incluyente, participativo y dernocr\u00e1tco. <\/p>\n<\/p>\n<p>Agrega que uno de esos movimientos es \u00abSeguros Con Leonel\u00bb, cuyo coordibnador general es el joven empresario y dirigente peledeista Alfonso Mercado Brito, quien dice que la plataforma  es tambi\u00e9n la respuesta a todas las interrogantes de los actores pol\u00edticos del pa\u00eds, exhibiendo un sector externo robusto, organizado, sistematizado y sobre todo inclusivo. <\/p>\n<\/p>\n<p>\u00abLa Plataforma es liderada por un grupo de j\u00f3venes profesionales de diversas industrias y quehaceres, que entiendemos que el Dr. Leonel Fern\u00e1ndez Reyna representa la mejor y \u00fanica opci\u00f3n para dirigir los destinos de la naci\u00f3n a partir del 2016 hacia la continuidad del progreso y la estabilidad del pa\u00eds\u00bb, sostuvo Mercado Brito. <\/p>\n<\/p>\n<p>En ese sentido, asegur\u00f3 que las gestiones de Fern\u00e1ndez han sido las mejores en toda la historia de la naci\u00f3n, dejando huellas significativas y un legado en materia de infraestructura, desarrollo y orden institucional, de ah\u00ed que tantas entidades representes de los m\u00e1s variados sectores se hayan agrupado en \u00abFuerza Social con Leonel\u00bb para materializar su regreso al poder en el 2016. <\/p>\n<\/p>\n<p>Durante la actividad, realizada en un hotel de la capital, con gran algarab\u00eda y planteamientos diversos sobre lo que llamaron \u00abEl Legado de un L\u00edder\u00bb, los presentes le pidieron al ex mandatario que acepte una vez m\u00e1s la candidatura presidencial por el PLD en el 2016.<\/p>\n<\/p>\n<p>Resaltaron las cualidades de liderazgo, visi\u00f3n de futuro, experiencia, carisma y capacidad del ex mandatario, afirmando que se constituye en un activo para el PLD y para el pa\u00eds.<\/p>\n<\/p>\n<p>\u00abSus ejecutorias p\u00fablicas, su decoro, su dignidad, su experiencia de Estado y su liderazgo que sobrepasa las fronteras nacionales, entre otros atributos, lo hacen merecedor del reconocimiento\u00bb, afirmaron.<\/p>\n<\/p>\n<h6> 2014-07-08 14:43:47 <\/h6>\n<p><!--\n<link rel=\"stylesheet\" href=\"css\/bootstrap.min.css\">\n\n\n<ul class=\"pagination\">\n\t    \n\t\n\n<li >\n\t<a href='?page_no=15115'>Previous<\/a>\n\t<\/li>\n\n\n       \n    \n\n<li><a href='?page_no=1'>1<\/a><\/li>\n\n\n\n<li><a href='?page_no=2'>2<\/a><\/li>\n\n\n\n<li><a>...<\/a><\/li>\n\n\n\n<li><a href='?page_no=15114'>15114<\/a><\/li>\n\n\n\n<li><a href='?page_no=15115'>15115<\/a><\/li>\n\n\n\n<li class='active'><a>15116<\/a><\/li>\n\n\n\n<li><a href='?page_no=15117'>15117<\/a><\/li>\n\n\n\n<li><a href='?page_no=15118'>15118<\/a><\/li>\n\n\n\n<li><a>...<\/a><\/li>\n\n\n\n<li><a href='?page_no=36999'>36999<\/a><\/li>\n\n\n\n<li><a href='?page_no=37000'>37000<\/a><\/li>\n\n    \n\t\n\n<li >\n\t<a href='?page_no=15117'>Next<\/a>\n\t<\/li>\n\n\n    \n\n<li><a href='?page_no=37000'>Last &rsaquo;&rsaquo;<\/a><\/li>\n\n<\/ul>\n\n\n--><br \/>\n<\/body><\/p>\n","protected":false},"excerpt":{"rendered":"<p>Santo Domingo RD 8 julio.- Recientemente fue lanzada la plataforma pol\u00edtica \u00abFuerza Social con Leonel\u00bb, que busca alinear y coordinar acciones entre todos los movimientos del sector externo a favor del ex mandatario, con miras a apoyar su candidatura durante la contienda interna del Partido de la Liberaci\u00f3n Dominicana (PLD) y posterior candidatura presidencial. Un [&hellip;]<\/p>\n","protected":false},"author":3,"featured_media":0,"comment_status":"open","ping_status":"open","sticky":false,"template":"","format":"standard","meta":{"footnotes":""},"categories":[22],"tags":[],"class_list":["post-162741","post","type-post","status-publish","format-standard","hentry","category-politica"],"_links":{"self":[{"href":"https:\/\/diariodominicano.com\/index.php?rest_route=\/wp\/v2\/posts\/162741","targetHints":{"allow":["GET"]}}],"collection":[{"href":"https:\/\/diariodominicano.com\/index.php?rest_route=\/wp\/v2\/posts"}],"about":[{"href":"https:\/\/diariodominicano.com\/index.php?rest_route=\/wp\/v2\/types\/post"}],"author":[{"embeddable":true,"href":"https:\/\/diariodominicano.com\/index.php?rest_route=\/wp\/v2\/users\/3"}],"replies":[{"embeddable":true,"href":"https:\/\/diariodominicano.com\/index.php?rest_route=%2Fwp%2Fv2%2Fcomments&post=162741"}],"version-history":[{"count":0,"href":"https:\/\/diariodominicano.com\/index.php?rest_route=\/wp\/v2\/posts\/162741\/revisions"}],"wp:attachment":[{"href":"https:\/\/diariodominicano.com\/index.php?rest_route=%2Fwp%2Fv2%2Fmedia&parent=162741"}],"wp:term":[{"taxonomy":"category","embeddable":true,"href":"https:\/\/diariodominicano.com\/index.php?rest_route=%2Fwp%2Fv2%2Fcategories&post=162741"},{"taxonomy":"post_tag","embeddable":true,"href":"https:\/\/diariodominicano.com\/index.php?rest_route=%2Fwp%2Fv2%2Ftags&post=162741"}],"curies":[{"name":"wp","href":"https:\/\/api.w.org\/{rel}","templated":true}]}}