{"id":162740,"date":"2014-07-08T18:05:13","date_gmt":"2014-07-08T18:05:13","guid":{"rendered":"http:\/\/diariodominicano.ddns.net\/?p=162740"},"modified":"2014-07-08T18:05:13","modified_gmt":"2014-07-08T18:05:13","slug":"pld-da-a-conocer-integrantes-de-diferentes-comisiones-designadas-por-el-comite-politico","status":"publish","type":"post","link":"https:\/\/diariodominicano.com\/?p=162740","title":{"rendered":"&#13;&#13;&#13;PLD da a conocer integrantes de diferentes comisiones designadas por el Comit\u00e9 Pol\u00edtico"},"content":{"rendered":"<p><body><\/p>\n<p><img decoding=\"async\" src=\"img3\/reindaldo.jpg\" \/>  <\/p>\n<\/p>\n<p>Santo Domingo, RD, 8 de julio.- El Comit\u00e9 Pol\u00edtico del Partido de la Liberaci\u00f3n Dominicana (PLD) otorg\u00f3 un plazo de 30 d\u00edas a las diferentes comisiones  designadas por ese organismo  para dar seguimiento a las conclusiones del VIII Congreso Ordinario Comandante Norge Botello y las que se nombraron para preparar normativas y reglamentos internos para el funcionamiento de la organizaci\u00f3n acorde a los mandatos del Congreso.<\/p>\n<\/p>\n<p>As\u00ed lo precis\u00f3 Reinaldo Pared P\u00e9rez, secretario general del PLD al resumir en la madrugada de este martes las decisiones adoptadas por el organismo de direcci\u00f3n en la reuni\u00f3n ordinaria realizada la noche del lunes 7 de julio.<\/p>\n<\/p>\n<p>Explic\u00f3 que en un  informe rendido por la comisi\u00f3n organizadora del Congreso se  present\u00f3 un programa de actividades para la ejecuci\u00f3n de sus resoluciones, que conlleva la designaci\u00f3n de una serie de comisiones para dar cumplimiento a esas decisiones.<\/p>\n<\/p>\n<p>Se designaron  comisiones  para: adecuar el Reglamento de Funcionamiento del Comit\u00e9 Central,  que ser\u00e1 coordinada por Lidio Cadet e integrada por Melanio Paredes, Juan Octavio Ceballos, Daniel Beltr\u00e9 y Ligia Amada Melo,  para redactar el Reglamento de Funcionamiento de   la Unidad de Fiscalizaci\u00f3n, Evaluaci\u00f3n  y Control, se design\u00f3 un equipo que coordinar\u00e1 Miriam Cabral e integran Mariano Germ\u00e1n, Luis Henry Molina, Flavia Garc\u00eda y Juan Carlos Segura.<\/p>\n<\/p>\n<p>Para adecuar el Reglamento de Funcionamiento de los Secretariados, se conform\u00f3 una comisi\u00f3n coordinada Reinaldo Pared P\u00e9rez, secretario general e integrada por Alejandrina Germ\u00e1n, Radham\u00e9s Camacho, Tem\u00edstocles Mont\u00e1s y Euclides S\u00e1nchez,   para    elaborar el Reglamento para el Funcionamiento del Tribunal de Disciplina y \u00c9tica se design\u00f3 a Radham\u00e8s Jim\u00e9nez coordinador de una comisi\u00f3n de la que formar\u00e1n parte tambi\u00e9n  Ra\u00fal Mart\u00ednez, Rafael Mart\u00ednez, Henry Mer\u00e1n y Rafaela Nova.<\/p>\n<\/p>\n<p>Tambi\u00e9n se design\u00f3 una comisi\u00f3n para redactar la normativa a seguir para la Elecci\u00f3n Org\u00e1nica y Multiplicaci\u00f3n de los organismos compuesta por Alejandrina Germ\u00e1n, coordinadora e integrada por Cesar Prieto, Mayobanex Escoto, Juan Carlos Qui\u00f1ones y Nelson S\u00e1nchez    y por igual se design\u00f3  una comisi\u00f3n para definir las normas para revisar el Padr\u00f3n de Miembros del PLD que coordinar\u00e1 Cesar Pina Toribio e integrar\u00e1n, Rub\u00e9n Bichara, F\u00e9lix Bautista, Armando Garc\u00eda y Danilo D\u00edaz.<\/p>\n<\/p>\n<p>En la reuni\u00f3n del Comit\u00e9 Pol\u00edtico se dio mandato a la Comisi\u00f3n Organizadora del VIII Congreso Ordinario Comandante Norge Botello junto a Franklin Almeyda y Felucho Jim\u00e9nez para presentar una propuesta de los miembros del Comit\u00e9 Pol\u00edtico y del Comit\u00e9 Central, quienes  servir\u00e1n de enlaces a los organismos municipales en todo el pa\u00eds, tal y como se acord\u00f3 en el congreso ordinario.<\/p>\n<\/p>\n<p>\u00abA cada una de estas comisiones se le dio un plazo de 30 d\u00edas para presentar  el encargo que se le ha encomendado a cada una de las mismas al Comit\u00e9 Pol\u00edtico\u00bb concluy\u00f3 Pared P\u00e9rez al informar sobre la conformaci\u00f3n de comisiones para dar seguimiento a los trabajos del PLD.<\/p>\n<h6> 2014-07-08 18:05:13 <\/h6>\n<p><!--\n<link rel=\"stylesheet\" href=\"css\/bootstrap.min.css\">\n\n\n<ul class=\"pagination\">\n\t    \n\t\n\n<li >\n\t<a href='?page_no=15114'>Previous<\/a>\n\t<\/li>\n\n\n       \n    \n\n<li><a href='?page_no=1'>1<\/a><\/li>\n\n\n\n<li><a href='?page_no=2'>2<\/a><\/li>\n\n\n\n<li><a>...<\/a><\/li>\n\n\n\n<li><a href='?page_no=15113'>15113<\/a><\/li>\n\n\n\n<li><a href='?page_no=15114'>15114<\/a><\/li>\n\n\n\n<li class='active'><a>15115<\/a><\/li>\n\n\n\n<li><a href='?page_no=15116'>15116<\/a><\/li>\n\n\n\n<li><a href='?page_no=15117'>15117<\/a><\/li>\n\n\n\n<li><a>...<\/a><\/li>\n\n\n\n<li><a href='?page_no=36999'>36999<\/a><\/li>\n\n\n\n<li><a href='?page_no=37000'>37000<\/a><\/li>\n\n    \n\t\n\n<li >\n\t<a href='?page_no=15116'>Next<\/a>\n\t<\/li>\n\n\n    \n\n<li><a href='?page_no=37000'>Last &rsaquo;&rsaquo;<\/a><\/li>\n\n<\/ul>\n\n\n--><br \/>\n<\/body><\/p>\n","protected":false},"excerpt":{"rendered":"<p>Santo Domingo, RD, 8 de julio.- El Comit\u00e9 Pol\u00edtico del Partido de la Liberaci\u00f3n Dominicana (PLD) otorg\u00f3 un plazo de 30 d\u00edas a las diferentes comisiones designadas por ese organismo para dar seguimiento a las conclusiones del VIII Congreso Ordinario Comandante Norge Botello y las que se nombraron para preparar normativas y reglamentos internos para [&hellip;]<\/p>\n","protected":false},"author":3,"featured_media":0,"comment_status":"open","ping_status":"open","sticky":false,"template":"","format":"standard","meta":{"footnotes":""},"categories":[22],"tags":[],"class_list":["post-162740","post","type-post","status-publish","format-standard","hentry","category-politica"],"_links":{"self":[{"href":"https:\/\/diariodominicano.com\/index.php?rest_route=\/wp\/v2\/posts\/162740","targetHints":{"allow":["GET"]}}],"collection":[{"href":"https:\/\/diariodominicano.com\/index.php?rest_route=\/wp\/v2\/posts"}],"about":[{"href":"https:\/\/diariodominicano.com\/index.php?rest_route=\/wp\/v2\/types\/post"}],"author":[{"embeddable":true,"href":"https:\/\/diariodominicano.com\/index.php?rest_route=\/wp\/v2\/users\/3"}],"replies":[{"embeddable":true,"href":"https:\/\/diariodominicano.com\/index.php?rest_route=%2Fwp%2Fv2%2Fcomments&post=162740"}],"version-history":[{"count":0,"href":"https:\/\/diariodominicano.com\/index.php?rest_route=\/wp\/v2\/posts\/162740\/revisions"}],"wp:attachment":[{"href":"https:\/\/diariodominicano.com\/index.php?rest_route=%2Fwp%2Fv2%2Fmedia&parent=162740"}],"wp:term":[{"taxonomy":"category","embeddable":true,"href":"https:\/\/diariodominicano.com\/index.php?rest_route=%2Fwp%2Fv2%2Fcategories&post=162740"},{"taxonomy":"post_tag","embeddable":true,"href":"https:\/\/diariodominicano.com\/index.php?rest_route=%2Fwp%2Fv2%2Ftags&post=162740"}],"curies":[{"name":"wp","href":"https:\/\/api.w.org\/{rel}","templated":true}]}}