{"id":162739,"date":"2014-07-08T18:14:39","date_gmt":"2014-07-08T18:14:39","guid":{"rendered":"http:\/\/diariodominicano.ddns.net\/?p=162739"},"modified":"2014-07-08T18:14:39","modified_gmt":"2014-07-08T18:14:39","slug":"organismo-de-direccion-del-pld-explica-que-no-se-ha-autorizado-eleccion-de-directiva-en-europa-central","status":"publish","type":"post","link":"https:\/\/diariodominicano.com\/?p=162739","title":{"rendered":"Organismo de direcci\u00f3n del PLD explica que no se ha autorizado elecci\u00f3n de directiva en Europa Central"},"content":{"rendered":"<p><body><\/p>\n<p><img decoding=\"async\" src=\"img3\/reinaldo.jpg\" \/>  <\/p>\n<p><span class=\"text1noticias\">Santo Domingo, RD, 8 de Julio.-El Comit\u00e9 Pol\u00edtico del Partido de la Liberaci\u00f3n anul\u00f3 la elecci\u00f3n de una directiva Provisional de la Direcci\u00f3n Regional de Europa Central al considerar que la misma se realiz\u00f3 en franca violaci\u00f3n a los Estatutos de la organizaci\u00f3n y contraviniendo los mandatos de la direcci\u00f3n pol\u00edtica partidaria.<\/span><\/p>\n<p><span class=\"text1noticias\"> <\/span><\/p>\n<p><span class=\"text1noticias\">La decisi\u00f3n fue adoptada por el organismo de direcci\u00f3n del PLD en su reuni\u00f3n del pasado lunes y dada a conocer por Reinaldo Pared P\u00e9rez, secretario general de la organizaci\u00f3n mediante un despacho de prensa del partido morado<\/span><\/p>\n<p><span class=\"text1noticias\"> <\/span><\/p>\n<p><span class=\"text1noticias\">Para anular la elecci\u00f3n,  la direcci\u00f3n pol\u00edtica del PLD explic\u00f3 que esa elecci\u00f3n se realiz\u00f3 sin la supervisi\u00f3n de la direcci\u00f3n partidaria y sin que se contara con la presencia de una supervisi\u00f3n de la Secretar\u00eda de Organizaci\u00f3n.<\/span><\/p>\n<p><span class=\"text1noticias\"> <\/span><\/p>\n<p><span class=\"text1noticias\">Por igual se explica que los dirigentes de Europa central desoyeron una advertencia que en ese sentido se hab\u00eda realizado en el seminario organizado por la Secretar\u00eda de Dominicanos en el exterior el pasado mes de junio.<\/span><\/p>\n<p><span class=\"text1noticias\"> <\/span><\/p>\n<p><span class=\"text1noticias\">\u00abLa  elecci\u00f3n de una  directiva provisional para Europa Central se ha realizado  sin consultar la direcci\u00f3n del Partido y sin contar con la supervisi\u00f3n de la secretar\u00eda de organizaci\u00f3n y en violaci\u00f3n   a los Estatutos del Partido\u00bb explic\u00f3  Pared P\u00e9rez, quien inform\u00f3 que la decisi\u00f3n de notificar\u00e1 por la v\u00eda org\u00e1nica al Comit\u00e9 Seccional en Europa.<\/span><\/p>\n<p><span class=\"text1noticias\"> <\/span><\/p>\n<p><span class=\"text1noticias\">Desde Paris. Francia  se divulg\u00f3 la informaci\u00f3n, publicada en medios de formato digital, en la que se precisa que se informa de la elecci\u00f3n de una directiva del Partido de la Liberaci\u00f3n Dominicana para Europa Central, informe que el Comit\u00e9 Pol\u00edtico del PLD invalid\u00f3 y declar\u00f3 nula.(HG)<\/span>.<\/p>\n<\/p>\n<h6> 2014-07-08 18:14:39 <\/h6>\n<p><!--\n<link rel=\"stylesheet\" href=\"css\/bootstrap.min.css\">\n\n\n<ul class=\"pagination\">\n\t    \n\t\n\n<li >\n\t<a href='?page_no=15113'>Previous<\/a>\n\t<\/li>\n\n\n       \n    \n\n<li><a href='?page_no=1'>1<\/a><\/li>\n\n\n\n<li><a href='?page_no=2'>2<\/a><\/li>\n\n\n\n<li><a>...<\/a><\/li>\n\n\n\n<li><a href='?page_no=15112'>15112<\/a><\/li>\n\n\n\n<li><a href='?page_no=15113'>15113<\/a><\/li>\n\n\n\n<li class='active'><a>15114<\/a><\/li>\n\n\n\n<li><a href='?page_no=15115'>15115<\/a><\/li>\n\n\n\n<li><a href='?page_no=15116'>15116<\/a><\/li>\n\n\n\n<li><a>...<\/a><\/li>\n\n\n\n<li><a href='?page_no=36999'>36999<\/a><\/li>\n\n\n\n<li><a href='?page_no=37000'>37000<\/a><\/li>\n\n    \n\t\n\n<li >\n\t<a href='?page_no=15115'>Next<\/a>\n\t<\/li>\n\n\n    \n\n<li><a href='?page_no=37000'>Last &rsaquo;&rsaquo;<\/a><\/li>\n\n<\/ul>\n\n\n--><br \/>\n<\/body><\/p>\n","protected":false},"excerpt":{"rendered":"<p>Santo Domingo, RD, 8 de Julio.-El Comit\u00e9 Pol\u00edtico del Partido de la Liberaci\u00f3n anul\u00f3 la elecci\u00f3n de una directiva Provisional de la Direcci\u00f3n Regional de Europa Central al considerar que la misma se realiz\u00f3 en franca violaci\u00f3n a los Estatutos de la organizaci\u00f3n y contraviniendo los mandatos de la direcci\u00f3n pol\u00edtica partidaria. La decisi\u00f3n fue [&hellip;]<\/p>\n","protected":false},"author":3,"featured_media":0,"comment_status":"open","ping_status":"open","sticky":false,"template":"","format":"standard","meta":{"footnotes":""},"categories":[22],"tags":[],"class_list":["post-162739","post","type-post","status-publish","format-standard","hentry","category-politica"],"_links":{"self":[{"href":"https:\/\/diariodominicano.com\/index.php?rest_route=\/wp\/v2\/posts\/162739","targetHints":{"allow":["GET"]}}],"collection":[{"href":"https:\/\/diariodominicano.com\/index.php?rest_route=\/wp\/v2\/posts"}],"about":[{"href":"https:\/\/diariodominicano.com\/index.php?rest_route=\/wp\/v2\/types\/post"}],"author":[{"embeddable":true,"href":"https:\/\/diariodominicano.com\/index.php?rest_route=\/wp\/v2\/users\/3"}],"replies":[{"embeddable":true,"href":"https:\/\/diariodominicano.com\/index.php?rest_route=%2Fwp%2Fv2%2Fcomments&post=162739"}],"version-history":[{"count":0,"href":"https:\/\/diariodominicano.com\/index.php?rest_route=\/wp\/v2\/posts\/162739\/revisions"}],"wp:attachment":[{"href":"https:\/\/diariodominicano.com\/index.php?rest_route=%2Fwp%2Fv2%2Fmedia&parent=162739"}],"wp:term":[{"taxonomy":"category","embeddable":true,"href":"https:\/\/diariodominicano.com\/index.php?rest_route=%2Fwp%2Fv2%2Fcategories&post=162739"},{"taxonomy":"post_tag","embeddable":true,"href":"https:\/\/diariodominicano.com\/index.php?rest_route=%2Fwp%2Fv2%2Ftags&post=162739"}],"curies":[{"name":"wp","href":"https:\/\/api.w.org\/{rel}","templated":true}]}}