{"id":162737,"date":"2014-07-08T19:22:39","date_gmt":"2014-07-08T19:22:39","guid":{"rendered":"http:\/\/diariodominicano.ddns.net\/?p=162737"},"modified":"2014-07-08T19:22:39","modified_gmt":"2014-07-08T19:22:39","slug":"diputado-santana-considera-que-son-superables-dificultades-para-reeleccion-de-danilo","status":"publish","type":"post","link":"https:\/\/diariodominicano.com\/?p=162737","title":{"rendered":"Diputado Santana considera que son superables dificultades para reelecci\u00f3n de Danilo"},"content":{"rendered":"<p><body><\/p>\n<p><img decoding=\"async\" src=\"img3\/geraldino.jpg\" \/>  <\/p>\n<p><span class=\"text1noticias\">Santo Domingo, R. D., 8 de julio.- El Congresista Pablo Santana, le sali\u00f3 al frente a declaraciones del senador Jos\u00e9 Rafael Vargas, en el sentido de quienes se han entusiasmado con una eventual reelecci\u00f3n del presidente Danilo Medina, crear\u00eda dificultades a la Constituci\u00f3n.<\/span><\/p>\n<p><span class=\"text1noticias\"> <\/span><\/p>\n<p><span class=\"text1noticias\">Santana, dijo que todos los tecnicismos que plantea el senador Vargas, en relaci\u00f3n al Referendo aprobatorio, conforme al art\u00edculo 272 de la Constituci\u00f3n, son superables porque hay un deseo en el Congreso Nacional de que el tema llegue para darle viabilidad.<\/span><\/p>\n<p><span class=\"text1noticias\"> <\/span><\/p>\n<p><span class=\"text1noticias\">\u00abLo que pasa en el buen argot popular, que cuando usted no est\u00e1 de acuerdo con algo lo ve imposible, pero los cientos de miles que estamos a favor lo vemos posible\u00bb sostuvo el representante de la provincia Independencia.<\/span><\/p>\n<p><span class=\"text1noticias\"> <\/span><\/p>\n<p><span class=\"text1noticias\">El legislador dijo que por primera vez en la historia democr\u00e1tica de nuestro pa\u00eds se ha manifestado un deseo generalizado de la sociedad en procura de que un presidente en ejercicio a casi dos a\u00f1os de gesti\u00f3n se pueda mantener por m\u00e1s tiempo, a lo que fue el tiempo establecido constitucionalmente para que pueda seguir m\u00e1s all\u00e1 de ese tiempo por lo que se ve , es el pueblo, no es ni siquiera su propio partido quien le pide al presidente Medina que acepte ir de candidato para las elecciones del 2016.<\/span><\/p>\n<p><span class=\"text1noticias\"> <\/span><\/p>\n<p><span class=\"text1noticias\">Santana, manifest\u00f3 que es el nuevo estilo de gobernar del presidente ha encantado a las grandes mayor\u00edas del pueblo dominicano. \u00aben el pasado quienes ped\u00edan la repostulaci\u00f3n de un presidente eran sectores internos que se beneficiaban y sectores econ\u00f3micos que estaban detr\u00e1s de ellos.<\/span><\/p>\n<p><span class=\"text1noticias\"> <\/span><\/p>\n<p><span class=\"text1noticias\">Advirti\u00f3 que a un pueblo no se le puede decir jam\u00e1s que los deseos que este encarna, son imposibles, mucho m\u00e1s cuando se siente encantado con la forma de gobernar del presidente Medina.<\/span><\/p>\n<p><span class=\"text1noticias\"> <\/span><\/p>\n<p><span class=\"text1noticias\">Con estas declaraciones el diputado Santana, le sale al frente a las del senador Vargas, al cual descalific\u00f3, al este ser de los principales recolectores de firmas que buscaban una repostulaci\u00f3n de Fern\u00e1ndez en tiempos atr\u00e1s.<\/span><\/p>\n<h6> 2014-07-08 19:22:39 <\/h6>\n<p><!--\n<link rel=\"stylesheet\" href=\"css\/bootstrap.min.css\">\n\n\n<ul class=\"pagination\">\n\t    \n\t\n\n<li >\n\t<a href='?page_no=15111'>Previous<\/a>\n\t<\/li>\n\n\n       \n    \n\n<li><a href='?page_no=1'>1<\/a><\/li>\n\n\n\n<li><a href='?page_no=2'>2<\/a><\/li>\n\n\n\n<li><a>...<\/a><\/li>\n\n\n\n<li><a href='?page_no=15110'>15110<\/a><\/li>\n\n\n\n<li><a href='?page_no=15111'>15111<\/a><\/li>\n\n\n\n<li class='active'><a>15112<\/a><\/li>\n\n\n\n<li><a href='?page_no=15113'>15113<\/a><\/li>\n\n\n\n<li><a href='?page_no=15114'>15114<\/a><\/li>\n\n\n\n<li><a>...<\/a><\/li>\n\n\n\n<li><a href='?page_no=36999'>36999<\/a><\/li>\n\n\n\n<li><a href='?page_no=37000'>37000<\/a><\/li>\n\n    \n\t\n\n<li >\n\t<a href='?page_no=15113'>Next<\/a>\n\t<\/li>\n\n\n    \n\n<li><a href='?page_no=37000'>Last &rsaquo;&rsaquo;<\/a><\/li>\n\n<\/ul>\n\n\n--><br \/>\n<\/body><\/p>\n","protected":false},"excerpt":{"rendered":"<p>Santo Domingo, R. D., 8 de julio.- El Congresista Pablo Santana, le sali\u00f3 al frente a declaraciones del senador Jos\u00e9 Rafael Vargas, en el sentido de quienes se han entusiasmado con una eventual reelecci\u00f3n del presidente Danilo Medina, crear\u00eda dificultades a la Constituci\u00f3n. Santana, dijo que todos los tecnicismos que plantea el senador Vargas, en [&hellip;]<\/p>\n","protected":false},"author":3,"featured_media":0,"comment_status":"open","ping_status":"open","sticky":false,"template":"","format":"standard","meta":{"footnotes":""},"categories":[22],"tags":[],"class_list":["post-162737","post","type-post","status-publish","format-standard","hentry","category-politica"],"_links":{"self":[{"href":"https:\/\/diariodominicano.com\/index.php?rest_route=\/wp\/v2\/posts\/162737","targetHints":{"allow":["GET"]}}],"collection":[{"href":"https:\/\/diariodominicano.com\/index.php?rest_route=\/wp\/v2\/posts"}],"about":[{"href":"https:\/\/diariodominicano.com\/index.php?rest_route=\/wp\/v2\/types\/post"}],"author":[{"embeddable":true,"href":"https:\/\/diariodominicano.com\/index.php?rest_route=\/wp\/v2\/users\/3"}],"replies":[{"embeddable":true,"href":"https:\/\/diariodominicano.com\/index.php?rest_route=%2Fwp%2Fv2%2Fcomments&post=162737"}],"version-history":[{"count":0,"href":"https:\/\/diariodominicano.com\/index.php?rest_route=\/wp\/v2\/posts\/162737\/revisions"}],"wp:attachment":[{"href":"https:\/\/diariodominicano.com\/index.php?rest_route=%2Fwp%2Fv2%2Fmedia&parent=162737"}],"wp:term":[{"taxonomy":"category","embeddable":true,"href":"https:\/\/diariodominicano.com\/index.php?rest_route=%2Fwp%2Fv2%2Fcategories&post=162737"},{"taxonomy":"post_tag","embeddable":true,"href":"https:\/\/diariodominicano.com\/index.php?rest_route=%2Fwp%2Fv2%2Ftags&post=162737"}],"curies":[{"name":"wp","href":"https:\/\/api.w.org\/{rel}","templated":true}]}}