{"id":162733,"date":"2014-07-09T16:35:15","date_gmt":"2014-07-09T16:35:15","guid":{"rendered":"http:\/\/diariodominicano.ddns.net\/?p=162733"},"modified":"2014-07-09T16:35:15","modified_gmt":"2014-07-09T16:35:15","slug":"familia-de-herido-en-incidente-en-el-pri-se-querella-contra-jimenez-y-turbi","status":"publish","type":"post","link":"https:\/\/diariodominicano.com\/?p=162733","title":{"rendered":"Familia de herido en incidente en el PRI se querella contra Jim\u00e9nez y Turb\u00ed"},"content":{"rendered":"<p><body><\/p>\n<p><img decoding=\"async\" src=\"img3\/pri 9.jpg\" \/>  <\/p>\n<p>Santo Domingo, RD 9 julio (EFE).- La familia de Gerardo Mart\u00ednez, quien result\u00f3 herido el pasado 12 de junio en un incidente en la sede principal del Partido Revolucionario Independiente (PRI), se querell\u00f3 contra los ex dirigentes de esa organizaci\u00f3n Julio Jim\u00e9nez y David Turb\u00ed.<\/p>\n<\/p>\n<p>Mart\u00ednez fue herido a cartuchazos el 12 de junio por seguidores de Jim\u00e9nez y Turb\u00ed cuando la Fiscal\u00eda del Distrito Nacional proced\u00eda desalojarlos de la sede principal de PRI, situada en la avenida Bol\u00edvar, de la capital, seg\u00fan mantiene la organizaci\u00f3n pol\u00edtica.<\/p>\n<\/p>\n<p>Juana P\u00e9rez Mart\u00ednez, Mar\u00eda Magdalena P\u00e9rez Fortuna y Vicente P\u00e9rez Mart\u00ednez, hermanos de Gerardo, acusaron a Jim\u00e9nez y a Turb\u00ed de las heridas que mantuvieron a Gerardo casi un mes hospitalizado.<\/p>\n<\/p>\n<p>Gerardo fue dado de alta por los m\u00e9dicos que le atend\u00edan en el hospital Ney Arias Lora, inform\u00f3 el partido en un comunicado.<\/p>\n<\/p>\n<p>Recientemente, a intenci\u00f3n del PRI, fue celebrada una misa por la salud de Gerardo, en su casa del barrio Guachpita, en el Distrito Nacional.<\/p>\n<\/p>\n<p>Trajano Santana, presidente del PRI, manifest\u00f3 que ese partido \u00abest\u00e1 cooperando con la Polic\u00eda para que, en las pr\u00f3ximas horas sea detenido el autor material de los disparos que mantienen en cama a Gerardo Mart\u00ednez\u00bb, precis\u00f3 la informaci\u00f3n.<\/p>\n<\/p>\n<p>\u00abLa Polic\u00eda cuenta con las pistas necesarias para el arresto y puesta a disposici\u00f3n de la justicia de este criminal\u00bb, dijo.<\/p>\n<\/p>\n<p>Santana afirm\u00f3 dijo que se encuentra pr\u00f3fugo un hombre que se mantuvo encerrado dentro del local del PRI, impidiendo el acceso de la fuerza p\u00fablica al mismo.<\/p>\n<\/p>\n<p>Record\u00f3 que el Tribunal Superior Electoral (TSE) orden\u00f3 mediante sentencia que los ex dirigentes del PRI que ocupaban el local lo devolvieran a la directiva de esa organizaci\u00f3n.<\/p>\n<\/p>\n<h6> 2014-07-09 16:35:15 <\/h6>\n<p><!--\n<link rel=\"stylesheet\" href=\"css\/bootstrap.min.css\">\n\n\n<ul class=\"pagination\">\n\t    \n\t\n\n<li >\n\t<a href='?page_no=15108'>Previous<\/a>\n\t<\/li>\n\n\n       \n    \n\n<li><a href='?page_no=1'>1<\/a><\/li>\n\n\n\n<li><a href='?page_no=2'>2<\/a><\/li>\n\n\n\n<li><a>...<\/a><\/li>\n\n\n\n<li><a href='?page_no=15107'>15107<\/a><\/li>\n\n\n\n<li><a href='?page_no=15108'>15108<\/a><\/li>\n\n\n\n<li class='active'><a>15109<\/a><\/li>\n\n\n\n<li><a href='?page_no=15110'>15110<\/a><\/li>\n\n\n\n<li><a href='?page_no=15111'>15111<\/a><\/li>\n\n\n\n<li><a>...<\/a><\/li>\n\n\n\n<li><a href='?page_no=36999'>36999<\/a><\/li>\n\n\n\n<li><a href='?page_no=37000'>37000<\/a><\/li>\n\n    \n\t\n\n<li >\n\t<a href='?page_no=15110'>Next<\/a>\n\t<\/li>\n\n\n    \n\n<li><a href='?page_no=37000'>Last &rsaquo;&rsaquo;<\/a><\/li>\n\n<\/ul>\n\n\n--><br \/>\n<\/body><\/p>\n","protected":false},"excerpt":{"rendered":"<p>Santo Domingo, RD 9 julio (EFE).- La familia de Gerardo Mart\u00ednez, quien result\u00f3 herido el pasado 12 de junio en un incidente en la sede principal del Partido Revolucionario Independiente (PRI), se querell\u00f3 contra los ex dirigentes de esa organizaci\u00f3n Julio Jim\u00e9nez y David Turb\u00ed. Mart\u00ednez fue herido a cartuchazos el 12 de junio por [&hellip;]<\/p>\n","protected":false},"author":3,"featured_media":0,"comment_status":"open","ping_status":"open","sticky":false,"template":"","format":"standard","meta":{"footnotes":""},"categories":[22],"tags":[],"class_list":["post-162733","post","type-post","status-publish","format-standard","hentry","category-politica"],"_links":{"self":[{"href":"https:\/\/diariodominicano.com\/index.php?rest_route=\/wp\/v2\/posts\/162733","targetHints":{"allow":["GET"]}}],"collection":[{"href":"https:\/\/diariodominicano.com\/index.php?rest_route=\/wp\/v2\/posts"}],"about":[{"href":"https:\/\/diariodominicano.com\/index.php?rest_route=\/wp\/v2\/types\/post"}],"author":[{"embeddable":true,"href":"https:\/\/diariodominicano.com\/index.php?rest_route=\/wp\/v2\/users\/3"}],"replies":[{"embeddable":true,"href":"https:\/\/diariodominicano.com\/index.php?rest_route=%2Fwp%2Fv2%2Fcomments&post=162733"}],"version-history":[{"count":0,"href":"https:\/\/diariodominicano.com\/index.php?rest_route=\/wp\/v2\/posts\/162733\/revisions"}],"wp:attachment":[{"href":"https:\/\/diariodominicano.com\/index.php?rest_route=%2Fwp%2Fv2%2Fmedia&parent=162733"}],"wp:term":[{"taxonomy":"category","embeddable":true,"href":"https:\/\/diariodominicano.com\/index.php?rest_route=%2Fwp%2Fv2%2Fcategories&post=162733"},{"taxonomy":"post_tag","embeddable":true,"href":"https:\/\/diariodominicano.com\/index.php?rest_route=%2Fwp%2Fv2%2Ftags&post=162733"}],"curies":[{"name":"wp","href":"https:\/\/api.w.org\/{rel}","templated":true}]}}