{"id":162732,"date":"2014-07-09T17:13:41","date_gmt":"2014-07-09T17:13:41","guid":{"rendered":"http:\/\/diariodominicano.ddns.net\/?p=162732"},"modified":"2014-07-09T17:13:41","modified_gmt":"2014-07-09T17:13:41","slug":"guido-proclama-ganara-85-a-15-a-mvm-y-dejara-sin-efecto-expulsiones-prd","status":"publish","type":"post","link":"https:\/\/diariodominicano.com\/?p=162732","title":{"rendered":"Guido proclama  ganar\u00e1 85% a 15% a MVM y dejar\u00e1 sin efecto expulsiones PRD"},"content":{"rendered":"<p><body><\/p>\n<p><img decoding=\"async\" src=\"img3\/guido 9.jpg\" \/>  <\/p>\n<p>Santiago RD 9 julio.- El aspirante a la presidencia del Partido Revolucionario Dominicano (PRD), Guido G\u00f3mez Mazara, proclam\u00f3 en Santiago que, dejar\u00e1 sin infecto las expulsiones de la organizaci\u00f3n, una vez sea declarado ganador de la convenci\u00f3n programada para el domingo 20 del mes en curso. <\/p>\n<\/p>\n<p>Sentenci\u00f3 que ganar\u00e1 85% a 15% al actual presidente del ? PRD -, Miguel Vargas Maldonado, al tiempo que llam\u00f3 a la militancia a votar masivamente, bien temprano y de manera ordenada, porque el verdadero cambio comienza desde el 20 de julio.    <\/p>\n<\/p>\n<p>Cuestion\u00f3 que la situaci\u00f3n que vive su partido en la provincia de Santiago es preocupante, agregando que igual panorama se vive en otros puntos del territorio nacional, donde muchos de los centros de votaciones para la convenci\u00f3n son casas de dirigentes pol\u00edticos de Miguel Vargas Maldonado.  <\/p>\n<\/p>\n<p>Denunci\u00f3 que en el padr\u00f3n electoral confeccionado por el actual ejecutivo del ?PRD -, figuran miembros del Partido de la Liberaci\u00f3n Dominicana y, en contraste a esto dirigentes como Jos\u00e9 Persia, precandidato a la Alcald\u00eda de Santiago de los Caballeros, no figura en el mismo.  <\/p>\n<\/p>\n<p>Indic\u00f3 que, en el padr\u00f3n tambi\u00e9n hay 4966 personas fallecidas, entre las cuales est\u00e1n Sabas Burgos y el padre del ex alcalde local doctor H\u00e9ctor Grull\u00f3n Moronta.  <\/p>\n<\/p>\n<p>Mazara, acompa\u00f1ado del ingeniero Andr\u00e9s Cueto, su principal figura en Santiago, desde las primeras horas de la ma\u00f1ana de este d\u00eda, ha realizado varias visitas partidarias y a medios de prensa, en procura de afianzar sus posibilidades ganadoras.  <\/p>\n<h6> 2014-07-09 17:13:41 <\/h6>\n<p><!--\n<link rel=\"stylesheet\" href=\"css\/bootstrap.min.css\">\n\n\n<ul class=\"pagination\">\n\t    \n\t\n\n<li >\n\t<a href='?page_no=15107'>Previous<\/a>\n\t<\/li>\n\n\n       \n    \n\n<li><a href='?page_no=1'>1<\/a><\/li>\n\n\n\n<li><a href='?page_no=2'>2<\/a><\/li>\n\n\n\n<li><a>...<\/a><\/li>\n\n\n\n<li><a href='?page_no=15106'>15106<\/a><\/li>\n\n\n\n<li><a href='?page_no=15107'>15107<\/a><\/li>\n\n\n\n<li class='active'><a>15108<\/a><\/li>\n\n\n\n<li><a href='?page_no=15109'>15109<\/a><\/li>\n\n\n\n<li><a href='?page_no=15110'>15110<\/a><\/li>\n\n\n\n<li><a>...<\/a><\/li>\n\n\n\n<li><a href='?page_no=36999'>36999<\/a><\/li>\n\n\n\n<li><a href='?page_no=37000'>37000<\/a><\/li>\n\n    \n\t\n\n<li >\n\t<a href='?page_no=15109'>Next<\/a>\n\t<\/li>\n\n\n    \n\n<li><a href='?page_no=37000'>Last &rsaquo;&rsaquo;<\/a><\/li>\n\n<\/ul>\n\n\n--><br \/>\n<\/body><\/p>\n","protected":false},"excerpt":{"rendered":"<p>Santiago RD 9 julio.- El aspirante a la presidencia del Partido Revolucionario Dominicano (PRD), Guido G\u00f3mez Mazara, proclam\u00f3 en Santiago que, dejar\u00e1 sin infecto las expulsiones de la organizaci\u00f3n, una vez sea declarado ganador de la convenci\u00f3n programada para el domingo 20 del mes en curso. Sentenci\u00f3 que ganar\u00e1 85% a 15% al actual presidente [&hellip;]<\/p>\n","protected":false},"author":3,"featured_media":0,"comment_status":"open","ping_status":"open","sticky":false,"template":"","format":"standard","meta":{"footnotes":""},"categories":[22],"tags":[],"class_list":["post-162732","post","type-post","status-publish","format-standard","hentry","category-politica"],"_links":{"self":[{"href":"https:\/\/diariodominicano.com\/index.php?rest_route=\/wp\/v2\/posts\/162732","targetHints":{"allow":["GET"]}}],"collection":[{"href":"https:\/\/diariodominicano.com\/index.php?rest_route=\/wp\/v2\/posts"}],"about":[{"href":"https:\/\/diariodominicano.com\/index.php?rest_route=\/wp\/v2\/types\/post"}],"author":[{"embeddable":true,"href":"https:\/\/diariodominicano.com\/index.php?rest_route=\/wp\/v2\/users\/3"}],"replies":[{"embeddable":true,"href":"https:\/\/diariodominicano.com\/index.php?rest_route=%2Fwp%2Fv2%2Fcomments&post=162732"}],"version-history":[{"count":0,"href":"https:\/\/diariodominicano.com\/index.php?rest_route=\/wp\/v2\/posts\/162732\/revisions"}],"wp:attachment":[{"href":"https:\/\/diariodominicano.com\/index.php?rest_route=%2Fwp%2Fv2%2Fmedia&parent=162732"}],"wp:term":[{"taxonomy":"category","embeddable":true,"href":"https:\/\/diariodominicano.com\/index.php?rest_route=%2Fwp%2Fv2%2Fcategories&post=162732"},{"taxonomy":"post_tag","embeddable":true,"href":"https:\/\/diariodominicano.com\/index.php?rest_route=%2Fwp%2Fv2%2Ftags&post=162732"}],"curies":[{"name":"wp","href":"https:\/\/api.w.org\/{rel}","templated":true}]}}