{"id":162731,"date":"2014-07-09T17:27:33","date_gmt":"2014-07-09T17:27:33","guid":{"rendered":"http:\/\/diariodominicano.ddns.net\/?p=162731"},"modified":"2014-07-09T17:27:33","modified_gmt":"2014-07-09T17:27:33","slug":"julio-jimenez-dice-es-la-justicia-que-determinara-los-verdaderos-responsables-y-autor-intelectual-hechos-violentos-en-el-pri","status":"publish","type":"post","link":"https:\/\/diariodominicano.com\/?p=162731","title":{"rendered":"Julio Jim\u00e9nez dice es la justicia que determinar\u00e1 los verdaderos responsables y autor intelectual hechos violentos en el PRI"},"content":{"rendered":"<p><body><\/p>\n<p>Julio Jim\u00e9nez dice es la justicia que determinar\u00e1 los verdaderos responsables y autor intelectual hechos violentos en el PRI<\/p>\n<\/p>\n<p>Jim\u00e9nez dice es la justicia que determinar\u00e1 los verdaderos responsables y autor intelectual hechos violentos  en el PRI<\/p>\n<\/p>\n<p>Julio Jim\u00e9nez  aspirante a la presidencia del Partido Revolucionario Independiente PRI, aclar\u00f3 hoy que son las autoridades tanto la Polic\u00eda como el Ministerio Publico  los responsables de aclarar la situaci\u00f3n ocurrida el 12 de junio donde result\u00f3 herido un hombre que no es militante de este partido.<\/p>\n<\/p>\n<p>Jim\u00e9nez, dijo sentirse apenado por la situaci\u00f3n que atraviesa esta organizaci\u00f3n pol\u00edtica y pide a las autoridades intervenir para esclarecer los hechos y los verdaderos culpables paguen debidamente por el mal ocurrido.<\/p>\n<\/p>\n<p> \u00abNadie puede hablar en nombre de la Polic\u00eda Nacional ni de la Justicia, por eso hay que esperar que estos organismo se expresen con relaci\u00f3n a este hecho. Nuestros abogados depositaron una comunicaci\u00f3n al jefe de la Polic\u00eda para que mande a realizar una investigaci\u00f3n exhaustiva\u00bb dijo Jim\u00e9nez.<\/p>\n<p>Adem\u00e1s, inform\u00f3 que las investigaciones y las pruebas bal\u00edsticas preliminares realizada por el DICRIM de la Polic\u00eda, dieron negativa de las personas que se acusaban.<\/p>\n<\/p>\n<p> \u00abEstamos confiados en que  la justicia y la Polic\u00eda Nacional van a  esclarecer los acontecimientos y los verdaderos culpable ser\u00e1n encarcelados\u00bb.<\/p>\n<\/p>\n<p>Apunt\u00f3 que las declaraciones difamatorias del pasado presidente del PRI Trajano Santana y sus hermanos contra  Julio Jim\u00e9nez, solo demuestran su desesperaci\u00f3n de que salga a la luz la verdad y que en los pr\u00f3ximos d\u00edas en Tribunal Superior Electoral anular\u00e1 por s\u00e9ptima vez la supuesta Convenci\u00f3n que realiz\u00f3 .<\/p>\n<p>Insisti\u00f3 que ahora m\u00e1s que nunca trabaja por el fortalecimiento y crecimiento del PRI<\/p>\n<h6> 2014-07-09 17:27:33 <\/h6>\n<p><!--\n<link rel=\"stylesheet\" href=\"css\/bootstrap.min.css\">\n\n\n<ul class=\"pagination\">\n\t    \n\t\n\n<li >\n\t<a href='?page_no=15106'>Previous<\/a>\n\t<\/li>\n\n\n       \n    \n\n<li><a href='?page_no=1'>1<\/a><\/li>\n\n\n\n<li><a href='?page_no=2'>2<\/a><\/li>\n\n\n\n<li><a>...<\/a><\/li>\n\n\n\n<li><a href='?page_no=15105'>15105<\/a><\/li>\n\n\n\n<li><a href='?page_no=15106'>15106<\/a><\/li>\n\n\n\n<li class='active'><a>15107<\/a><\/li>\n\n\n\n<li><a href='?page_no=15108'>15108<\/a><\/li>\n\n\n\n<li><a href='?page_no=15109'>15109<\/a><\/li>\n\n\n\n<li><a>...<\/a><\/li>\n\n\n\n<li><a href='?page_no=36999'>36999<\/a><\/li>\n\n\n\n<li><a href='?page_no=37000'>37000<\/a><\/li>\n\n    \n\t\n\n<li >\n\t<a href='?page_no=15108'>Next<\/a>\n\t<\/li>\n\n\n    \n\n<li><a href='?page_no=37000'>Last &rsaquo;&rsaquo;<\/a><\/li>\n\n<\/ul>\n\n\n--><br \/>\n<\/body><\/p>\n","protected":false},"excerpt":{"rendered":"<p>Julio Jim\u00e9nez dice es la justicia que determinar\u00e1 los verdaderos responsables y autor intelectual hechos violentos en el PRI Jim\u00e9nez dice es la justicia que determinar\u00e1 los verdaderos responsables y autor intelectual hechos violentos en el PRI Julio Jim\u00e9nez aspirante a la presidencia del Partido Revolucionario Independiente PRI, aclar\u00f3 hoy que son las autoridades tanto [&hellip;]<\/p>\n","protected":false},"author":3,"featured_media":0,"comment_status":"open","ping_status":"open","sticky":false,"template":"","format":"standard","meta":{"footnotes":""},"categories":[22],"tags":[],"class_list":["post-162731","post","type-post","status-publish","format-standard","hentry","category-politica"],"_links":{"self":[{"href":"https:\/\/diariodominicano.com\/index.php?rest_route=\/wp\/v2\/posts\/162731","targetHints":{"allow":["GET"]}}],"collection":[{"href":"https:\/\/diariodominicano.com\/index.php?rest_route=\/wp\/v2\/posts"}],"about":[{"href":"https:\/\/diariodominicano.com\/index.php?rest_route=\/wp\/v2\/types\/post"}],"author":[{"embeddable":true,"href":"https:\/\/diariodominicano.com\/index.php?rest_route=\/wp\/v2\/users\/3"}],"replies":[{"embeddable":true,"href":"https:\/\/diariodominicano.com\/index.php?rest_route=%2Fwp%2Fv2%2Fcomments&post=162731"}],"version-history":[{"count":0,"href":"https:\/\/diariodominicano.com\/index.php?rest_route=\/wp\/v2\/posts\/162731\/revisions"}],"wp:attachment":[{"href":"https:\/\/diariodominicano.com\/index.php?rest_route=%2Fwp%2Fv2%2Fmedia&parent=162731"}],"wp:term":[{"taxonomy":"category","embeddable":true,"href":"https:\/\/diariodominicano.com\/index.php?rest_route=%2Fwp%2Fv2%2Fcategories&post=162731"},{"taxonomy":"post_tag","embeddable":true,"href":"https:\/\/diariodominicano.com\/index.php?rest_route=%2Fwp%2Fv2%2Ftags&post=162731"}],"curies":[{"name":"wp","href":"https:\/\/api.w.org\/{rel}","templated":true}]}}