{"id":162727,"date":"2014-07-09T23:01:20","date_gmt":"2014-07-09T23:01:20","guid":{"rendered":"http:\/\/diariodominicano.ddns.net\/?p=162727"},"modified":"2014-07-09T23:01:20","modified_gmt":"2014-07-09T23:01:20","slug":"moreno-advierte-a-legisladores-que-no-se-equivoquen-con-loma-miranda","status":"publish","type":"post","link":"https:\/\/diariodominicano.com\/?p=162727","title":{"rendered":"Moreno advierte a legisladores que no se equivoquen con Loma Miranda"},"content":{"rendered":"<p><body><\/p>\n<p><span class=\"text1noticias\">Santo Domingo, RD, 9 de Julio.-El presidente de Alianza Pa\u00eds, Guillermo Moreno advirti\u00f3 a los legisladores  que el desconocimiento de la voluntad popular justificar\u00eda que los ciudadanos y las ciudadanas se representen a s\u00ed mismos y, por sus propios medios, hagan valer la decisi\u00f3n de convertir a Loma Miranda en Parque Nacional. <\/span><\/p>\n<\/p>\n<p><span class=\"text1noticias\">Tras participar de una concentraci\u00f3n realizada frente al Congreso Nacional por convocatoria de la di\u00f3cesis de La Vega, Moreno asegur\u00f3 que algunos legisladores  se  han vendido, y \u00abest\u00e1n haciendo su papel de entorpecer y ganar tiempo\u00bb para evitar la aprobaci\u00f3n del proyecto de ley sobre Miranda. <\/span><\/p>\n<p><span class=\"text1noticias\"> <\/span><\/p>\n<p><span class=\"text1noticias\">\u00abEl hecho de tener que hacer esta marcha y cientos de otras manifestaciones es porque hay un divorcio profundo entre la ciudadan\u00eda y ese  Congreso Nacional, dominado por una camarilla de legisladores corruptos y antinacionales que vendieron su alma al diablo\u00bb, expres\u00f3 el dirigente pol\u00edtico. <\/span><\/p>\n<\/p>\n<p><span class=\"text1noticias\">A continuaci\u00f3n la declaraci\u00f3n \u00edntegra de Guillermo Moreno a prop\u00f3sito de la marcha-caravana que se desarroll\u00f3 desde La Vega hasta la sede del Poder Legislativo.(HG)<\/span>. <\/p>\n<h6> 2014-07-09 23:01:20 <\/h6>\n<p><!--\n<link rel=\"stylesheet\" href=\"css\/bootstrap.min.css\">\n\n\n<ul class=\"pagination\">\n\t    \n\t\n\n<li >\n\t<a href='?page_no=15102'>Previous<\/a>\n\t<\/li>\n\n\n       \n    \n\n<li><a href='?page_no=1'>1<\/a><\/li>\n\n\n\n<li><a href='?page_no=2'>2<\/a><\/li>\n\n\n\n<li><a>...<\/a><\/li>\n\n\n\n<li><a href='?page_no=15101'>15101<\/a><\/li>\n\n\n\n<li><a href='?page_no=15102'>15102<\/a><\/li>\n\n\n\n<li class='active'><a>15103<\/a><\/li>\n\n\n\n<li><a href='?page_no=15104'>15104<\/a><\/li>\n\n\n\n<li><a href='?page_no=15105'>15105<\/a><\/li>\n\n\n\n<li><a>...<\/a><\/li>\n\n\n\n<li><a href='?page_no=36999'>36999<\/a><\/li>\n\n\n\n<li><a href='?page_no=37000'>37000<\/a><\/li>\n\n    \n\t\n\n<li >\n\t<a href='?page_no=15104'>Next<\/a>\n\t<\/li>\n\n\n    \n\n<li><a href='?page_no=37000'>Last &rsaquo;&rsaquo;<\/a><\/li>\n\n<\/ul>\n\n\n--><br \/>\n<\/body><\/p>\n","protected":false},"excerpt":{"rendered":"<p>Santo Domingo, RD, 9 de Julio.-El presidente de Alianza Pa\u00eds, Guillermo Moreno advirti\u00f3 a los legisladores que el desconocimiento de la voluntad popular justificar\u00eda que los ciudadanos y las ciudadanas se representen a s\u00ed mismos y, por sus propios medios, hagan valer la decisi\u00f3n de convertir a Loma Miranda en Parque Nacional. Tras participar de [&hellip;]<\/p>\n","protected":false},"author":3,"featured_media":0,"comment_status":"open","ping_status":"open","sticky":false,"template":"","format":"standard","meta":{"footnotes":""},"categories":[22],"tags":[],"class_list":["post-162727","post","type-post","status-publish","format-standard","hentry","category-politica"],"_links":{"self":[{"href":"https:\/\/diariodominicano.com\/index.php?rest_route=\/wp\/v2\/posts\/162727","targetHints":{"allow":["GET"]}}],"collection":[{"href":"https:\/\/diariodominicano.com\/index.php?rest_route=\/wp\/v2\/posts"}],"about":[{"href":"https:\/\/diariodominicano.com\/index.php?rest_route=\/wp\/v2\/types\/post"}],"author":[{"embeddable":true,"href":"https:\/\/diariodominicano.com\/index.php?rest_route=\/wp\/v2\/users\/3"}],"replies":[{"embeddable":true,"href":"https:\/\/diariodominicano.com\/index.php?rest_route=%2Fwp%2Fv2%2Fcomments&post=162727"}],"version-history":[{"count":0,"href":"https:\/\/diariodominicano.com\/index.php?rest_route=\/wp\/v2\/posts\/162727\/revisions"}],"wp:attachment":[{"href":"https:\/\/diariodominicano.com\/index.php?rest_route=%2Fwp%2Fv2%2Fmedia&parent=162727"}],"wp:term":[{"taxonomy":"category","embeddable":true,"href":"https:\/\/diariodominicano.com\/index.php?rest_route=%2Fwp%2Fv2%2Fcategories&post=162727"},{"taxonomy":"post_tag","embeddable":true,"href":"https:\/\/diariodominicano.com\/index.php?rest_route=%2Fwp%2Fv2%2Ftags&post=162727"}],"curies":[{"name":"wp","href":"https:\/\/api.w.org\/{rel}","templated":true}]}}