{"id":162726,"date":"2014-07-10T02:31:51","date_gmt":"2014-07-10T02:31:51","guid":{"rendered":"http:\/\/diariodominicano.ddns.net\/?p=162726"},"modified":"2014-07-10T02:31:51","modified_gmt":"2014-07-10T02:31:51","slug":"porque-el-comite-politico-del-pld-anulo-la-directiva-de-europa-central-4","status":"publish","type":"post","link":"https:\/\/diariodominicano.com\/?p=162726","title":{"rendered":"Porqu\u00e9 el Comit\u00e9 Pol\u00edtico del PLD anul\u00f3 la directiva de Europa Central"},"content":{"rendered":"<p><body><\/p>\n<p><img decoding=\"async\" src=\"img3\/10401415_1615143842044968_887066167499802865_n.jpg\" \/>  <\/p>\n<p><strong><span class=\"text1noticias\"> <\/span><\/strong><\/p>\n<p><strong><span class=\"text1noticias\">Por Rafael Hern\u00e1ndez<\/span><\/strong><\/p>\n<p><span class=\"text1noticias\"> <\/span><\/p>\n<p><span class=\"text1noticias\"> <\/span><\/p>\n<p><span class=\"text1noticias\">Dice un viejo refr\u00e1n que lo que mal comienza mal acaba. En efecto, la asamblea eleccionaria realizada en Paris el s\u00e1bado pasado comenz\u00f3 mal. En consecuencia, el Comit\u00e9 Pol\u00edtico en su reuni\u00f3n ordinaria del pasado lunes dispuso la anulaci\u00f3n de la directiva provisional de la regional de Europa Central. Los miembros del partido que se pusieron de acuerdo para reunirse en Paris con el prop\u00f3sito de elegirse ellos mismos como direcci\u00f3n regional, empezaron mal el proceso eleccionario y terminaron con la cara larga y su liderazgo pol\u00edtico en cuestionamiento.<\/span><\/p>\n<p><span class=\"text1noticias\"> <\/span><\/p>\n<p><span class=\"text1noticias\">Las violaciones en que incurrieron los compa\u00f1eros fueron varias. Con su mal proceder, se llevaron de paro los m\u00e9todos de trabajos del partido, la base te\u00f3rica en la que descansan los m\u00e9todos, violaci\u00f3n a la disciplina partidaria y sobre todo la violaci\u00f3n que se cometi\u00f3 contra el articulo N\u00b0 8 de la Linea Organizativa, el cual dice lo siguiente:<\/span><\/p>\n<p><span class=\"text1noticias\"> <\/span><\/p>\n<p><span class=\"text1noticias\"> <\/span><\/p>\n<p><span class=\"text1noticias\"><strong> <\/strong><\/span><\/p>\n<p><span class=\"text1noticias\"><strong>8. SOBRE LA FORMA DE ELECCI\u00d3N DE LAS ESTRUCTURAS INTERNAS<\/strong><\/span><\/p>\n<p><span class=\"text1noticias\"> <\/span><\/p>\n<p><span class=\"text1noticias\">Los Presidentes y los Secretarios Generales de las Direcciones de Provincias, Circunscripciones Electorales, Municipios, de Distritos Municipales, de Bloques de Comit\u00e9s Intermedios, de Comit\u00e9s Intermedios y de las Seccionales, tales como Presidentes de Seccionales Estatales, de Seccionales, de Seccionales Regionales, de Condados, de Distritos Seccionales, ser\u00e1n elegidos mediante el voto universal, individual y secreto de la mayor\u00eda simple de los miembros del Partido que hayan sufragado v\u00e1lidamente, en cada una de sus respectivas demarcaciones. <\/span><\/p>\n<\/p>\n<p><span class=\"text1noticias\">Mas adelante vimos que, al desacatar la advertencia que le hiciera el miembro del Comit\u00e9 Pol\u00edtico y titular de la Secretaria del Dominicano en el Exterior, de que se abstuvieran de formar la Direcci\u00f3n Regional hasta tanto la direcci\u00f3n del partido la convocara, los dirigentes europeos , irrespetaron una orden de un miembro del Comit\u00e9 Pol\u00edtico acto de franca violaci\u00f3n a nuestra disciplina interna, desobediencia la disposici\u00f3n de un organismo superior en t\u00e9rminos de jerarqu\u00eda partidaria.<\/span><\/p>\n<p><span class=\"text1noticias\"> <\/span><\/p>\n<p><span class=\"text1noticias\">Tal y como debieron saber los organizadores asamblea, la figura de \u00abDirecci\u00f3n Provisional\u00bb no existe en las estructuras del PLD. La convocatoria para elegir una direcci\u00f3n \u00abregional provisional\u00bb es una demostraci\u00f3n palmaria del desconocimiento que tienen los compa\u00f1eros de Europa de como funcionan las estructuras del PLD. El montaje, direcci\u00f3n y supervisi\u00f3n de una elecci\u00f3n de esa naturaleza, es \u00abpotestad absoluta\u00bb de la direcci\u00f3n pol\u00edtica del partido. En efecto, el Comit\u00e9 Pol\u00edtico a trav\u00e9s de la Comisi\u00f3n Nacional Electoral es que designa una comisi\u00f3n compuesta por dos \u00f3 tres compa\u00f1eros para dirigir y supervisar el proceso. <\/span><\/p>\n<p><span class=\"text1noticias\"> <\/span><\/p>\n<p><span class=\"text1noticias\">Es tanto as\u00ed, que \u00e9sa comisi\u00f3n debe llevar consigo los materiales que se van a usar en esa elecci\u00f3n, entre los cuales ha de estar, el instructivo conteniendo la metodolog\u00eda que se ha de aplicar en las elecciones. Pero resulta y viene a ser, que los dirigentes de Europa hicieron la elecci\u00f3n entre ellos mismos. Esto es, ellos mismos se convocaron, ellos mismos la montaron, ellos mismos la dirigieron, ellos mismos la supervisaron, y la parte mas amena fue, que ellos mismos se eligieron. Por v\u00eda de consecuencia, la elecci\u00f3n de la regional provisional se realizo con la ausencia total del centralismo democr\u00e1tico, del reglamento parlamentario, del instructivo para elecciones. Mecanismos peledeistas sin los cuales no se garantizan unas elecciones, di\u00e1fanas, transparentes, justas y democr\u00e1ticas.<\/span><\/p>\n<p><span class=\"text1noticias\"> <\/span><\/p>\n<p><span class=\"text1noticias\"> Siguiendo el corolario de violaciones es necesario se\u00f1alar que ning\u00fan comit\u00e9 de base, intermedio, municipal, seccional o regional del partido, tiene autoridad para designar enlace entre ese ellos y el Comit\u00e9 Politico. La designaci\u00f3n de enlaces, en este caso de miembros del Comit\u00e9 Central para enlazar organismos de base, medios, municipales, seccionales y regionales, es potestad plena del Comit\u00e9 Pol\u00edtico. Y adem\u00e1s, es un solo enlace que se designa por organismo, no dos ni cuatro enlaces como se hizo en Paris.<\/span><\/p>\n<p><span class=\"text1noticias\"> <\/span><\/p>\n<p><span class=\"text1noticias\">Es tal el desconocimiento que tienen de los m\u00e9todos de trabajos del partido, que cometieron el absurdo de elegir como miembro de la Directiva a un compa\u00f1ero sin \u00e9ste estar presente en el lugar donde se realizo la elecci\u00f3n. Esto quiere decir que e esa persona se hallaba fuera de Europa en el momento de su elecci\u00f3n. Una persona que no este presente en una reuni\u00f3n donde se va a elegir algo o a alguien; no puede ser elegido bajo ninguna circunstancia, pero. <\/span><\/p>\n<p><span class=\"text1noticias\"> <\/span><\/p>\n<p><span class=\"text1noticias\">La forma en que se intento elegir la direcci\u00f3n regional de Europa y la inmediata Anulaci\u00f3n de la misma, por parte del Comit\u00e9 Pol\u00edtico trajo como resultado algunas lecciones que nosotros deber\u00edamos asimilar para beneficio del partido.<\/span><\/p>\n<p><span class=\"text1noticias\"> <\/span><\/p>\n<p><span class=\"text1noticias\">Debemos tener presente que el PLD se dio unos estatutos, unos m\u00e9todos de trabajo, una base te\u00f3rica en la que descansan esos m\u00e9todos, y que con mucho sacrificio el parido desarroll\u00f3 su disciplina, y toldos ellos constituyen la m\u00edstica peledeista. Y el conjunto de todo eso junto a la m\u00edstica son de hecho pilares del Boschsimo, teor\u00eda pol\u00edtica y filos\u00f3fica del PLD; para que todos los miembros y militantes, especialmente los que se hacen llamar dirigentes y l\u00edderes, los estudien, los analicen, los aprendan y los pongan en practica en todas las asambleas a realizarse en el PLD.<\/span><\/p>\n<p><span class=\"text1noticias\"> <\/span><\/p>\n<p><span class=\"text1noticias\">De manera que, una lecci\u00f3n que hemos sacado es que ya sabemos, que para que el Comit\u00e9 Pol\u00edtico no nos anule ninguna decisi\u00f3n tomada org\u00e1nicamente, debemos hacer todas nuestras actividades apegadas a los m\u00e9todos el partido. Que solo estudiando los m\u00e9todos de trabajos del parido, el centralismo democr\u00e1tico, el reglamento parlamentario, la base te\u00f3rica y mantener la disciplina, podemos hacer todas las actividades apegadas a los m\u00e9todos.<\/span><\/p>\n<p><span class=\"text1noticias\"> <\/span><\/p>\n<p><span class=\"text1noticias\">Porque cuando un organismo superior inmediato anula una medida tomada por otro organismo, de forma inmediata, los dirigentes del organismo afectado, quedan desautorizados como l\u00edderes y como dirigentes ante la base que le sigue. en tal virtud, os compa\u00f1eros que los ve\u00edan como lideres, les pierden el respeto en t\u00e9rminos pol\u00edticos.<\/span><\/p>\n<p><span class=\"text1noticias\"> <\/span><\/p>\n<p><span class=\"text1noticias\">Finalmente, creemos que la acertada medida tomada por el Comit\u00e9 Pol\u00edtico env\u00eda un claro mensaje; y es que al parecer, nos estamos acercando a la aplicaci\u00f3n de los m\u00e9todos, los estatutos y la disciplina en el PLD. Que solo cumpliendo y haciendo que se cumplan los m\u00e9todos de trabajos y los estatutos del partido podemos rescatar la disciplina del parido. \u00danica garant\u00eda para volver a los principios que le dieron origen al PLD.<\/span><\/p>\n<\/p>\n<p><strong>     Rafael Hernandez<\/strong><\/p>\n<p><strong> <\/strong><\/p>\n<p>&#8230;<\/p>\n<h6> 2014-07-10 02:31:51 <\/h6>\n<p><!--\n<link rel=\"stylesheet\" href=\"css\/bootstrap.min.css\">\n\n\n<ul class=\"pagination\">\n\t    \n\t\n\n<li >\n\t<a href='?page_no=15101'>Previous<\/a>\n\t<\/li>\n\n\n       \n    \n\n<li><a href='?page_no=1'>1<\/a><\/li>\n\n\n\n<li><a href='?page_no=2'>2<\/a><\/li>\n\n\n\n<li><a>...<\/a><\/li>\n\n\n\n<li><a href='?page_no=15100'>15100<\/a><\/li>\n\n\n\n<li><a href='?page_no=15101'>15101<\/a><\/li>\n\n\n\n<li class='active'><a>15102<\/a><\/li>\n\n\n\n<li><a href='?page_no=15103'>15103<\/a><\/li>\n\n\n\n<li><a href='?page_no=15104'>15104<\/a><\/li>\n\n\n\n<li><a>...<\/a><\/li>\n\n\n\n<li><a href='?page_no=36999'>36999<\/a><\/li>\n\n\n\n<li><a href='?page_no=37000'>37000<\/a><\/li>\n\n    \n\t\n\n<li >\n\t<a href='?page_no=15103'>Next<\/a>\n\t<\/li>\n\n\n    \n\n<li><a href='?page_no=37000'>Last &rsaquo;&rsaquo;<\/a><\/li>\n\n<\/ul>\n\n\n--><br \/>\n<\/body><\/p>\n","protected":false},"excerpt":{"rendered":"<p>Por Rafael Hern\u00e1ndez Dice un viejo refr\u00e1n que lo que mal comienza mal acaba. En efecto, la asamblea eleccionaria realizada en Paris el s\u00e1bado pasado comenz\u00f3 mal. En consecuencia, el Comit\u00e9 Pol\u00edtico en su reuni\u00f3n ordinaria del pasado lunes dispuso la anulaci\u00f3n de la directiva provisional de la regional de Europa Central. Los miembros del [&hellip;]<\/p>\n","protected":false},"author":3,"featured_media":0,"comment_status":"open","ping_status":"open","sticky":false,"template":"","format":"standard","meta":{"footnotes":""},"categories":[22],"tags":[],"class_list":["post-162726","post","type-post","status-publish","format-standard","hentry","category-politica"],"_links":{"self":[{"href":"https:\/\/diariodominicano.com\/index.php?rest_route=\/wp\/v2\/posts\/162726","targetHints":{"allow":["GET"]}}],"collection":[{"href":"https:\/\/diariodominicano.com\/index.php?rest_route=\/wp\/v2\/posts"}],"about":[{"href":"https:\/\/diariodominicano.com\/index.php?rest_route=\/wp\/v2\/types\/post"}],"author":[{"embeddable":true,"href":"https:\/\/diariodominicano.com\/index.php?rest_route=\/wp\/v2\/users\/3"}],"replies":[{"embeddable":true,"href":"https:\/\/diariodominicano.com\/index.php?rest_route=%2Fwp%2Fv2%2Fcomments&post=162726"}],"version-history":[{"count":0,"href":"https:\/\/diariodominicano.com\/index.php?rest_route=\/wp\/v2\/posts\/162726\/revisions"}],"wp:attachment":[{"href":"https:\/\/diariodominicano.com\/index.php?rest_route=%2Fwp%2Fv2%2Fmedia&parent=162726"}],"wp:term":[{"taxonomy":"category","embeddable":true,"href":"https:\/\/diariodominicano.com\/index.php?rest_route=%2Fwp%2Fv2%2Fcategories&post=162726"},{"taxonomy":"post_tag","embeddable":true,"href":"https:\/\/diariodominicano.com\/index.php?rest_route=%2Fwp%2Fv2%2Ftags&post=162726"}],"curies":[{"name":"wp","href":"https:\/\/api.w.org\/{rel}","templated":true}]}}